{"id":2255,"date":"2013-12-20T09:21:46","date_gmt":"2013-12-20T15:21:46","guid":{"rendered":"http:\/\/catolicasmexico.com\/blog\/?p=2255"},"modified":"2013-12-24T17:35:58","modified_gmt":"2013-12-24T23:35:58","slug":"la-onu-quiere-legalizar-el-aborto-en-el-principado-de-andorra","status":"publish","type":"post","link":"http:\/\/catolicasmexico.com\/blog\/la-onu-quiere-legalizar-el-aborto-en-el-principado-de-andorra\/","title":{"rendered":"La ONU quiere legalizar el aborto en el Principado de Andorra."},"content":{"rendered":"<p><a href=\"http:\/\/catolicasmexico.com\/blog\/wp-content\/uploads\/2013\/12\/20131220-103014.jpg\"><img src=\"http:\/\/catolicasmexico.com\/blog\/wp-content\/uploads\/2013\/12\/20131220-103014.jpg\" alt=\"20131220-103014.jpg\" class=\"alignnone size-full\"  \/> <\/a><\/p>\n<p>EE.UU.-(AGENCIALAVOZ) El Comit\u00e9 para la eliminaci\u00f3n de la discriminaci\u00f3n contra la mujer (CEDAW) de las Naciones Unidas ha emitido recientemente un informe en el que insta al Principado de Andorra a legalizar el aborto.<\/p>\n<p>En su escrito, este comit\u00e9 \u00abhace notar con preocupaci\u00f3n\u00bb que \u00abla interpretaci\u00f3n del derecho a la vida en la Constituci\u00f3n\u00bb de este pa\u00eds es \u00abuna limitaci\u00f3n de los derechos de salud sexual y reproductiva de las mujeres\u00bb y \u00abexhorta\u00bb al Estado a \u00abdespenalizar el aborto y facilitar el acceso al aborto legal en casos de riesgo para la vida o la salud de la mujer embarazada, violaci\u00f3n, incesto y malformaci\u00f3n fetal grave\u00bb<\/p>\n<p>Estas recomendaciones son fruto de la comparecencia de la delegaci\u00f3n andorrana ante el comit\u00e9 del CEDAW a principios del mes de Octubre en Ginebra, seg\u00fan ha informado el Diari d&#8217;Andorra. En el documento, entre otras cuestiones este organismo de la ONU pide tambi\u00e9n al peque\u00f1o Estado que \u00abgarantice un acceso asequible para las mujeres y las ni\u00f1as a los m\u00e9todos modernos de anticoncepci\u00f3n y las eduque sobre los riesgos del embarazo precoz y las enfermedades de transmisi\u00f3n sexual, incluido el VIH\/SIDA\u00bb.<\/p>\n<p>El CEDAW tiene una agenda que cumplir para implantar la ideolog\u00eda de g\u00e9nero y el supuesto derecho al aborto en todo el mundo. En este sentido, el comit\u00e9 pretende tener resueltas y recogidas todas estas cuestiones de cara al pr\u00f3ximo informe que ha de entregar Andorra en octubre de 2017. Aunque la delegaci\u00f3n andorrana esperaba las referencias sobre el aborto, las observaciones de las Naciones Unidas van mucho m\u00e1s all\u00e1 de lo previsto, al afectar directamente a su Constituci\u00f3n, al derecho a la vida y pedir su despenalizaci\u00f3n.<\/p>\n","protected":false},"excerpt":{"rendered":"<p>EE.UU.-(AGENCIALAVOZ) El Comit\u00e9 para la eliminaci\u00f3n de la discriminaci\u00f3n contra la mujer (CEDAW) de las Naciones Unidas ha emitido recientemente un informe en el que insta al Principado de Andorra a legalizar el aborto. En su escrito, este comit\u00e9 \u00abhace notar con preocupaci\u00f3n\u00bb que \u00abla interpretaci\u00f3n del derecho a la vida en la Constituci\u00f3n\u00bb de [&hellip;]<\/p>\n","protected":false},"author":2,"featured_media":2254,"comment_status":"open","ping_status":"open","sticky":false,"template":"","format":"standard","meta":{"spay_email":"","jetpack_publicize_message":"","jetpack_is_tweetstorm":false},"categories":[9,70],"tags":[718,252],"aioseo_notices":[],"jetpack_featured_media_url":"http:\/\/catolicasmexico.com\/blog\/wp-content\/uploads\/2013\/12\/20131220-103014.jpg","jetpack_publicize_connections":[],"jetpack_shortlink":"https:\/\/wp.me\/p3B5XH-An","jetpack-related-posts":[{"id":1718,"url":"http:\/\/catolicasmexico.com\/blog\/ecuador-human-right-watch-presiona-para-legalizar-el-aborto\/","url_meta":{"origin":2255,"position":0},"title":"Ecuador : Human Right Watch presiona para legalizar el aborto.","date":"29 agosto 2013","format":false,"excerpt":"Noticia Agencialavoz. Edici\u00f3n www.catolicasmexico.com ECUADOR.-(AGENCIALAVOZ) Contin\u00faa el proceso para extender el crimen del aborto en Am\u00e9rica. HRW (Human Right Watch), la ONG autodenominada \u00abdefensora de los Derechos Humanos\u00bb, quiere que el gobierno de Ecuador modifique su legislaci\u00f3n para que se pueda abortar libremente en casos de \u00abviolencia sexual\u00bb. La Asamblea\u2026","rel":"","context":"En \u00abAborto\u00bb","img":{"alt_text":"","src":"","width":0,"height":0},"classes":[]},{"id":1746,"url":"http:\/\/catolicasmexico.com\/blog\/rusia-quiere-nuevas-leyes-para-restringir-al-aborto\/","url_meta":{"origin":2255,"position":1},"title":"Rusia quiere  nuevas leyes para restringir al aborto.","date":"4 septiembre 2013","format":false,"excerpt":"Del sitio www.cqv.cq.ca original del sitio de la voz de Rusia. 03 de septiembre de 2013. Traducci\u00f3n y edici\u00f3n libre www.catolicasmexico.com La l\u00edder del Comit\u00e9 de la Duma Estatal de la familia prepara las enmiendas para endurecer la ley sobre el aborto. La elegida propone regular el procedimiento del aborto,\u2026","rel":"","context":"En \u00abAborto\u00bb","img":{"alt_text":"","src":"","width":0,"height":0},"classes":[]},{"id":1169,"url":"http:\/\/catolicasmexico.com\/blog\/4-diputados-que-votaron-contra-el-proyecto-de-ley-para-legalizar-el-aborto-en-irlanda-han-sido-expulsados-de-su-partido\/","url_meta":{"origin":2255,"position":2},"title":"4 Diputados que votaron contra el proyecto de ley para legalizar el aborto en Irlanda han sido expulsados de su partido","date":"10 julio 2013","format":false,"excerpt":"Del blog de www.cqv.qc.ca original del blog de Jeanne Smits. Traducci\u00f3n y edici\u00f3n libre www.catolicasmexico.com Tras la primera votaci\u00f3n que fue favorable (138 votos contra 24 en la c\u00e1mara baja) a la ley, que pone fin a la prohibici\u00f3n del aborto en Irlanda - en 24 horas - cuatro miembros\u2026","rel":"","context":"En \u00abAborto\u00bb","img":{"alt_text":"","src":"","width":0,"height":0},"classes":[]},{"id":1455,"url":"http:\/\/catolicasmexico.com\/blog\/en-irlanda-los-senadores-no-quiere-saber-como-se-hace-un-aborto\/","url_meta":{"origin":2255,"position":3},"title":"En Irlanda los senadores no quiere saber como se hace un aborto...","date":"29 julio 2013","format":false,"excerpt":"Del blog de www.cqv.cq.ca original del blog de Jeanne Smits. Traducci\u00f3n y edici\u00f3n libre Alejandro P. de www.catolicasmexico.com Jim Walsh, senador irland\u00e9s del partido Fianna F\u00e1il ,que form\u00f3 parte de aquellos que lucharon contra la aprobaci\u00f3n de la ley de aborto en Irlanda, hace una semana fue atacado fuertemente por\u2026","rel":"","context":"En \u00abAborto\u00bb","img":{"alt_text":"","src":"","width":0,"height":0},"classes":[]},{"id":688,"url":"http:\/\/catolicasmexico.com\/blog\/derecho-a-vivir-critica-las-mentiras-del-lobby-del-aborto-en-caso-beatriz\/","url_meta":{"origin":2255,"position":4},"title":"Derecho a Vivir critica las mentiras del lobby del aborto en caso \u201cBeatriz\u201d","date":"3 junio 2013","format":false,"excerpt":"Noticia de ETWN. \u201cBeatriz\u201d nunca quiso aborto: La estafa del lobby de la muerte. Derecho a Vivir critica las mentiras del lobby del aborto en caso \u201cBeatriz\u201d El fallo emitido por la Sala de lo Constitucional de la Corte Suprema de Justicia (CSJ) de El Salvador el 29 de mayo,\u2026","rel":"","context":"En \u00abAborto\u00bb","img":{"alt_text":"","src":"","width":0,"height":0},"classes":[]},{"id":721,"url":"http:\/\/catolicasmexico.com\/blog\/el-salvador-beatriz-no-aborto-y-dio-a-luz-a-su-hija-con-anencefalia\/","url_meta":{"origin":2255,"position":5},"title":"El Salvador: \"Beatriz\" no abort\u00f3 y dio a luz a su hija con anencefalia","date":"4 junio 2013","format":false,"excerpt":"SAN SALVADOR, 04 Jun. 13 \/ 12:15 pm (ACI\/EWTN Noticias).- \"Beatriz\" -nombre ficticio- una joven de 22 a\u00f1os que padece lupus y estaba embarazada de una ni\u00f1a con anencefalia, no se someti\u00f3 a un aborto y dio a luz a trav\u00e9s de una ces\u00e1rea ayer, alrededor del mediod\u00eda (hora de\u2026","rel":"","context":"En \u00abAborto\u00bb","img":{"alt_text":"","src":"","width":0,"height":0},"classes":[]}],"jetpack_likes_enabled":false,"jetpack_sharing_enabled":true,"_links":{"self":[{"href":"http:\/\/catolicasmexico.com\/blog\/wp-json\/wp\/v2\/posts\/2255"}],"collection":[{"href":"http:\/\/catolicasmexico.com\/blog\/wp-json\/wp\/v2\/posts"}],"about":[{"href":"http:\/\/catolicasmexico.com\/blog\/wp-json\/wp\/v2\/types\/post"}],"author":[{"embeddable":true,"href":"http:\/\/catolicasmexico.com\/blog\/wp-json\/wp\/v2\/users\/2"}],"replies":[{"embeddable":true,"href":"http:\/\/catolicasmexico.com\/blog\/wp-json\/wp\/v2\/comments?post=2255"}],"version-history":[{"count":2,"href":"http:\/\/catolicasmexico.com\/blog\/wp-json\/wp\/v2\/posts\/2255\/revisions"}],"predecessor-version":[{"id":2288,"href":"http:\/\/catolicasmexico.com\/blog\/wp-json\/wp\/v2\/posts\/2255\/revisions\/2288"}],"wp:featuredmedia":[{"embeddable":true,"href":"http:\/\/catolicasmexico.com\/blog\/wp-json\/wp\/v2\/media\/2254"}],"wp:attachment":[{"href":"http:\/\/catolicasmexico.com\/blog\/wp-json\/wp\/v2\/media?parent=2255"}],"wp:term":[{"taxonomy":"category","embeddable":true,"href":"http:\/\/catolicasmexico.com\/blog\/wp-json\/wp\/v2\/categories?post=2255"},{"taxonomy":"post_tag","embeddable":true,"href":"http:\/\/catolicasmexico.com\/blog\/wp-json\/wp\/v2\/tags?post=2255"}],"curies":[{"name":"wp","href":"https:\/\/api.w.org\/{rel}","templated":true}]}}