{"id":2244,"date":"2013-12-16T12:37:47","date_gmt":"2013-12-16T18:37:47","guid":{"rendered":"http:\/\/catolicasmexico.com\/blog\/?p=2244"},"modified":"2013-12-24T17:36:00","modified_gmt":"2013-12-24T23:36:00","slug":"no-olvides-mexico-la-consagracion-al-sacratisimo-corazon-de-cristo-rey","status":"publish","type":"post","link":"http:\/\/catolicasmexico.com\/blog\/no-olvides-mexico-la-consagracion-al-sacratisimo-corazon-de-cristo-rey\/","title":{"rendered":"No olvides M\u00e9xico La Consagraci\u00f3n al Sacrat\u00edsimo Coraz\u00f3n de Cristo Rey."},"content":{"rendered":"<p><a href=\"http:\/\/catolicasmexico.com\/blog\/wp-content\/uploads\/2013\/12\/20131216-1343231.jpg\"><img src=\"http:\/\/catolicasmexico.com\/blog\/wp-content\/uploads\/2013\/12\/20131216-1343231.jpg\" alt=\"20131216-134323.jpg\" class=\"alignnone size-full\"  \/> <\/a><\/p>\n<p>Consagraci\u00f3n al Sacrat\u00edsimo Coraz\u00f3n de Cristo Rey<\/p>\n<p>Acto de proclamaci\u00f3n del Sagrado Coraz\u00f3n de Jes\u00fas como Rey de M\u00e9xico y juramento de fidelidad y vasallaje.<\/p>\n<p>Coraz\u00f3n Sacrat\u00edsimo del Rey pac\u00edfico: radiante de j\u00fabilo como fieles vasallos, venimos hoy a postrarnos al pie de tu  trono y gozosos te proclamamos a la faz del mundo: REY INMORTAL DE LA NACION MEXICANA, al acatar tu Soberan\u00eda sobre todos los pueblos.<\/p>\n<p>Queremos coronar tu frente, \u00a1Oh Cristo Rey!, con una diadema de corazones mexicanos y poner en u manos, el cetro de u n poder absoluto, para que rijas y gobiernes a tu pueblo amado. Eres Rey como afirmaste en tu pasi\u00f3n, \u00a1porque eres el Hijo de Dios! Por lo tanto, \u00a1Oh Monarca amabil\u00edsimo!, este pueblo tuyo, que tiene hambre y sed de justicia, que se ampara en tu celestial Realeza, te promete entronizar  tu Coraz\u00f3n en todos sus hogares, pobres o ricos y rendirte el homenaje que mereces, reconociendo tus derechos sant\u00edsimos sobre todo el orbe.<\/p>\n<p>Consagramos a tu Coraz\u00f3n Sagrado, la Iglesia de M\u00e9xico con todos sus Pastores, Ministros y Comunidades religiosas; la Patria querida con todos sus hogares, las familias con todos sus miembros; ancianos, j\u00f3venes o ni\u00f1os; a los amigos y a los enemigos y muy particularmente, a las madres, las esposas y las hijas, destinadas a modelar el coraz\u00f3n del futuro pueblo mexicano, para que triunfes y reines en todos los habitantes de esta Naci\u00f3n.<\/p>\n<p>Todos \u00a1Oh Cristo Rey!, con ardiente j\u00fabilo te juramos fidelidad como nobles generosos vasallos. Habla, pues, manda, reclama y exige con imperio: p\u00eddenos la sangre y la vida, que son tuyas, por que totalmente te pertenecemos; resueltos estamos a d\u00e1rtelos por defender tu bandera hasta que triunfe y sea exaltado, reverenciado y amado para siempre tu herido Coraz\u00f3n.<\/p>\n<p>Ya reina en M\u00e9xico tu Coraz\u00f3n divino y desde la santa Monta\u00f1a consagrada a ti, enjugar\u00e1 las l\u00e1grimas, resta\u00f1ar\u00e1 la sangre, curar\u00e1 las heridas de esta Rep\u00fablica conquistada por Mar\u00eda de Guadalupe. T\u00fa dominar\u00e1s en ella con el cetro suav\u00edsimo de tu misericordia y en la paz como en la guerra, en la agitaci\u00f3n como en la tranquilidad, nos ver\u00e1s con benignos ojos  y extender\u00e1s tus benditas y poderosas manos para bendecirnos. Y nosotros, con todas las generaciones futuras, te aclamaremos nuestro Rey y Salvador. All\u00e1 volar\u00e1n las muchedumbres a  pedirte gracias y a ofrecerte, con alma y vida, guardar tu  santa Ley: y t\u00fa, Redentor amoroso de los hombres, atrae a tu Coraz\u00f3n adorable a los pecadores para convertirlos.<\/p>\n<p>Recobra el dominio  sobre tantas almas ap\u00f3statas, desorientadas y enga\u00f1adas con falsas y perversas doctrinas; conserva  la fe en nosotros y despr\u00e9ndenos de los miserables bienes del mundo; calma los odios y une a los hermanos; ilumina a los ciegos; perdona a los ingratos; pero, sobre todo, concede a tu Iglesia la libertad y la paz por la que tanto suspiramos. Derrite con el fuego de tu divino pecho, misericordioso Jes\u00fas, el  hielo de las almas; establece tus reales en todos los pueblos de nuestro pa\u00eds y penetre tu caridad a las c\u00e1rceles, a los hospitales, a las escuelas, a los talleres; haz en trono para ti en cada coraz\u00f3n mexicano, porque los Pastores y las ovejas, los padres y los hijos, nos gloriamos en ser tuyos. Danos, por fin, una santa muerte, sepult\u00e1ndonos en la herida preciosa de tu Coraz\u00f3n de amor, para resucitar  en los esplendores del cielo, cantando eternamente:<\/p>\n<p>CORAZON SANTO<\/p>\n<p>TU REINAS YA<\/p>\n<p>MEXICO TUYO<\/p>\n<p>SIEMPRE SERA.<\/p>\n<p>El Acto de Consagraci\u00f3n al Sacrat\u00edsimo Coraz\u00f3n de Cristo Rey se realiz\u00f3 la primera vez<br \/>\npor el Episcopado Mexicano en pleno, durante el Primer Congreso Eucar\u00edstico Nacional celebrado del 5 al 12 de octubre de 1924<\/p>\n","protected":false},"excerpt":{"rendered":"<p>Consagraci\u00f3n al Sacrat\u00edsimo Coraz\u00f3n de Cristo Rey Acto de proclamaci\u00f3n del Sagrado Coraz\u00f3n de Jes\u00fas como Rey de M\u00e9xico y juramento de fidelidad y vasallaje. Coraz\u00f3n Sacrat\u00edsimo del Rey pac\u00edfico: radiante de j\u00fabilo como fieles vasallos, venimos hoy a postrarnos al pie de tu trono y gozosos te proclamamos a la faz del mundo: REY [&hellip;]<\/p>\n","protected":false},"author":2,"featured_media":2243,"comment_status":"open","ping_status":"open","sticky":false,"template":"","format":"standard","meta":{"spay_email":"","jetpack_publicize_message":"","jetpack_is_tweetstorm":false},"categories":[25,13,57],"tags":[250,727],"aioseo_notices":[],"jetpack_featured_media_url":"http:\/\/catolicasmexico.com\/blog\/wp-content\/uploads\/2013\/12\/20131216-1343231.jpg","jetpack_publicize_connections":[],"jetpack_shortlink":"https:\/\/wp.me\/p3B5XH-Ac","jetpack-related-posts":[{"id":2963,"url":"http:\/\/catolicasmexico.com\/blog\/acto-de-proclamacion-del-sagrado-corazon-de-jesus-como-rey-de-mexico-y-juramento-de-fidelidad-y-vasallaje\/","url_meta":{"origin":2244,"position":0},"title":"Acto de proclamaci\u00f3n del Sagrado Coraz\u00f3n de Jes\u00fas como Rey de Mexico y juramento de fidelidad y vasallaje.","date":"29 mayo 2014","format":false,"excerpt":"Coraz\u00f3n Sacrat\u00edsimo del Rey pac\u00edfico: radiante de j\u00fabilo como fieles vasallos, venimos hoy a postrarnos al pie de tu trono y gozosos te proclamamos a la faz del mundo, REY INMORTAL DE LA NACI\u00d3N MEXICANA, al acatar tu Soberan\u00eda sobre todos los pueblos. Quermos coronar tu frente, \u00a1oh Cristo Rey!\u2026","rel":"","context":"En \u00abFe\u00bb","img":{"alt_text":"","src":"","width":0,"height":0},"classes":[]},{"id":3583,"url":"http:\/\/catolicasmexico.com\/blog\/el-dia-12-a-las-12-del-dia-mexico-sera-consagrado-al-sagrado-corazon-de-jesus-y-al-inmaculado-corazon-de-maria\/","url_meta":{"origin":2244,"position":1},"title":"El d\u00eda 12 a las 12 del d\u00eda Mexico ser\u00e1 consagrado al Sagrado Coraz\u00f3n de Jes\u00fas y al inmaculado Coraz\u00f3n de Maria  .","date":"10 diciembre 2014","format":false,"excerpt":"gloria. Consagraci\u00f3n al Inmaculado Coraz\u00f3n de Mar\u00eda. Madre de Dios y Madre Nuestra, a tu Coraz\u00f3n lnmaculado nos consagramos, en acto de entrega total al Se\u00f1or. Par ti seremos llevados a Cristo y con El y par El seremos llevados al Padre. Caminaremos a Ia luz de Ia fe, \"Consagraci\u00f3n\u2026","rel":"","context":"En \u00abFe\u00bb","img":{"alt_text":"","src":"https:\/\/i2.wp.com\/catolicasmexico.com\/blog\/wp-content\/uploads\/2014\/12\/IMG_0113.jpg?resize=350%2C200","width":350,"height":200},"classes":[]},{"id":1703,"url":"http:\/\/catolicasmexico.com\/blog\/los-cristeros-y-su-viril-ideal\/","url_meta":{"origin":2244,"position":2},"title":"LOS CRISTEROS Y SU VIRIL IDEAL","date":"27 agosto 2013","format":false,"excerpt":"Art\u00edculo original de\u00a0http:\/\/radiocristiandad.wordpress.com\u00a0comentario de Alejandro P. para catolicasmexico.com NECESITAMOS QUE \u00c9L REINE Aqu\u00e9l por el que M\u00e9xico luch\u00f3 y muri\u00f3 hace 84 a\u00f1os. Sus enemigos los llamaron \u201cCristeros\u201d por su grito de guerra:\u00a0\u00a1Viva Cristo Rey!\u00a0Ese bendito grito que empez\u00f3 a o\u00edrse en nuestra Patria por primera vez en 1854, cuando\u2026","rel":"","context":"En \u00abFe\u00bb","img":{"alt_text":"","src":"https:\/\/i1.wp.com\/catolicasmexico.com\/blog\/wp-content\/uploads\/2013\/08\/christusrex.jpg?resize=350%2C200","width":350,"height":200},"classes":[]},{"id":2303,"url":"http:\/\/catolicasmexico.com\/blog\/letanias-al-sagrado-corazon-de-jesus\/","url_meta":{"origin":2244,"position":3},"title":"LETAN\u00cdAS AL SAGRADO CORAZ\u00d3N DE JES\u00daS","date":"30 diciembre 2013","format":false,"excerpt":"Se\u00f1or, ten piedad de nosotros. Cristo, ten piedad de nosotros. Se\u00f1or, ten piedad de nosotros. Cristo, \u00f3yenos. Cristo, esc\u00fachanos. (A las siguientes invocaciones se responde: \"TEN PIEDAD DE NOSOTROS\") Dios, Padre Celestial, -... Dios Hijo, Redentor del mundo, -... Dios, Esp\u00edritu Santo, -... Sant\u00edsima Trinidad, que eres un solo Dios...-\u2026","rel":"","context":"En \u00abLetanias\u00bb","img":{"alt_text":"","src":"https:\/\/i2.wp.com\/catolicasmexico.com\/blog\/wp-content\/uploads\/2014\/01\/20140109-132708.jpg?resize=350%2C200","width":350,"height":200},"classes":[]},{"id":4427,"url":"http:\/\/catolicasmexico.com\/blog\/via-crucis-en-compania-del-sacratisimo-corazon-de-jesus\/","url_meta":{"origin":2244,"position":4},"title":"Via crucis en compa\u00f1\u00eda del Sacrat\u00edsimo Coraz\u00f3n de Jes\u00fas.\u00a0","date":"29 julio 2016","format":false,"excerpt":"\u00a0Indulgencia Plenaria. Despu\u00e9s de la lectura en cada estaci\u00f3n se reza un Padre Nuestro, un Ave Mar\u00eda y un Gloria. Al terminar se rezan 5 Padre Nuestro, Ave Mar\u00eda y gloria en honor de las llagas de Nuestro Se\u00f1or. Por \u00faltimo se rezan por las intenciones del Santo Padre.\u00a0 +Primer\u2026","rel":"","context":"En \u00abOraciones\u00bb","img":{"alt_text":"","src":"https:\/\/i2.wp.com\/catolicasmexico.com\/blog\/wp-content\/uploads\/2016\/09\/IMG_0832.jpg?resize=350%2C200","width":350,"height":200},"classes":[]},{"id":3695,"url":"http:\/\/catolicasmexico.com\/blog\/gloria-a-dios-viva-cristo-rey-viva-la-santisima-virgen-de-guadalupe-2-centros-de-exterminio-prenatal-fueron-cerrados\/","url_meta":{"origin":2244,"position":5},"title":"\u00a1Gloria a Dios, Viva Cristo Rey, Viva la Sant\u00edsima Virgen de Guadalupe! 2 centros de exterminio prenatal fueron cerrados.\u00a0","date":"13 abril 2015","format":false,"excerpt":"En el sitio de 40 days for life internacional se puede leer : noticia de \u00faltimo minuto dos de las tres cl\u00ednicas de aborto en la regi\u00f3n metropolitana de m\u00e9xico city acaban de cerrar.Una de las cl\u00ednicas era l\u00edder en la rep\u00fablica Marie stopes en la colonia roma. La cl\u00ednica\u2026","rel":"","context":"En \u00ab40 D\u00edas por la vida\u00bb","img":{"alt_text":"","src":"https:\/\/i0.wp.com\/catolicasmexico.com\/blog\/wp-content\/uploads\/2015\/04\/IMG_0238.jpg?resize=350%2C200","width":350,"height":200},"classes":[]}],"jetpack_likes_enabled":false,"jetpack_sharing_enabled":true,"_links":{"self":[{"href":"http:\/\/catolicasmexico.com\/blog\/wp-json\/wp\/v2\/posts\/2244"}],"collection":[{"href":"http:\/\/catolicasmexico.com\/blog\/wp-json\/wp\/v2\/posts"}],"about":[{"href":"http:\/\/catolicasmexico.com\/blog\/wp-json\/wp\/v2\/types\/post"}],"author":[{"embeddable":true,"href":"http:\/\/catolicasmexico.com\/blog\/wp-json\/wp\/v2\/users\/2"}],"replies":[{"embeddable":true,"href":"http:\/\/catolicasmexico.com\/blog\/wp-json\/wp\/v2\/comments?post=2244"}],"version-history":[{"count":2,"href":"http:\/\/catolicasmexico.com\/blog\/wp-json\/wp\/v2\/posts\/2244\/revisions"}],"predecessor-version":[{"id":2291,"href":"http:\/\/catolicasmexico.com\/blog\/wp-json\/wp\/v2\/posts\/2244\/revisions\/2291"}],"wp:featuredmedia":[{"embeddable":true,"href":"http:\/\/catolicasmexico.com\/blog\/wp-json\/wp\/v2\/media\/2243"}],"wp:attachment":[{"href":"http:\/\/catolicasmexico.com\/blog\/wp-json\/wp\/v2\/media?parent=2244"}],"wp:term":[{"taxonomy":"category","embeddable":true,"href":"http:\/\/catolicasmexico.com\/blog\/wp-json\/wp\/v2\/categories?post=2244"},{"taxonomy":"post_tag","embeddable":true,"href":"http:\/\/catolicasmexico.com\/blog\/wp-json\/wp\/v2\/tags?post=2244"}],"curies":[{"name":"wp","href":"https:\/\/api.w.org\/{rel}","templated":true}]}}