{"id":2240,"date":"2013-12-16T11:50:49","date_gmt":"2013-12-16T17:50:49","guid":{"rendered":"http:\/\/catolicasmexico.com\/blog\/?p=2240"},"modified":"2013-12-24T17:36:00","modified_gmt":"2013-12-24T23:36:00","slug":"en-espana-el-psoe-se-compromete-a-volver-a-legislar-a-favor-del-aborto-libre","status":"publish","type":"post","link":"http:\/\/catolicasmexico.com\/blog\/en-espana-el-psoe-se-compromete-a-volver-a-legislar-a-favor-del-aborto-libre\/","title":{"rendered":"En Espa\u00f1a el PSOE se compromete a volver a legislar a favor del aborto libre."},"content":{"rendered":"<p><a href=\"http:\/\/catolicasmexico.com\/blog\/wp-content\/uploads\/2013\/12\/20131216-1257291.jpg\"><img src=\"http:\/\/catolicasmexico.com\/blog\/wp-content\/uploads\/2013\/12\/20131216-1257291.jpg\" alt=\"20131216-125729.jpg\" class=\"alignnone size-full\"  \/> <\/a><\/p>\n<p>ESPA\u00d1A-.(AGENCIALAVOZ) La vicesecretaria general del PSOE, Elena Valenciano, se comprometi\u00f3 este jueves con la Asociaci\u00f3n de Cl\u00ednicas Acreditadas para la Interrupci\u00f3n Voluntaria del Embarazo (ACAI) -es decir, para acabar con la vida de los no nacidos- a buscar un acuerdo parlamentario entre los grupos de la oposici\u00f3n para derogar la nueva ley del aborto cuando los socialistas vuelvan a gobernar.<\/p>\n<p>\u00abCuando tengamos un texto legislativo, nos comprometemos a trabajar por un acuerdo parlamentario amplio, de tal suerte que todas las mujeres sepan que cuando cambie la mayor\u00eda parlamentaria en este pa\u00eds, volveremos a una ley del aborto que sea digna para las mujeres\u00bb, afirm\u00f3 Valenciano en un acto organizado por ACAI para presentar un v\u00eddeo sobre el aborto.<br \/>\nPor otra parte, la responsable socialista se\u00f1al\u00f3 que cuando se proyecta impulsar una ley \u00abtan importante y tan lesiva\u00bb como \u00e9sta, \u00ablo razonable es hacer consultas\u00bb, algo que, asegur\u00f3, el Gobierno de Mariano Rajoy no ha hecho.<br \/>\nCree que la nueva ley saldr\u00e1 en Navidad<br \/>\n(&#8230;)<br \/>\nValenciano respondi\u00f3 as\u00ed a la petici\u00f3n de la presidenta de las cl\u00ednicas acreditadas para acabar con la vida de los no nacidos, Francisca Garc\u00eda, quien pidi\u00f3 en el acto organizado por ACAI \u00abque se trabaje en el Parlamento\u00bb por la b\u00fasqueda de consenso para derogar la norma de Gallard\u00f3n sobre el aborto cuando cambie el color del Gobierno.<\/p>\n","protected":false},"excerpt":{"rendered":"<p>ESPA\u00d1A-.(AGENCIALAVOZ) La vicesecretaria general del PSOE, Elena Valenciano, se comprometi\u00f3 este jueves con la Asociaci\u00f3n de Cl\u00ednicas Acreditadas para la Interrupci\u00f3n Voluntaria del Embarazo (ACAI) -es decir, para acabar con la vida de los no nacidos- a buscar un acuerdo parlamentario entre los grupos de la oposici\u00f3n para derogar la nueva ley del aborto cuando [&hellip;]<\/p>\n","protected":false},"author":2,"featured_media":2238,"comment_status":"open","ping_status":"open","sticky":false,"template":"","format":"standard","meta":{"spay_email":"","jetpack_publicize_message":"","jetpack_is_tweetstorm":false},"categories":[9,63,70],"tags":[718,728],"aioseo_notices":[],"jetpack_featured_media_url":"http:\/\/catolicasmexico.com\/blog\/wp-content\/uploads\/2013\/12\/20131216-1257291.jpg","jetpack_publicize_connections":[],"jetpack_shortlink":"https:\/\/wp.me\/p3B5XH-A8","jetpack-related-posts":[{"id":815,"url":"http:\/\/catolicasmexico.com\/blog\/ministro-critica-que-menores-puedan-abortar-en-edad-en-que-no-pueden-comprar-alcohol\/","url_meta":{"origin":2240,"position":0},"title":"Ministro critica que menores puedan abortar en edad en que no pueden comprar alcohol","date":"12 junio 2013","format":false,"excerpt":"MADRID, 12 Jun. 13 \/ 11:42 am (ACI\/Europa Press).- El ministro de Justicia, Alberto Ru\u00edz-Gallard\u00f3n, ha preguntado a la n\u00famero dos del PSOE, Elena Valenciano, si le parece razonable que una menor, que no puede comprar alcohol o tabaco y, en muchas comunidades aut\u00f3nomas, no puede hacerse un 'piercing' o\u2026","rel":"","context":"En \u00abAborto\u00bb","img":{"alt_text":"","src":"","width":0,"height":0},"classes":[]},{"id":188,"url":"http:\/\/catolicasmexico.com\/blog\/el-congreso-rechaza-con-el-voto-del-pp-upn-y-fac-pedir-al-gobierno-que-espere-al-tc-para-reformar-la-ley\/","url_meta":{"origin":2240,"position":1},"title":"El Congreso rechaza con el voto del PP, UPN y FAC pedir al Gobierno que espere al TC para reformar la Ley.","date":"8 mayo 2013","format":false,"excerpt":"CELIA VILLALOBOS SE DESMARCA EN SU VOTO DEL PP MADRID, 7 May. (EUROPA PRESS) - El Pleno del Congreso de los Diputados ha rechazado, con el voto del PP, UPN y Foro de Asturias, una moci\u00f3n presentada por el PSOE que ped\u00eda al Gobierno que esperase al pronunciamiento del Tribunal\u2026","rel":"","context":"En \u00abAborto\u00bb","img":{"alt_text":"","src":"https:\/\/i0.wp.com\/catolicasmexico.com\/blog\/wp-content\/uploads\/2013\/05\/image-5.jpeg?resize=350%2C200","width":350,"height":200},"classes":[]},{"id":2475,"url":"http:\/\/catolicasmexico.com\/blog\/el-partido-abortista-psoe-combatira-la-reforma-del-aborto-por-tierra-mar-y-aire\/","url_meta":{"origin":2240,"position":2},"title":"El PARTIDO ABORTISTA PSOE combatir\u00e1 la reforma del aborto \"por tierra, mar y aire\"","date":"28 enero 2014","format":false,"excerpt":"ESPA\u00d1A-.(AGENCIALAVOZ) El PSOE anunci\u00f3 hoy una ofensiva contra la reforma de la ley del aborto del Gobierno \"por tierra, mar y aire\", fueron las palabras del portavoz \u00d3scar L\u00f3pez, que compareci\u00f3 en rueda de prensa en compa\u00f1\u00eda de la secretaria de Igualdad, Purificaci\u00f3n Causapi\u00e9. Causapi\u00e9 pidi\u00f3 que se retire la\u2026","rel":"","context":"En \u00abAborto\u00bb","img":{"alt_text":"","src":"https:\/\/i0.wp.com\/catolicasmexico.com\/blog\/wp-content\/uploads\/2014\/01\/20140128-125011.jpg?resize=350%2C200","width":350,"height":200},"classes":[]},{"id":875,"url":"http:\/\/catolicasmexico.com\/blog\/ayudemos-a-borrar-el-aborto-en-espana\/","url_meta":{"origin":2240,"position":3},"title":"\u00a1Ayudemos a borrar el aborto en Espa\u00f1a!","date":"17 junio 2013","format":false,"excerpt":"Mensaje de hazte Oir: Hace ya dos meses que iniciamos la campa\u00f1a \u00abBorra el aborto\u00bb para obligar al ministro Gallard\u00f3n a que, de una vez por todas, cumpliese con el compromiso de la reforma de la ley del aborto, y que la nueva ley fuese lo m\u00e1s cercana posible a\u2026","rel":"","context":"En \u00abAborto\u00bb","img":{"alt_text":"","src":"","width":0,"height":0},"classes":[]},{"id":896,"url":"http:\/\/catolicasmexico.com\/blog\/repudian-asedio-de-promotores-del-aborto-a-catedral-de-santiago-de-compostela-promovido-por-el-psoe\/","url_meta":{"origin":2240,"position":4},"title":"Repudian asedio de promotores del aborto a Catedral de Santiago de Compostela promovido por el PSOE","date":"18 junio 2013","format":false,"excerpt":"REDACCI\u00d3N CENTRAL, 17 Jun. 13 \/ 12:42 pm (ACI\/EWTN Noticias).- Miguel Vidal, portavoz de la plataforma M\u00e1s Libres, que defiende la libertad religiosa y de expresi\u00f3n en Europa, critic\u00f3 el \"totalitarismo\" expuesto por los grupos que asediaron el 16 de junio la Catedral de Santiago de Compostela (Espa\u00f1a) defendiendo el\u2026","rel":"","context":"En \u00abEspa\u00f1a\u00bb","img":{"alt_text":"","src":"","width":0,"height":0},"classes":[]},{"id":2429,"url":"http:\/\/catolicasmexico.com\/blog\/benigno-blanco-los-provida-defendemos-al-no-nacido-y-a-la-mujer-ambos-son-victimas-del-aborto\/","url_meta":{"origin":2240,"position":5},"title":"Benigno Blanco: \u00abLos provida defendemos al no nacido y a la mujer; ambos son v\u00edctimas del aborto\u00bb -","date":"22 enero 2014","format":false,"excerpt":"Articulo de Religi\u00f3n en libertad. Bajo el lema \u201930 a\u00f1os ya bastan\u2019, los provida franceses salieron este fin de semana a las calles de Par\u00eds, en una nueva edici\u00f3n de \u2018La Marcha por la vida\u2019 que vienen realizando todos los a\u00f1os desde 2005. Este a\u00f1o la organizaci\u00f3n ha invitado al\u2026","rel":"","context":"En \u00abEspa\u00f1a\u00bb","img":{"alt_text":"","src":"https:\/\/i2.wp.com\/catolicasmexico.com\/blog\/wp-content\/uploads\/2014\/01\/20140122-130544.jpg?resize=350%2C200","width":350,"height":200},"classes":[]}],"jetpack_likes_enabled":false,"jetpack_sharing_enabled":true,"_links":{"self":[{"href":"http:\/\/catolicasmexico.com\/blog\/wp-json\/wp\/v2\/posts\/2240"}],"collection":[{"href":"http:\/\/catolicasmexico.com\/blog\/wp-json\/wp\/v2\/posts"}],"about":[{"href":"http:\/\/catolicasmexico.com\/blog\/wp-json\/wp\/v2\/types\/post"}],"author":[{"embeddable":true,"href":"http:\/\/catolicasmexico.com\/blog\/wp-json\/wp\/v2\/users\/2"}],"replies":[{"embeddable":true,"href":"http:\/\/catolicasmexico.com\/blog\/wp-json\/wp\/v2\/comments?post=2240"}],"version-history":[{"count":2,"href":"http:\/\/catolicasmexico.com\/blog\/wp-json\/wp\/v2\/posts\/2240\/revisions"}],"predecessor-version":[{"id":2292,"href":"http:\/\/catolicasmexico.com\/blog\/wp-json\/wp\/v2\/posts\/2240\/revisions\/2292"}],"wp:featuredmedia":[{"embeddable":true,"href":"http:\/\/catolicasmexico.com\/blog\/wp-json\/wp\/v2\/media\/2238"}],"wp:attachment":[{"href":"http:\/\/catolicasmexico.com\/blog\/wp-json\/wp\/v2\/media?parent=2240"}],"wp:term":[{"taxonomy":"category","embeddable":true,"href":"http:\/\/catolicasmexico.com\/blog\/wp-json\/wp\/v2\/categories?post=2240"},{"taxonomy":"post_tag","embeddable":true,"href":"http:\/\/catolicasmexico.com\/blog\/wp-json\/wp\/v2\/tags?post=2240"}],"curies":[{"name":"wp","href":"https:\/\/api.w.org\/{rel}","templated":true}]}}