{"id":2178,"date":"2013-12-05T18:38:25","date_gmt":"2013-12-06T00:38:25","guid":{"rendered":"http:\/\/catolicasmexico.com\/blog\/?p=2178"},"modified":"2013-12-07T16:15:55","modified_gmt":"2013-12-07T22:15:55","slug":"quien-dice-que-el-diablo-no-existelas-feministas-pro-aborto-agreden-sexualmente-a-los-hombres-en-oracion-que-defendian-la-catedral","status":"publish","type":"post","link":"http:\/\/catolicasmexico.com\/blog\/quien-dice-que-el-diablo-no-existelas-feministas-pro-aborto-agreden-sexualmente-a-los-hombres-en-oracion-que-defendian-la-catedral\/","title":{"rendered":"\u00bfQui\u00e9n dice que el diablo no existe?Las Feministas Pro-aborto agreden sexualmente a los hombres en oraci\u00f3n que defend\u00edan la catedral."},"content":{"rendered":"<p><a href=\"http:\/\/catolicasmexico.com\/blog\/wp-content\/uploads\/2013\/12\/20131205-201311.jpg\"><img class=\"alignnone size-full\" src=\"http:\/\/catolicasmexico.com\/blog\/wp-content\/uploads\/2013\/12\/20131205-201311.jpg\" alt=\"20131205-201311.jpg\"  \/> <\/a><\/p>\n<p>&nbsp;<\/p>\n<p>Del sitio www.cqv.qc.ca<\/p>\n<p>por Sof\u00eda V\u00e1zquez-Mellado, traducido por www.catolicasmexico.com<\/p>\n<p>Buenos Aires, 02 de diciembre de 2013 (LifeSiteNews.com) &#8211; extremadamente impactantes las secuencias del video filmado en la ciudad de San Juan en Argentina, que muestra una multitud de feministas, durante una reciente manifestaci\u00f3n , atacando y agrediendo sexualmente a un grupo de hombres cat\u00f3licos los cuales rezaban el Rosario y proteg\u00edan pac\u00edficamente la Catedral.<\/p>\n<p>Muchas de estas mujeres estaban en topless. Los hombres fueron pintados con bombas de pintura en la entrepierna y el rostro con cruces esv\u00e1sticas en sus pechos y sus frentes, utilizando marcadores para pintarles bigotes de Hitler en sus rostros. Tambi\u00e9n se realizaron actos obscenos delante de ellos y les pon\u00edan los pechos en sus rostros mientras gritaban \u00abretire sus rosarios de nuestros ovarios. (Nota: algunos de los contenidos m\u00e1s expl\u00edcitos se han quitado del v\u00eddeo.) La secuencia sin censura est\u00e1 disponible aqu\u00ed. S\u00f3lo para p\u00fablico informado)<\/p>\n<p><iframe loading=\"lazy\" src=\"\/\/www.youtube.com\/embed\/fOCD_T9Qqpc\" frameborder=\"0\" width=\"560\" height=\"315\"><\/iframe><\/p>\n<p>Seg\u00fan InfoCatolica, algunas de las mujeres cantaron una canci\u00f3n, he aqu\u00ed unas palabras: &#8216; a la iglesia cat\u00f3lica, apost\u00f3lica y romana, que quiere deslizarse entre nuestras s\u00e1banas, les decimos que queremos ser Prostitutas, travestis y lesbianas. Aborto legal en todos los hospitales. \u00bb<\/p>\n<p>Durante el ataque, algunos hombres lloraron. Ninguno de ellos respondieron a estos abusos en su contra.<\/p>\n<p>Si bien la manifestaci\u00f3n se llev\u00f3 a cabo frente a la Catedral, Infobae inform\u00f3 que \u00abla ciudad entera despert\u00f3 con graffiti a favor del aborto.\u00bb<br \/>\nDentro de la Catedral, 700 personas tambi\u00e9n estaban orando junto con su obispo Alfonso Delgado.<\/p>\n<p>Despu\u00e9s de intentar sin \u00e9xito entrar al edificio, las mujeres quemaron una efigie del Papa Francisco tama\u00f1o natural. \u00abSi el Papa fuera una mujer, el aborto ser\u00eda legal\u00bb, gritaban.<\/p>\n<p>El ataque tuvo lugar el domingo 24 de noviembre en el encuentro nacional de mujeres, que cada a\u00f1o re\u00fane a las feministas argentinas que apoyan \u00ablos derechos de las mujeres\u00bb.<\/p>\n<p>Seg\u00fan los informes, la polic\u00eda dijo a la prensa que ellos no pod\u00edan intervenir porque se trataba mujeres.<\/p>\n<p>El p\u00e1rroco padre R\u00f3mulo Campora dijo al peri\u00f3dico El diario de Cuyo \u00abes un ultraje quemar la imagen del Papa Francisco, no s\u00f3lo hacia la iglesia sino hacia todos los argentinos porque el Papa es argentino\u00bb.<\/p>\n<p>Alabando a los hombres que defendieron a la iglesia, a\u00f1adi\u00f3: \u00abSan Juan ama a su Dios, ama su fe, ama a su familia. \u00bb<br \/>\nDeplor\u00f3 el da\u00f1o causado a la Catedral y concluy\u00f3 que \u00absi no respetan la vida, no podemos esperar que los edificios sean respetados\u00bb<\/p>\n<p>El encuentro nacional de mujeres se celebra cada a\u00f1o en diferentes ciudades de Argentina, subvencionado por el Ministerio de cultura como un evento de \u00abinter\u00e9s social\u00bb.<\/p>\n<p>Seg\u00fan el sitio pro-vida ArgentinosAlerta.org , esta no es la primera vez que las feministas terminan con violencia p\u00fablica contra las iglesias y los cat\u00f3licos.<\/p>\n<p>En el pasado, las catedrales de Bariloche, Paran\u00e1 y Posadas tambi\u00e9n sufrieron da\u00f1os por parte de estos grupos.<\/p>\n<p>\u00abEstas reuniones de mujeres representan la civilizaci\u00f3n de hoy que pretende imponer sus propias reglas,\u00bb, dijo el sitio.<\/p>\n<p>&#8216;De un lado tratan de imponer la agenda pol\u00edtica dictada por las organizaciones internacionales: control de la poblaci\u00f3n, el aborto, contracepci\u00f3n y la homosexualidad. \u00bb Por otro lado, son unos b\u00e1rbaros en el sentido literal del termino. \u00bb<\/p>\n","protected":false},"excerpt":{"rendered":"<p>&nbsp; Del sitio www.cqv.qc.ca por Sof\u00eda V\u00e1zquez-Mellado, traducido por www.catolicasmexico.com Buenos Aires, 02 de diciembre de 2013 (LifeSiteNews.com) &#8211; extremadamente impactantes las secuencias del video filmado en la ciudad de San Juan en Argentina, que muestra una multitud de feministas, durante una reciente manifestaci\u00f3n , atacando y agrediendo sexualmente a un grupo de hombres cat\u00f3licos [&hellip;]<\/p>\n","protected":false},"author":2,"featured_media":2181,"comment_status":"open","ping_status":"open","sticky":false,"template":"","format":"standard","meta":{"spay_email":"","jetpack_publicize_message":"","jetpack_is_tweetstorm":false},"categories":[9,20,13],"tags":[718,182,239,722],"aioseo_notices":[],"jetpack_featured_media_url":"http:\/\/catolicasmexico.com\/blog\/wp-content\/uploads\/2013\/12\/20131205-201311.jpg","jetpack_publicize_connections":[],"jetpack_shortlink":"https:\/\/wp.me\/p3B5XH-z8","jetpack-related-posts":[{"id":1048,"url":"http:\/\/catolicasmexico.com\/blog\/sin-ninguna-duda-las-primeras-feministas-eran-provida\/","url_meta":{"origin":2178,"position":0},"title":"Sin ninguna duda las primeras feministas eran provida.","date":"4 julio 2013","format":false,"excerpt":"Del blog de LifeNews. Traducci\u00f3n Monica Y.A. de wwwcatolicasmexico.com Edici\u00f3n libre Alejandro P. de www.catolicasmexico.com \"El aborto es la m\u00e1xima explotaci\u00f3n para las mujeres.\" - Alice Paul Los objetivos del feminismo fueron el derecho a votar, la educaci\u00f3n y el divorcio. Ninguno de ellos demandaba el derecho al aborto -\u2026","rel":"","context":"En \u00abAborto\u00bb","img":{"alt_text":"","src":"","width":0,"height":0},"classes":[]},{"id":896,"url":"http:\/\/catolicasmexico.com\/blog\/repudian-asedio-de-promotores-del-aborto-a-catedral-de-santiago-de-compostela-promovido-por-el-psoe\/","url_meta":{"origin":2178,"position":1},"title":"Repudian asedio de promotores del aborto a Catedral de Santiago de Compostela promovido por el PSOE","date":"18 junio 2013","format":false,"excerpt":"REDACCI\u00d3N CENTRAL, 17 Jun. 13 \/ 12:42 pm (ACI\/EWTN Noticias).- Miguel Vidal, portavoz de la plataforma M\u00e1s Libres, que defiende la libertad religiosa y de expresi\u00f3n en Europa, critic\u00f3 el \"totalitarismo\" expuesto por los grupos que asediaron el 16 de junio la Catedral de Santiago de Compostela (Espa\u00f1a) defendiendo el\u2026","rel":"","context":"En \u00abEspa\u00f1a\u00bb","img":{"alt_text":"","src":"","width":0,"height":0},"classes":[]},{"id":2175,"url":"http:\/\/catolicasmexico.com\/blog\/que-puede-respetar-quien-no-respeta-la-vida\/","url_meta":{"origin":2178,"position":2},"title":"\u00bfQue puede respetar quien no respeta la vida?","date":"7 diciembre 2013","format":false,"excerpt":"El 24 de noviembre de 2013, varios grupos feministas intentaron vandalizar la Catedral de Buenos Aires. La polic\u00eda se neg\u00f3 a detenerlos con el pretexto de que eran mujeres. S\u00f3lo un grupo de cat\u00f3licos pacifistas se interpuso someti\u00e9ndose a a escupitajos, insultos y agresiones, sin perder la calma. \u00a0 http:\/\/www.cqv.qc.ca\/fr\/que-peut-respecter-qui-ne-respecte-pas-la-vie#sthash.iPNSmGbk.dpuf","rel":"","context":"En \u00abAborto\u00bb","img":{"alt_text":"","src":"https:\/\/i0.wp.com\/catolicasmexico.com\/blog\/wp-content\/uploads\/2013\/12\/posadas.-ataque-feminista.jpg?resize=350%2C200","width":350,"height":200},"classes":[]},{"id":2677,"url":"http:\/\/catolicasmexico.com\/blog\/las-pro-muerte-universitarias-invitan-a-perturbar-el-evento-pacifista-40-dias-por-la-vida-blasfemas-violencia-y-pic-nic-vegetariano-en-el-menu\/","url_meta":{"origin":2178,"position":3},"title":"Las pro-muerte universitarias invitan a perturbar el evento pacifista 40 d\u00edas por la vida, blasfemas, violencia y pic-nic vegetariano en el men\u00fa.","date":"7 marzo 2014","format":false,"excerpt":"Como bien es sabido el d\u00eda de ma\u00f1ana se celebrara el d\u00eda internacional de la mujer y un grupo de feministas del UQAM, ha convocado v\u00eda mail a todos los pro muerte de Montreal y sus alrededores, con el objetivo ( como cada a\u00f1o) de bloquear la vigilia de oraci\u00f3n\u2026","rel":"","context":"En \u00ab40 D\u00edas por la vida\u00bb","img":{"alt_text":"","src":"https:\/\/i2.wp.com\/catolicasmexico.com\/blog\/wp-content\/uploads\/2014\/03\/20140308-115458.jpg?resize=350%2C200","width":350,"height":200},"classes":[]},{"id":4176,"url":"http:\/\/catolicasmexico.com\/blog\/gloria-a-dios-de-femen-a-provida-ademas-pidio-disculpas-a-los-cristianos\/","url_meta":{"origin":2178,"position":4},"title":"\u00a1Gloria a Dios\u00a1 ...De Femen a Provida, adem\u00e1s pidi\u00f3 disculpas a los cristianos.\u00a0","date":"6 enero 2016","format":false,"excerpt":"... \"me arrepiento de haber tenido un aborto y ahora pido perd\u00f3n.\" Hace un mes, el d\u00eda de ayer que naci\u00f3 mi beb\u00e9 y mi vida tiene un nuevo significado. Escribo esto mientras que tranquilamente duerme en mi regazo. Ese es el sentimiento m\u00e1s extraordinario del mundo. \u00bb \"He visto\u2026","rel":"","context":"En \u00abAborto\u00bb","img":{"alt_text":"","src":"https:\/\/i1.wp.com\/catolicasmexico.com\/blog\/wp-content\/uploads\/2016\/01\/IMG_0398.jpg?resize=350%2C200","width":350,"height":200},"classes":[]},{"id":768,"url":"http:\/\/catolicasmexico.com\/blog\/los-hombres-y-el-aborto-que-debe-hacer-el-padre\/","url_meta":{"origin":2178,"position":5},"title":"Los hombres y el aborto: \u00bfqu\u00e9 debe hacer el padre?","date":"2 julio 2013","format":false,"excerpt":"Publicado por Kristi Burton Brown para Life Action News 5 de Junio de 2013 Resumido y traducido del ingl\u00e9s por Elizabeth de la Teja Bosch para www.catolicasmexico.com No es un secreto que tanto hombres como mujeres sufren con la decisi\u00f3n del aborto. Y la mayor causa de sufrimiento para los\u2026","rel":"","context":"En \u00abAborto\u00bb","img":{"alt_text":"","src":"","width":0,"height":0},"classes":[]}],"jetpack_likes_enabled":false,"jetpack_sharing_enabled":true,"_links":{"self":[{"href":"http:\/\/catolicasmexico.com\/blog\/wp-json\/wp\/v2\/posts\/2178"}],"collection":[{"href":"http:\/\/catolicasmexico.com\/blog\/wp-json\/wp\/v2\/posts"}],"about":[{"href":"http:\/\/catolicasmexico.com\/blog\/wp-json\/wp\/v2\/types\/post"}],"author":[{"embeddable":true,"href":"http:\/\/catolicasmexico.com\/blog\/wp-json\/wp\/v2\/users\/2"}],"replies":[{"embeddable":true,"href":"http:\/\/catolicasmexico.com\/blog\/wp-json\/wp\/v2\/comments?post=2178"}],"version-history":[{"count":5,"href":"http:\/\/catolicasmexico.com\/blog\/wp-json\/wp\/v2\/posts\/2178\/revisions"}],"predecessor-version":[{"id":2189,"href":"http:\/\/catolicasmexico.com\/blog\/wp-json\/wp\/v2\/posts\/2178\/revisions\/2189"}],"wp:featuredmedia":[{"embeddable":true,"href":"http:\/\/catolicasmexico.com\/blog\/wp-json\/wp\/v2\/media\/2181"}],"wp:attachment":[{"href":"http:\/\/catolicasmexico.com\/blog\/wp-json\/wp\/v2\/media?parent=2178"}],"wp:term":[{"taxonomy":"category","embeddable":true,"href":"http:\/\/catolicasmexico.com\/blog\/wp-json\/wp\/v2\/categories?post=2178"},{"taxonomy":"post_tag","embeddable":true,"href":"http:\/\/catolicasmexico.com\/blog\/wp-json\/wp\/v2\/tags?post=2178"}],"curies":[{"name":"wp","href":"https:\/\/api.w.org\/{rel}","templated":true}]}}