{"id":2172,"date":"2013-12-04T10:43:45","date_gmt":"2013-12-04T16:43:45","guid":{"rendered":"http:\/\/catolicasmexico.com\/blog\/?p=2172"},"modified":"2013-12-04T10:43:45","modified_gmt":"2013-12-04T16:43:45","slug":"los-suizos-votaran-el-9-de-febrero-sobre-la-cuestion-del-financiamiento-del-aborto","status":"publish","type":"post","link":"http:\/\/catolicasmexico.com\/blog\/los-suizos-votaran-el-9-de-febrero-sobre-la-cuestion-del-financiamiento-del-aborto\/","title":{"rendered":"Los suizos votaran el 9 de febrero sobre la cuesti\u00f3n del financiamiento del aborto."},"content":{"rendered":"<p><a href=\"http:\/\/catolicasmexico.com\/blog\/wp-content\/uploads\/2013\/12\/20131204-114152.jpg\"><img src=\"http:\/\/catolicasmexico.com\/blog\/wp-content\/uploads\/2013\/12\/20131204-114152.jpg\" alt=\"20131204-114152.jpg\" class=\"alignnone size-full\"  \/> <\/a><\/p>\n<p>Del sitio de www.cqv.cq.ca traducci\u00f3n y edici\u00f3n libre www.catolicasmexico.com<\/p>\n<p>La iniciativa \u00abel financiamiento del aborto es un asunto privado\u00bb da como resultado que  los suizos votaran el 9 de febrero sobre el asunto  del reembolso de la interrupci\u00f3n voluntaria del embarazo por el seguro m\u00e9dico b\u00e1sico.<\/p>\n<p>(&#8230;)<\/p>\n<p>Seg\u00fan los autores,entre  8  y 20 millones de francos se gastan anualmente para el financiamiento de los abortos, sin contar los costos indirectos derivados de trastornos psicol\u00f3gicos relacionados con el aborto. (&#8230;)<\/p>\n<p>Adem\u00e1s, creen que la mayor\u00eda de los clientes de los seguros de salud no abortan y sin embargo se ven obligadas a financiar    el \u00abasesinato\u00bb que otras personas realizan.<\/p>\n<p>(&#8230;)<\/p>\n<p>-Ver m\u00e1s en: http:\/\/www.cqv.qc.ca\/fr\/les-suisses-vont-se-prononcer-le-9-fevrier-sur-la-cessation-du-financement-de-lavortement-par-letat#sthash.tJpHuPAw.dpuf<\/p>\n","protected":false},"excerpt":{"rendered":"<p>Del sitio de www.cqv.cq.ca traducci\u00f3n y edici\u00f3n libre www.catolicasmexico.com La iniciativa \u00abel financiamiento del aborto es un asunto privado\u00bb da como resultado que los suizos votaran el 9 de febrero sobre el asunto del reembolso de la interrupci\u00f3n voluntaria del embarazo por el seguro m\u00e9dico b\u00e1sico. (&#8230;) Seg\u00fan los autores,entre 8 y 20 millones de [&hellip;]<\/p>\n","protected":false},"author":2,"featured_media":2171,"comment_status":"open","ping_status":"open","sticky":false,"template":"","format":"standard","meta":{"spay_email":"","jetpack_publicize_message":"","jetpack_is_tweetstorm":false},"categories":[9,70],"tags":[718,238,237],"aioseo_notices":[],"jetpack_featured_media_url":"http:\/\/catolicasmexico.com\/blog\/wp-content\/uploads\/2013\/12\/20131204-114152.jpg","jetpack_publicize_connections":[],"jetpack_shortlink":"https:\/\/wp.me\/p3B5XH-z2","jetpack-related-posts":[{"id":1372,"url":"http:\/\/catolicasmexico.com\/blog\/los-peruanos-no-votaran-por-los-candidatos-que-apoyen-aborto-y-matrimonio-gay\/","url_meta":{"origin":2172,"position":0},"title":"Los Peruanos no votar\u00e1n por  los candidatos que apoyen aborto y \u201cmatrimonio\u201d gay","date":"24 julio 2013","format":false,"excerpt":"Este reportaje, de ACI prensa, muestra que el pueblo peruano est\u00e1 en contra del aborto,el matrimonio gay y la legalizaci\u00f3n de la droga. Adem\u00e1s nos muestra los objetivos del grupo seudocat\u00f3lico CDD la divisi\u00f3n, la confusi\u00f3n entre los cat\u00f3licos y la promoci\u00f3n de la promiscuidad y del aborto. LIMA, 23\u2026","rel":"","context":"En \u00abAborto\u00bb","img":{"alt_text":"","src":"https:\/\/i2.wp.com\/catolicasmexico.com\/blog\/wp-content\/uploads\/2013\/07\/20130724-094157.jpg?resize=350%2C200","width":350,"height":200},"classes":[]},{"id":57,"url":"http:\/\/catolicasmexico.com\/blog\/reinicia-suprema-corte-debate-sobre-aborto\/","url_meta":{"origin":2172,"position":1},"title":"Reinicia suprema corte debate sobre aborto","date":"24 abril 2013","format":false,"excerpt":"CIUDAD DE M\u00c9XICO. La definici\u00f3n podr\u00eda darse en la sesi\u00f3n de este mi\u00e9rcoles, ya que cinco de los 11 ministros se han pronunciado por la inconstitucionalidad de la reforma y tres por su validez M\u00e9xico, D.F.- El pleno de la Suprema Corte de Justicia de la Naci\u00f3n (SCJN) reinici\u00f3 el\u2026","rel":"","context":"En \u00abAborto\u00bb","img":{"alt_text":"","src":"https:\/\/i1.wp.com\/catolicasmexico.com\/blog\/wp-content\/uploads\/2013\/06\/238-Guadalupe-square.jpg?resize=350%2C200","width":350,"height":200},"classes":[]},{"id":2836,"url":"http:\/\/catolicasmexico.com\/blog\/estados-unidos-proyecto-de-ley-abortista-anularia-toda-ley-pro-vida-en-colorado\/","url_meta":{"origin":2172,"position":2},"title":"Estados Unidos: Proyecto de ley abortista anular\u00eda toda ley pro-vida en Colorado","date":"21 abril 2014","format":false,"excerpt":"Imagen referencial. Foto: Suparna Sinha (CC-BY-SA-2.0) DENVER, 16 Abr. 14 \/ 10:16 pm (ACI\/EWTN Noticias).- Un comit\u00e9 del Senado de Colorado aprob\u00f3 un proyecto de ley que prohibir\u00eda a futuro la aprobaci\u00f3n de cualquier ley pro-vida en el estado, desatando una ola de cr\u00edticas. La propuesta de ley 175 establece\u2026","rel":"","context":"En \u00abAborto\u00bb","img":{"alt_text":"","src":"https:\/\/i2.wp.com\/catolicasmexico.com\/blog\/wp-content\/uploads\/2014\/04\/20140421-115712.jpg?resize=350%2C200","width":350,"height":200},"classes":[]},{"id":251,"url":"http:\/\/catolicasmexico.com\/blog\/exportaciones-toxicas-harvey-karman-planned-parenthood-y-la-explotacion-de-victimas-de-violacion\/","url_meta":{"origin":2172,"position":3},"title":"Exportaciones t\u00f3xicas: Harvey Karman, Planned Parenthood, y la explotaci\u00f3n de v\u00edctimas de violaci\u00f3n","date":"11 mayo 2013","format":false,"excerpt":"Por Rebecca Oas, Ph.D. NUEVA YORK, 10 de mayo (C-FAM) Una iniciativa para promover el aborto sacando provecho de mujeres violadas en la guerra reaviva la memoria de otra anterior, de sus peligrosos aparatos y de un macabro abortista que est\u00e1 siendo procesado por asesinato.\u00a0 Una nueva\u00a0campa\u00f1a\u00a0pol\u00edtica busca invalidar una\u2026","rel":"","context":"En \u00abAborto\u00bb","img":{"alt_text":"","src":"https:\/\/i0.wp.com\/catolicasmexico.com\/blog\/wp-content\/uploads\/2013\/05\/HarveyKarman-235px-235x254.jpg?resize=350%2C200","width":350,"height":200},"classes":[]},{"id":1169,"url":"http:\/\/catolicasmexico.com\/blog\/4-diputados-que-votaron-contra-el-proyecto-de-ley-para-legalizar-el-aborto-en-irlanda-han-sido-expulsados-de-su-partido\/","url_meta":{"origin":2172,"position":4},"title":"4 Diputados que votaron contra el proyecto de ley para legalizar el aborto en Irlanda han sido expulsados de su partido","date":"10 julio 2013","format":false,"excerpt":"Del blog de www.cqv.qc.ca original del blog de Jeanne Smits. Traducci\u00f3n y edici\u00f3n libre www.catolicasmexico.com Tras la primera votaci\u00f3n que fue favorable (138 votos contra 24 en la c\u00e1mara baja) a la ley, que pone fin a la prohibici\u00f3n del aborto en Irlanda - en 24 horas - cuatro miembros\u2026","rel":"","context":"En \u00abAborto\u00bb","img":{"alt_text":"","src":"","width":0,"height":0},"classes":[]},{"id":4184,"url":"http:\/\/catolicasmexico.com\/blog\/ted-cruz-hillary-apoya-el-aborto-hasta-el-nacimiento\/","url_meta":{"origin":2172,"position":5},"title":"Ted Cruz: Hillary apoya el aborto hasta el nacimiento","date":"18 enero 2016","format":false,"excerpt":"\u00a0 Hillary Clinton ser\u00e1 probablemente el candidato dem\u00f3crata a la Presidencia y su postura radical en la promoci\u00f3n del aborto est\u00e1 desconectada de \u00a0la mayor\u00eda de los estadounidenses, quienes se oponen a todos o casi todos los abortos. \u00a0 Recientemente, el candidato presidencial republicano pro-vida Ted Cruz resumi\u00f3 la posici\u00f3n\u2026","rel":"","context":"En \u00abAborto\u00bb","img":{"alt_text":"","src":"https:\/\/i1.wp.com\/catolicasmexico.com\/blog\/wp-content\/uploads\/2016\/01\/hillaryclinton51.jpg?resize=350%2C200","width":350,"height":200},"classes":[]}],"jetpack_likes_enabled":false,"jetpack_sharing_enabled":true,"_links":{"self":[{"href":"http:\/\/catolicasmexico.com\/blog\/wp-json\/wp\/v2\/posts\/2172"}],"collection":[{"href":"http:\/\/catolicasmexico.com\/blog\/wp-json\/wp\/v2\/posts"}],"about":[{"href":"http:\/\/catolicasmexico.com\/blog\/wp-json\/wp\/v2\/types\/post"}],"author":[{"embeddable":true,"href":"http:\/\/catolicasmexico.com\/blog\/wp-json\/wp\/v2\/users\/2"}],"replies":[{"embeddable":true,"href":"http:\/\/catolicasmexico.com\/blog\/wp-json\/wp\/v2\/comments?post=2172"}],"version-history":[{"count":1,"href":"http:\/\/catolicasmexico.com\/blog\/wp-json\/wp\/v2\/posts\/2172\/revisions"}],"predecessor-version":[{"id":2173,"href":"http:\/\/catolicasmexico.com\/blog\/wp-json\/wp\/v2\/posts\/2172\/revisions\/2173"}],"wp:featuredmedia":[{"embeddable":true,"href":"http:\/\/catolicasmexico.com\/blog\/wp-json\/wp\/v2\/media\/2171"}],"wp:attachment":[{"href":"http:\/\/catolicasmexico.com\/blog\/wp-json\/wp\/v2\/media?parent=2172"}],"wp:term":[{"taxonomy":"category","embeddable":true,"href":"http:\/\/catolicasmexico.com\/blog\/wp-json\/wp\/v2\/categories?post=2172"},{"taxonomy":"post_tag","embeddable":true,"href":"http:\/\/catolicasmexico.com\/blog\/wp-json\/wp\/v2\/tags?post=2172"}],"curies":[{"name":"wp","href":"https:\/\/api.w.org\/{rel}","templated":true}]}}