{"id":217,"date":"2013-05-09T16:54:40","date_gmt":"2013-05-09T21:54:40","guid":{"rendered":"http:\/\/catolicasmexico.com\/blog\/?p=217"},"modified":"2013-05-08T18:57:33","modified_gmt":"2013-05-08T23:57:33","slug":"una-consagrada-es-madre-y-no-una-solterona-dice-el-papa-a-religiosas","status":"publish","type":"post","link":"http:\/\/catolicasmexico.com\/blog\/una-consagrada-es-madre-y-no-una-solterona-dice-el-papa-a-religiosas\/","title":{"rendered":"Una consagrada es madre y no una solterona, dice el Papa a religiosas."},"content":{"rendered":"<p><a href=\"http:\/\/catolicasmexico.com\/blog\/wp-content\/uploads\/2013\/05\/image-9.jpeg\"><img data-attachment-id=\"218\" data-permalink=\"http:\/\/catolicasmexico.com\/blog\/una-consagrada-es-madre-y-no-una-solterona-dice-el-papa-a-religiosas\/image-9\/\" data-orig-file=\"http:\/\/catolicasmexico.com\/blog\/wp-content\/uploads\/2013\/05\/image-9.jpeg\" data-orig-size=\"500,340\" data-comments-opened=\"1\" data-image-meta=\"{&quot;aperture&quot;:&quot;0&quot;,&quot;credit&quot;:&quot;&quot;,&quot;camera&quot;:&quot;&quot;,&quot;caption&quot;:&quot;&quot;,&quot;created_timestamp&quot;:&quot;0&quot;,&quot;copyright&quot;:&quot;&quot;,&quot;focal_length&quot;:&quot;0&quot;,&quot;iso&quot;:&quot;0&quot;,&quot;shutter_speed&quot;:&quot;0&quot;,&quot;title&quot;:&quot;&quot;,&quot;orientation&quot;:&quot;0&quot;}\" data-image-title=\"image (9)\" data-image-description=\"\" data-medium-file=\"http:\/\/catolicasmexico.com\/blog\/wp-content\/uploads\/2013\/05\/image-9-300x204.jpeg\" data-large-file=\"http:\/\/catolicasmexico.com\/blog\/wp-content\/uploads\/2013\/05\/image-9.jpeg\" class=\"alignnone size-medium wp-image-218\" title=\"image (9)\" src=\"http:\/\/catolicasmexico.com\/blog\/wp-content\/uploads\/2013\/05\/image-9-300x204.jpg\" alt=\"\" width=\"300\" height=\"204\" srcset=\"http:\/\/catolicasmexico.com\/blog\/wp-content\/uploads\/2013\/05\/image-9-300x204.jpg 300w, http:\/\/catolicasmexico.com\/blog\/wp-content\/uploads\/2013\/05\/image-9-150x150.jpeg 150w\" sizes=\"100vw\" \/> <\/a><\/p>\n<p>VATICANO, 08 May. 13 \/ 12:01 pm (<a href=\"http:\/\/www.aciprensa.com\/\" target=\"_blank\"><strong>ACI\/EWTN Noticias<\/strong><\/a>).- Esta ma\u00f1ana el Papa Francisco se reuni\u00f3 con unas 900 religiosas de la Uni\u00f3n Internacional de Superioras Generales y les dijo que \u00abla consagrada es una madre y no una solterona\u00bb, al referirse a la castidad fecunda que genera hijos espirituales en la<a href=\"http:\/\/www.aciprensa.com\/iglesia\/index.html\" target=\"_blank\">Iglesia<\/a>.<\/p>\n<p>Las religiosas en representaci\u00f3n de 1900 \u00f3rdenes y congregaciones de todo el mundo y de aproximadamente 700 mil religiosas en los cinco continentes, escucharon atentamente las palabras del Pont\u00edfice que les dec\u00eda \u00ab\u00bfQu\u00e9 ser\u00eda la Iglesia sin ustedes? \u00a1Le faltar\u00eda maternidad, afecto y ternura e intuici\u00f3n de madre!\u00bb.<\/p>\n<p>El Santo Padre les habl\u00f3 de la obediencia, pobreza y castidad y record\u00f3 que \u00abel verdadero poder es el servicio, que tiene su culmen luminoso en la\u00a0<a href=\"http:\/\/www.aciprensa.com\/Catecismo\/lacruz.htm\" target=\"_blank\">Cruz<\/a>\u00ab, y expres\u00f3 su lamento por el \u00abgran da\u00f1o que causan algunos hombres y mujeres de Iglesia que son carreristas al Pueblo de Dios y a la misma Iglesia\u00bb.<\/p>\n<p>El Papa alent\u00f3 a las religiosas \u00aba seguir con entusiasmo y con alegr\u00eda el Evangelio de Cristo. Sean alegres porque es bello seguir a Jes\u00fas, es bello llegar a ser icono viviente de la Virgen y de nuestra Santa Madre Iglesia jer\u00e1rquica\u00bb.<\/p>\n<p>Les dijo que Cristo siempre al centro y que la \u00ab<a href=\"http:\/\/www.aciprensa.com\/vida\" target=\"_blank\">vida<\/a>\u00a0consagrada sea siempre una luz en el camino de la Iglesia\u00bb y les record\u00f3 la \u00abobediencia a la voluntad de Dios, en la pobreza evang\u00e9lica, tocando la carne de Cristo pobre en los humildes, en los necesitados, en los enfermos en los ni\u00f1os\u00bb.<\/p>\n<p>El Pont\u00edfice tambi\u00e9n agradeci\u00f3 a la sreligiosas por el importante apostolado que realizan al servicio de Cristo y del Evangelio, \u00ab\u00a1Gracias! Queridas hermanas, est\u00e9n seguras que las sigo con afecto. Yo rezo por ustedes y tambi\u00e9n ustedes recen por m\u00ed\u00bb.<\/p>\n<p>Las religiosas que ahora regresar\u00e1n a sus casas luego de participar en el encuentro: \u00abEl servicio de la autoridad seg\u00fan el Evangelio\u00bb llevar\u00e1n el afecto del Papa que dice \u00absaluden a sus comunidades de mi parte, sobre todo a las hermanas enfermas y a las j\u00f3venes\u00bb.<\/p>\n","protected":false},"excerpt":{"rendered":"<p>VATICANO, 08 May. 13 \/ 12:01 pm (ACI\/EWTN Noticias).- Esta ma\u00f1ana el Papa Francisco se reuni\u00f3 con unas 900 religiosas de la Uni\u00f3n Internacional de Superioras Generales y les dijo que \u00abla consagrada es una madre y no una solterona\u00bb, al referirse a la castidad fecunda que genera hijos espirituales en laIglesia. Las religiosas en [&hellip;]<\/p>\n","protected":false},"author":2,"featured_media":218,"comment_status":"open","ping_status":"open","sticky":false,"template":"","format":"standard","meta":{"spay_email":"","jetpack_publicize_message":"","jetpack_is_tweetstorm":false},"categories":[25,13],"tags":[],"aioseo_notices":[],"jetpack_featured_media_url":"http:\/\/catolicasmexico.com\/blog\/wp-content\/uploads\/2013\/05\/image-9.jpeg","jetpack_publicize_connections":[],"jetpack_shortlink":"https:\/\/wp.me\/p3B5XH-3v","jetpack-related-posts":[{"id":2894,"url":"http:\/\/catolicasmexico.com\/blog\/mayo-mes-del-santo-rosario\/","url_meta":{"origin":217,"position":0},"title":"Mayo mes del Santo Rosario","date":"7 mayo 2014","format":false,"excerpt":"Valoricemos en este mes de mayo el rezo del Santo Rosario, pide el Papa Francisco Virgen Del Rosario \/ Autor: Bartolom\u00e9 Esteban Murillo (Dominio P\u00fablico) VATICANO, 07 May. 14 \/ 09:41 am (ACI\/EWTN Noticias).- Al t\u00e9rmino de la Audiencia General de este mi\u00e9rcoles, el Papa Francisco invit\u00f3 a los miles\u2026","rel":"","context":"En \u00abFe\u00bb","img":{"alt_text":"","src":"https:\/\/i2.wp.com\/catolicasmexico.com\/blog\/wp-content\/uploads\/2014\/05\/20140507-155601.jpg?resize=350%2C200","width":350,"height":200},"classes":[]},{"id":1434,"url":"http:\/\/catolicasmexico.com\/blog\/lo-que-al-parecer-es-un-milagro-en-jardines-de-la-paz-guadalajara-mexico\/","url_meta":{"origin":217,"position":1},"title":"Lo que al parecer es un \"Milagro Eucar\u00edstico\"en Jardines de la Paz, Guadalajara. M\u00e9xico.","date":"26 julio 2013","format":false,"excerpt":"Comentario de www.catolicasmexico.com El hecho se produjo, apenas el d\u00eda de ayer, tendremos que esperar, una vez que se comiencen los estudios un tiempo para conocer el resultados de los mismos. Sin embargo, nosotros como cat\u00f3licos estamos seguros de la presencia de Nuestro Se\u00f1or Jesucristo en la Santa Eucarist\u00eda. He\u2026","rel":"","context":"En \u00abFe\u00bb","img":{"alt_text":"","src":"https:\/\/i0.wp.com\/catolicasmexico.com\/blog\/wp-content\/uploads\/2013\/07\/20130726-142344.jpg?resize=350%2C200","width":350,"height":200},"classes":[]},{"id":3734,"url":"http:\/\/catolicasmexico.com\/blog\/hillary-clinton-quiere-obligar-a-los-partidarios-de-la-tradicion-a-aceptar-el-aborto\/","url_meta":{"origin":217,"position":2},"title":"Hillary Clinton quiere obligar a los partidarios de la tradici\u00f3n a aceptar el aborto","date":"29 abril 2015","format":false,"excerpt":"Hillary Clinton contendiente por el partido democr\u00e1tico en las pr\u00f3ximas elecciones en 2016, no teme atacar directamente a la fe - y sobre todo a los cat\u00f3licos americanos - en una conferencia en Nueva York afirm\u00f3 que \"se debe cambiar\" las creencias religiosas que condenan 'derechos reproductivos'\" palabras sacadas del\u2026","rel":"","context":"En \u00abataques contra la Iglesia Catolica\u00bb","img":{"alt_text":"","src":"","width":0,"height":0},"classes":[]},{"id":3307,"url":"http:\/\/catolicasmexico.com\/blog\/satanistas-dicen-que-las-leyes-provida-violan-sus-creencias-religiosas\/","url_meta":{"origin":217,"position":3},"title":"Satanistas, dicen que las leyes pr\u00f3vida violan sus creencias religiosas.","date":"4 agosto 2014","format":false,"excerpt":"Art\u00edculo original en www.lifenews.com traducci\u00f3n y edici\u00f3n libre Sr.Martin Pacheco Cantaron el \u201cHail Satan\u201d despu\u00e9s de que el estado de Texas restringiera las leyes de aborto y ahora, est\u00e1n llevado a cabo un nuevo esfuerzo para que se respecte \u201csus derechos religiosos\u201d: el Templo Sat\u00e1nico (Satanic Temple) ahora reivindica\u00a0 \u201cprotecci\u00f3n\u2026","rel":"","context":"En \u00abAborto\u00bb","img":{"alt_text":"","src":"","width":0,"height":0},"classes":[]},{"id":2016,"url":"http:\/\/catolicasmexico.com\/blog\/tomate-10-minutos-que-pueden-cambiar-muchas-vidas-mujer-tus-modas-indecentes-me-crucifican-nuevamente\/","url_meta":{"origin":217,"position":4},"title":"TOMATE 10 MINUTOS QUE PUEDEN CAMBIAR MUCHAS VIDAS: MUJER, TUS MODAS INDECENTES ME CRUCIFICAN NUEVAMENTE","date":"4 noviembre 2013","format":false,"excerpt":"\u00a1Oh, mujer, m\u00edrame a M\u00ed, flagelado y coronado de espinas! \u00a1Contempla mis llagas y mis heridas..! Despu\u00e9s, escucha y reflexiona. Durante mi vida terrenal viv\u00ed como manso cordero. Fui al Calvario sin abrir la boca. Trat\u00e9 con dulzura a la Samaritana y se convirti\u00f3. Conmov\u00ed el coraz\u00f3n de Mar\u00eda Magdalena,\u2026","rel":"","context":"En \u00abEducaci\u00f3n\u00bb","img":{"alt_text":"","src":"https:\/\/i0.wp.com\/catolicasmexico.com\/blog\/wp-content\/uploads\/2013\/11\/20131104-1550461.jpg?resize=350%2C200","width":350,"height":200},"classes":[]},{"id":2426,"url":"http:\/\/catolicasmexico.com\/blog\/el-aborto-es-y-siempre-sera-una-practica-horrorosa-senala-semanario-mexicano\/","url_meta":{"origin":217,"position":5},"title":"El aborto es y siempre ser\u00e1 una pr\u00e1ctica horrorosa, se\u00f1ala Semanario mexicano","date":"21 enero 2014","format":false,"excerpt":"M\u00c9XICO D.F., 21 Ene. 14 \/ 08:37 am (ACI\/EWTN Noticias).- El editorial del Semanario Cat\u00f3lico de Informaci\u00f3n y Formaci\u00f3n de M\u00e9xico \u201cDesde la Fe\u201d, destac\u00f3 que \u201cel aborto es y ser\u00e1 siempre una pr\u00e1ctica horrorosa, pues acaba con la vida de los m\u00e1s indefensos, los que est\u00e1n comenzando su existencia\u2026","rel":"","context":"En \u00abAborto\u00bb","img":{"alt_text":"","src":"","width":0,"height":0},"classes":[]}],"jetpack_likes_enabled":false,"jetpack_sharing_enabled":true,"_links":{"self":[{"href":"http:\/\/catolicasmexico.com\/blog\/wp-json\/wp\/v2\/posts\/217"}],"collection":[{"href":"http:\/\/catolicasmexico.com\/blog\/wp-json\/wp\/v2\/posts"}],"about":[{"href":"http:\/\/catolicasmexico.com\/blog\/wp-json\/wp\/v2\/types\/post"}],"author":[{"embeddable":true,"href":"http:\/\/catolicasmexico.com\/blog\/wp-json\/wp\/v2\/users\/2"}],"replies":[{"embeddable":true,"href":"http:\/\/catolicasmexico.com\/blog\/wp-json\/wp\/v2\/comments?post=217"}],"version-history":[{"count":1,"href":"http:\/\/catolicasmexico.com\/blog\/wp-json\/wp\/v2\/posts\/217\/revisions"}],"predecessor-version":[{"id":219,"href":"http:\/\/catolicasmexico.com\/blog\/wp-json\/wp\/v2\/posts\/217\/revisions\/219"}],"wp:featuredmedia":[{"embeddable":true,"href":"http:\/\/catolicasmexico.com\/blog\/wp-json\/wp\/v2\/media\/218"}],"wp:attachment":[{"href":"http:\/\/catolicasmexico.com\/blog\/wp-json\/wp\/v2\/media?parent=217"}],"wp:term":[{"taxonomy":"category","embeddable":true,"href":"http:\/\/catolicasmexico.com\/blog\/wp-json\/wp\/v2\/categories?post=217"},{"taxonomy":"post_tag","embeddable":true,"href":"http:\/\/catolicasmexico.com\/blog\/wp-json\/wp\/v2\/tags?post=217"}],"curies":[{"name":"wp","href":"https:\/\/api.w.org\/{rel}","templated":true}]}}