{"id":214,"date":"2013-05-09T08:50:52","date_gmt":"2013-05-09T13:50:52","guid":{"rendered":"http:\/\/catolicasmexico.com\/blog\/?p=214"},"modified":"2013-05-08T18:54:13","modified_gmt":"2013-05-08T23:54:13","slug":"cercania-espiritual-del-papa-con-afectados-por-la-explosion-en-mexico","status":"publish","type":"post","link":"http:\/\/catolicasmexico.com\/blog\/cercania-espiritual-del-papa-con-afectados-por-la-explosion-en-mexico\/","title":{"rendered":"Cercania espiritual del Papa con afectados por la explosi\u00f3n en Mexico."},"content":{"rendered":"<p><a href=\"http:\/\/catolicasmexico.com\/blog\/wp-content\/uploads\/2013\/05\/image-81.jpeg\"><img data-attachment-id=\"215\" data-permalink=\"http:\/\/catolicasmexico.com\/blog\/cercania-espiritual-del-papa-con-afectados-por-la-explosion-en-mexico\/image-8-2\/\" data-orig-file=\"http:\/\/catolicasmexico.com\/blog\/wp-content\/uploads\/2013\/05\/image-81.jpeg\" data-orig-size=\"500,340\" data-comments-opened=\"1\" data-image-meta=\"{&quot;aperture&quot;:&quot;0&quot;,&quot;credit&quot;:&quot;&quot;,&quot;camera&quot;:&quot;&quot;,&quot;caption&quot;:&quot;&quot;,&quot;created_timestamp&quot;:&quot;0&quot;,&quot;copyright&quot;:&quot;&quot;,&quot;focal_length&quot;:&quot;0&quot;,&quot;iso&quot;:&quot;0&quot;,&quot;shutter_speed&quot;:&quot;0&quot;,&quot;title&quot;:&quot;&quot;,&quot;orientation&quot;:&quot;0&quot;}\" data-image-title=\"image (8)\" data-image-description=\"\" data-medium-file=\"http:\/\/catolicasmexico.com\/blog\/wp-content\/uploads\/2013\/05\/image-81-300x204.jpeg\" data-large-file=\"http:\/\/catolicasmexico.com\/blog\/wp-content\/uploads\/2013\/05\/image-81.jpeg\" class=\"alignnone size-medium wp-image-215\" title=\"image (8)\" src=\"http:\/\/catolicasmexico.com\/blog\/wp-content\/uploads\/2013\/05\/image-81-300x204.jpg\" alt=\"\" width=\"300\" height=\"204\" srcset=\"http:\/\/catolicasmexico.com\/blog\/wp-content\/uploads\/2013\/05\/image-81-300x204.jpg 300w, http:\/\/catolicasmexico.com\/blog\/wp-content\/uploads\/2013\/05\/image-81-150x150.jpeg 150w\" sizes=\"100vw\" \/> <\/a><\/p>\n<p>VATICANO, 08 May. 13 \/ 10:09 am (<a href=\"http:\/\/www.aciprensa.com\/\" target=\"_blank\"><strong>ACI\/EWTN Noticias<\/strong><\/a>).- El Papa Francisco envi\u00f3 un telegrama, a trav\u00e9s del\u00a0<a href=\"http:\/\/www.aciprensa.com\/Cardenales\/bertone.htm\" target=\"_blank\">Cardenal Tarcisio Bertone<\/a>, Secretario de Estado, a Mons. Oscar Roberto Dom\u00ednguez Couttolenc, Obispo de Ecatepec en M\u00e9xico, tras la explosi\u00f3n de un cami\u00f3n de gas en las cercan\u00edas de esa ciudad que dej\u00f3 el tr\u00e1gico saldo de 22 muertos, de los cuales 10 son menores de edad, y m\u00e1s de 30 heridos.<\/p>\n<p>Alrededor de las 5:20 a.m. de ayer un cami\u00f3n que transportaba aproximadamente 40 mil litros de gas explot\u00f3 en el kil\u00f3metro 14 de la autopista M\u00e9xico-Pachuca a la altura de San Pedro Xalostoc, en el Estado de M\u00e9xico.<\/p>\n<p>En conferencia de prensa el alcalde de Ecatepec, Pablo Bedolla, confirm\u00f3 que la cifra de muertos es de 20, de los cuales, 10 son menores de edad. Adem\u00e1s, 33 personas est\u00e1n siendo atendidas en los hospitales Rub\u00e9n Le\u00f1ero y Magdalena de las Salinas en el Distrito Federal, as\u00ed como en el Hospital General de Ecatepec.<\/p>\n<p>El telegrama que envi\u00f3 Francisco se\u00f1ala que \u00abel Santo Padre entristecido al recibir la noticia del grave accidente ocurrido a la altura del municipio de Ecatepec, que ha causado numerosas v\u00edctimas y heridos graves, as\u00ed como cuantiosos da\u00f1os ruega a Vuestra Excelencia que tenga la amabilidad de transmitir su cercan\u00eda espiritual a todos los afectados por esta tragedia, a la vez que ofrece sufragios pidiendo a Dios el eterno descanso de los que perdieron su<a href=\"http:\/\/www.aciprensa.com\/vida\" target=\"_blank\">vida<\/a>\u00a0en este lamentable percance\u00bb.<\/p>\n<p>\u00abAsimismo, Su Santidad el Papa Francisco, desea hacer llegar a trav\u00e9s de vuestra excelencia sus condolencias a los familiares de los difuntos, junto con expresiones de consuelo y afecto a todos los heridos, con el vivo deseo de su pronta y total recuperaci\u00f3n\u00bb.<\/p>\n<p>El texto indica al concluir que \u00abcon estos sentimientos, el Sumo Pont\u00edfice, mientras invoca el dulce nombre de Nuestra Se\u00f1ora de Guadalupe, imparte de coraz\u00f3n a todos la confortadora bendici\u00f3n apost\u00f3lica, como signo de esperanza en Cristo resucitado\u00bb.<\/p>\n","protected":false},"excerpt":{"rendered":"<p>VATICANO, 08 May. 13 \/ 10:09 am (ACI\/EWTN Noticias).- El Papa Francisco envi\u00f3 un telegrama, a trav\u00e9s del\u00a0Cardenal Tarcisio Bertone, Secretario de Estado, a Mons. Oscar Roberto Dom\u00ednguez Couttolenc, Obispo de Ecatepec en M\u00e9xico, tras la explosi\u00f3n de un cami\u00f3n de gas en las cercan\u00edas de esa ciudad que dej\u00f3 el tr\u00e1gico saldo de 22 [&hellip;]<\/p>\n","protected":false},"author":2,"featured_media":215,"comment_status":"open","ping_status":"open","sticky":false,"template":"","format":"standard","meta":{"spay_email":"","jetpack_publicize_message":"","jetpack_is_tweetstorm":false},"categories":[25,13],"tags":[],"aioseo_notices":[],"jetpack_featured_media_url":"http:\/\/catolicasmexico.com\/blog\/wp-content\/uploads\/2013\/05\/image-81.jpeg","jetpack_publicize_connections":[],"jetpack_shortlink":"https:\/\/wp.me\/p3B5XH-3s","jetpack-related-posts":[{"id":2579,"url":"http:\/\/catolicasmexico.com\/blog\/la-relacion-entre-la-violencia-desmedida-y-los-abortos-en-mexico\/","url_meta":{"origin":214,"position":0},"title":"La relaci\u00f3n entre la violencia desmedida y los abortos en M\u00e9xico","date":"13 febrero 2014","format":false,"excerpt":"Art\u00edculo Alejandra Mu\u00f1oz. El pasado 26 de enero, los Cardenales Noberto Rivera Carrera de la Arquidi\u00f3cesis del Distrito Federal y Monse\u00f1or Juan Sandoval I\u00f1iguez Arzobispo em\u00e9rito de Guadalajara oficializaron una Misa en la Catedral Metropolitana de la Ciudad de M\u00e9xico. Despu\u00e9s de la Misa, se dio una conferencia para presentar\u2026","rel":"","context":"En \u00abAborto\u00bb","img":{"alt_text":"","src":"","width":0,"height":0},"classes":[]},{"id":631,"url":"http:\/\/catolicasmexico.com\/blog\/la-legalizacion-del-aborto-esta-detras-de-la-posesion-del-hombre-que-fue-exorcizado-por-el-papa-francisco-afirma-un-exorcista\/","url_meta":{"origin":214,"position":1},"title":"La legalizaci\u00f3n del aborto est\u00e1 detr\u00e1s de la posesi\u00f3n del hombre que fue exorcizado por el Papa Francisco, afirma un exorcista","date":"31 mayo 2013","format":false,"excerpt":"Por Hilary White, corresponsal en Roma. Noticia de\u00a0LifeSiteNews.com Traducci\u00f3n y Redacci\u00f3n libre . Alejandro P. de\u00a0www.catolicasmexico.com Roma, 30 de mayo del 2013 (LifeSiteNews.com) \u2013 Un video que muestra al Papa Francisco realizando un exorcismo improvisado se ha popularizado tanto en el mundo cat\u00f3lico como al exterior y \u00e9sta semana un\u2026","rel":"","context":"En \u00abAborto\u00bb","img":{"alt_text":"","src":"https:\/\/i2.wp.com\/catolicasmexico.com\/blog\/wp-content\/uploads\/2013\/05\/image-30.jpeg?resize=350%2C200","width":350,"height":200},"classes":[]},{"id":2010,"url":"http:\/\/catolicasmexico.com\/blog\/mexico-ciudad-juarezchihuahua-cayo-a-las-sombras-de-sodoma-y-gomorra-por-un-recurso-de-amparo\/","url_meta":{"origin":214,"position":2},"title":"M\u00e9xico: Ciudad Ju\u00e1rez,Chihuahua cayo a las sombras de Sodoma y Gomorra por un recurso de amparo","date":"4 noviembre 2013","format":false,"excerpt":"Una vez m\u00e1s, por la decisi\u00f3n de unos cuantos jueces, se cambian las leyes de toda una naci\u00f3n, recordemos como el aborto fue legalizado en E.U. y como por la decisi\u00f3n de esas 9 personas integrantes de la corte suprema, se acaba con la vida de 330,000 seres humanos cada\u2026","rel":"","context":"En \u00abHomosexualidad\u00bb","img":{"alt_text":"","src":"","width":0,"height":0},"classes":[]},{"id":2217,"url":"http:\/\/catolicasmexico.com\/blog\/hoy-la-iglesia-celebra-a-la-virgen-de-guadalupe-patrona-de-america\/","url_meta":{"origin":214,"position":3},"title":"Hoy la Iglesia celebra a la Virgen de Guadalupe, Patrona de Am\u00e9rica","date":"12 diciembre 2013","format":false,"excerpt":"LIMA, 12 Dic. 13 \/ 12:04 am (ACI).- Hoy 12 de diciembre fieles en el mundo entero festejan a Nuestra Se\u00f1ora de Guadalupe, Patrona de M\u00e9xico y Emperatriz de Am\u00e9rica, y en el marco de esta fecha el Papa Francisco se\u00f1al\u00f3 que la aparici\u00f3n de la Madre de Dios en\u2026","rel":"","context":"En \u00abFe\u00bb","img":{"alt_text":"","src":"","width":0,"height":0},"classes":[]},{"id":2426,"url":"http:\/\/catolicasmexico.com\/blog\/el-aborto-es-y-siempre-sera-una-practica-horrorosa-senala-semanario-mexicano\/","url_meta":{"origin":214,"position":4},"title":"El aborto es y siempre ser\u00e1 una pr\u00e1ctica horrorosa, se\u00f1ala Semanario mexicano","date":"21 enero 2014","format":false,"excerpt":"M\u00c9XICO D.F., 21 Ene. 14 \/ 08:37 am (ACI\/EWTN Noticias).- El editorial del Semanario Cat\u00f3lico de Informaci\u00f3n y Formaci\u00f3n de M\u00e9xico \u201cDesde la Fe\u201d, destac\u00f3 que \u201cel aborto es y ser\u00e1 siempre una pr\u00e1ctica horrorosa, pues acaba con la vida de los m\u00e1s indefensos, los que est\u00e1n comenzando su existencia\u2026","rel":"","context":"En \u00abAborto\u00bb","img":{"alt_text":"","src":"","width":0,"height":0},"classes":[]},{"id":2908,"url":"http:\/\/catolicasmexico.com\/blog\/onu-apoya-iniciativa-de-ley-proabortista-necesitamos-tu-firma\/","url_meta":{"origin":214,"position":5},"title":"ONU apoya iniciativa de ley proabortista, necesitamos tu firma.","date":"12 mayo 2014","format":false,"excerpt":"para firmar la petici\u00f3n en contra de esta iniciativa de ley,click aqui comparte a tus contactos, que sepa el gobernador de guerrero que no estamos de acuerdo con esta iniciativa de ley, ni con la agenda abortista de la ONU. articulo de yoinfuyo.com Alto Comisionado de las Naciones Unidas para\u2026","rel":"","context":"En \u00abAborto\u00bb","img":{"alt_text":"","src":"https:\/\/i2.wp.com\/catolicasmexico.com\/blog\/wp-content\/uploads\/2014\/05\/20140512-201036.jpg?resize=350%2C200","width":350,"height":200},"classes":[]}],"jetpack_likes_enabled":false,"jetpack_sharing_enabled":true,"_links":{"self":[{"href":"http:\/\/catolicasmexico.com\/blog\/wp-json\/wp\/v2\/posts\/214"}],"collection":[{"href":"http:\/\/catolicasmexico.com\/blog\/wp-json\/wp\/v2\/posts"}],"about":[{"href":"http:\/\/catolicasmexico.com\/blog\/wp-json\/wp\/v2\/types\/post"}],"author":[{"embeddable":true,"href":"http:\/\/catolicasmexico.com\/blog\/wp-json\/wp\/v2\/users\/2"}],"replies":[{"embeddable":true,"href":"http:\/\/catolicasmexico.com\/blog\/wp-json\/wp\/v2\/comments?post=214"}],"version-history":[{"count":1,"href":"http:\/\/catolicasmexico.com\/blog\/wp-json\/wp\/v2\/posts\/214\/revisions"}],"predecessor-version":[{"id":216,"href":"http:\/\/catolicasmexico.com\/blog\/wp-json\/wp\/v2\/posts\/214\/revisions\/216"}],"wp:featuredmedia":[{"embeddable":true,"href":"http:\/\/catolicasmexico.com\/blog\/wp-json\/wp\/v2\/media\/215"}],"wp:attachment":[{"href":"http:\/\/catolicasmexico.com\/blog\/wp-json\/wp\/v2\/media?parent=214"}],"wp:term":[{"taxonomy":"category","embeddable":true,"href":"http:\/\/catolicasmexico.com\/blog\/wp-json\/wp\/v2\/categories?post=214"},{"taxonomy":"post_tag","embeddable":true,"href":"http:\/\/catolicasmexico.com\/blog\/wp-json\/wp\/v2\/tags?post=214"}],"curies":[{"name":"wp","href":"https:\/\/api.w.org\/{rel}","templated":true}]}}