{"id":212,"date":"2013-05-09T08:41:47","date_gmt":"2013-05-09T13:41:47","guid":{"rendered":"http:\/\/catolicasmexico.com\/blog\/?p=212"},"modified":"2017-07-24T11:43:52","modified_gmt":"2017-07-24T16:43:52","slug":"miles-marchan-por-la-vida-en-colombia","status":"publish","type":"post","link":"http:\/\/catolicasmexico.com\/blog\/miles-marchan-por-la-vida-en-colombia\/","title":{"rendered":"Miles marchan por la vida en Colombia"},"content":{"rendered":"<p><a href=\"http:\/\/catolicasmexico.com\/blog\/wp-content\/uploads\/2013\/07\/20130711-1836141.jpg\"><img data-attachment-id=\"1236\" data-permalink=\"http:\/\/catolicasmexico.com\/blog\/miles-marchan-por-la-vida-en-colombia\/20130711-183614-jpg-2\/\" data-orig-file=\"http:\/\/catolicasmexico.com\/blog\/wp-content\/uploads\/2013\/07\/20130711-1836141.jpg\" data-orig-size=\"183,275\" data-comments-opened=\"1\" data-image-meta=\"{&quot;aperture&quot;:&quot;0&quot;,&quot;credit&quot;:&quot;&quot;,&quot;camera&quot;:&quot;&quot;,&quot;caption&quot;:&quot;&quot;,&quot;created_timestamp&quot;:&quot;0&quot;,&quot;copyright&quot;:&quot;&quot;,&quot;focal_length&quot;:&quot;0&quot;,&quot;iso&quot;:&quot;0&quot;,&quot;shutter_speed&quot;:&quot;0&quot;,&quot;title&quot;:&quot;&quot;,&quot;orientation&quot;:&quot;1&quot;}\" data-image-title=\"20130711-183614.jpg\" data-image-description=\"\" data-medium-file=\"http:\/\/catolicasmexico.com\/blog\/wp-content\/uploads\/2013\/07\/20130711-1836141.jpg\" data-large-file=\"http:\/\/catolicasmexico.com\/blog\/wp-content\/uploads\/2013\/07\/20130711-1836141.jpg\" src=\"http:\/\/catolicasmexico.com\/blog\/wp-content\/uploads\/2013\/07\/20130711-1836141.jpg\" alt=\"\" width=\"183\" height=\"275\" class=\"alignleft size-full wp-image-1236\" srcset=\"http:\/\/catolicasmexico.com\/blog\/wp-content\/uploads\/2013\/07\/20130711-1836141.jpg 183w, http:\/\/catolicasmexico.com\/blog\/wp-content\/uploads\/2013\/07\/20130711-1836141-150x150.jpg 150w\" sizes=\"100vw\" \/> <\/a><\/p>\n<p><object width=\"560\" height=\"315\" classid=\"clsid:d27cdb6e-ae6d-11cf-96b8-444553540000\" codebase=\"http:\/\/download.macromedia.com\/pub\/shockwave\/cabs\/flash\/swflash.cab#version=6,0,40,0\"><param name=\"allowFullScreen\" value=\"true\" \/><param name=\"allowscriptaccess\" value=\"always\" \/><param name=\"src\" value=\"http:\/\/www.youtube.com\/v\/O7Fck5Agqtc?version=3&amp;hl=en_GB&amp;rel=0\" \/><param name=\"allowfullscreen\" value=\"true\" \/><\/object><\/p>\n","protected":false},"excerpt":{"rendered":"","protected":false},"author":2,"featured_media":1236,"comment_status":"open","ping_status":"open","sticky":false,"template":"","format":"standard","meta":{"spay_email":"","jetpack_publicize_message":"","jetpack_is_tweetstorm":false},"categories":[9,26],"tags":[],"aioseo_notices":[],"jetpack_featured_media_url":"http:\/\/catolicasmexico.com\/blog\/wp-content\/uploads\/2013\/07\/20130711-1836141.jpg","jetpack_publicize_connections":[],"jetpack_shortlink":"https:\/\/wp.me\/p3B5XH-3q","jetpack-related-posts":[{"id":2416,"url":"http:\/\/catolicasmexico.com\/blog\/los-provida-40-000-los-abortistas-200-exito-mediatico-espanol-de-la-marcha-por-la-vida-en-paris-rel\/","url_meta":{"origin":212,"position":0},"title":"Los provida, 40.000; los abortistas, 200: \u00e9xito medi\u00e1tico espa\u00f1ol de la Marcha por la Vida en Par\u00eds - ReL","date":"20 enero 2014","format":false,"excerpt":"Articulo de religi\u00f3n en libertad. La Marcha por la Vida del domingo 19 de enero en Par\u00eds (la explicamos con detalle aqu\u00ed) fue la m\u00e1s numerosa desde que se volvieron a convocar estos actos en 2005, con unos 40.000 manifestantes que salieron de la plaza Denfert-Rochereau (la polic\u00eda, despu\u00e9s de\u2026","rel":"","context":"En \u00abAborto\u00bb","img":{"alt_text":"","src":"https:\/\/i0.wp.com\/catolicasmexico.com\/blog\/wp-content\/uploads\/2014\/01\/20140120-1858201.jpg?resize=350%2C200","width":350,"height":200},"classes":[]},{"id":2839,"url":"http:\/\/catolicasmexico.com\/blog\/marcha-por-la-vida-en-colombia-este-17-de-mayo\/","url_meta":{"origin":212,"position":1},"title":"Marcha por la vida en Colombia este 17 de mayo.","date":"21 abril 2014","format":false,"excerpt":"Colombia: Anuncian Marcha por la Vida a ocho a\u00f1os de despenalizaci\u00f3n del aborto BOGOT\u00c1, 21 Abr. 14 \/ 03:40 am (ACI\/EWTN Noticias).- Las organizaciones defensoras de la vida en Colombia anunciaron para el 17 de mayo la realizaci\u00f3n de la 8 Marcha por la Vida, conmemorando los 8 a\u00f1os de\u2026","rel":"","context":"En \u00abAborto\u00bb","img":{"alt_text":"","src":"https:\/\/i1.wp.com\/catolicasmexico.com\/blog\/wp-content\/uploads\/2014\/04\/20140421-120317.jpg?resize=350%2C200","width":350,"height":200},"classes":[]},{"id":743,"url":"http:\/\/catolicasmexico.com\/blog\/contra-el-aborto-y-el-lobby-gay-miles-marchan-por-la-vida-y-la-familia-en-brasil\/","url_meta":{"origin":212,"position":2},"title":"Contra el aborto y el lobby gay Miles marchan por la vida y la familia en Brasil","date":"6 junio 2013","format":false,"excerpt":"BRASILIA, 05 Jun. 13 \/ 03:51 pm (ACI).- El 4 de junio miles de brasile\u00f1os participaron en una marcha de protesta en la capital del pa\u00eds, Brasilia, contra proyectos de ley que proponen la legalizaci\u00f3n del aborto en el pa\u00eds, as\u00ed como contra una reciente decisi\u00f3n judicial que autoriz\u00f3 el\u2026","rel":"","context":"En \u00abAborto\u00bb","img":{"alt_text":"","src":"","width":0,"height":0},"classes":[]},{"id":3766,"url":"http:\/\/catolicasmexico.com\/blog\/25-000-marchan-por-la-vida-en-el-parlamento-de-canada\/","url_meta":{"origin":212,"position":3},"title":"25 000 marchan por la vida en el Parlamento de Canad\u00e1","date":"18 mayo 2015","format":false,"excerpt":"14 de mayo, 2015 (LifeSiteNews) - Cuarenta y seis a\u00f1os despu\u00e9s de que Canad\u00e1 legaliz\u00f3 la matanza de ni\u00f1os en el vientre, casi 25.000 personas se manifestaron en el Parlamento en Ottawa con un mensaje a los canadienses y particularmente a los miembros del parlamento: \"Que la vida gane!\" Organizado\u2026","rel":"","context":"En \u00abAborto\u00bb","img":{"alt_text":"","src":"https:\/\/i1.wp.com\/catolicasmexico.com\/blog\/wp-content\/uploads\/2015\/05\/20150518-103341.jpg?resize=350%2C200","width":350,"height":200},"classes":[]},{"id":1693,"url":"http:\/\/catolicasmexico.com\/blog\/bolivia-podria-despenalizar-el-aborto-los-pro-vida-y-pro-familias-salen-a-las-calles-en-forma-masiva\/","url_meta":{"origin":212,"position":4},"title":"Bolivia podr\u00eda despenalizar el aborto los pro-vida y pro-familias salen a las calles en forma masiva","date":"26 agosto 2013","format":false,"excerpt":"Noticia de AGENCIALA VOZ. Edici\u00f3n www.catolicasmexico.com LA PAZ, BOLIVIA .- (AGENCIALAVOZ) Miles de personas se manifestaron el jueves en cuatro regiones de Bolivia en contra del aborto despu\u00e9s que una legisladora present\u00f3 un proyecto para su despenalizaci\u00f3n. La protesta, denominada \"En defensa de la vida\", uni\u00f3 a personas en los\u2026","rel":"","context":"En \u00abAborto\u00bb","img":{"alt_text":"","src":"https:\/\/i0.wp.com\/catolicasmexico.com\/blog\/wp-content\/uploads\/2013\/08\/20130826-121724.jpg?resize=350%2C200","width":350,"height":200},"classes":[]},{"id":1883,"url":"http:\/\/catolicasmexico.com\/blog\/comunidad-hispanoamericana-los-40-dias-por-la-vida-comienzan-manana\/","url_meta":{"origin":212,"position":5},"title":"Comunidad hispanoamericana ...\u00a1 Los 40 d\u00edas por la vida comienzan ma\u00f1ana!","date":"23 septiembre 2013","format":false,"excerpt":"Redacci\u00f3n: Alejandra Mu\u00f1oz. Reconociendo que con Dios todas las cosas son posibles, este oto\u00f1o, nuestra comunidad se est\u00e1 uniendo a cientos de otras comunidades a trav\u00e9s de todo el mundo para la movilizaci\u00f3n pro-vida m\u00e1s grande de la historia . 40 D\u00edas por la Vida es una campa\u00f1a pro-vida pac\u00edfica\u2026","rel":"","context":"En \u00ab40 D\u00edas por la vida\u00bb","img":{"alt_text":"","src":"https:\/\/i1.wp.com\/catolicasmexico.com\/blog\/wp-content\/uploads\/2013\/09\/20130923-192224.jpg?resize=350%2C200","width":350,"height":200},"classes":[]}],"jetpack_likes_enabled":false,"jetpack_sharing_enabled":true,"_links":{"self":[{"href":"http:\/\/catolicasmexico.com\/blog\/wp-json\/wp\/v2\/posts\/212"}],"collection":[{"href":"http:\/\/catolicasmexico.com\/blog\/wp-json\/wp\/v2\/posts"}],"about":[{"href":"http:\/\/catolicasmexico.com\/blog\/wp-json\/wp\/v2\/types\/post"}],"author":[{"embeddable":true,"href":"http:\/\/catolicasmexico.com\/blog\/wp-json\/wp\/v2\/users\/2"}],"replies":[{"embeddable":true,"href":"http:\/\/catolicasmexico.com\/blog\/wp-json\/wp\/v2\/comments?post=212"}],"version-history":[{"count":3,"href":"http:\/\/catolicasmexico.com\/blog\/wp-json\/wp\/v2\/posts\/212\/revisions"}],"predecessor-version":[{"id":4740,"href":"http:\/\/catolicasmexico.com\/blog\/wp-json\/wp\/v2\/posts\/212\/revisions\/4740"}],"wp:featuredmedia":[{"embeddable":true,"href":"http:\/\/catolicasmexico.com\/blog\/wp-json\/wp\/v2\/media\/1236"}],"wp:attachment":[{"href":"http:\/\/catolicasmexico.com\/blog\/wp-json\/wp\/v2\/media?parent=212"}],"wp:term":[{"taxonomy":"category","embeddable":true,"href":"http:\/\/catolicasmexico.com\/blog\/wp-json\/wp\/v2\/categories?post=212"},{"taxonomy":"post_tag","embeddable":true,"href":"http:\/\/catolicasmexico.com\/blog\/wp-json\/wp\/v2\/tags?post=212"}],"curies":[{"name":"wp","href":"https:\/\/api.w.org\/{rel}","templated":true}]}}