{"id":2111,"date":"2013-11-22T17:42:41","date_gmt":"2013-11-22T23:42:41","guid":{"rendered":"http:\/\/catolicasmexico.com\/blog\/?p=2111"},"modified":"2013-11-25T12:40:47","modified_gmt":"2013-11-25T18:40:47","slug":"en-navidad-eeuu-prohibe-el-nombre-de-jesus-en-las-escuelas","status":"publish","type":"post","link":"http:\/\/catolicasmexico.com\/blog\/en-navidad-eeuu-prohibe-el-nombre-de-jesus-en-las-escuelas\/","title":{"rendered":"En navidad EEUU prohibe el nombre de Jes\u00fas en las escuelas."},"content":{"rendered":"<p><a href=\"http:\/\/catolicasmexico.com\/blog\/wp-content\/uploads\/2013\/11\/20131125-134804.jpg\"><img src=\"http:\/\/catolicasmexico.com\/blog\/wp-content\/uploads\/2013\/11\/20131125-134804.jpg\" alt=\"20131125-134804.jpg\" class=\"alignnone size-full\"  \/> <\/a><\/p>\n<p>Del sitio http:\/\/www.christianophobie.fr, traducci\u00f3n y edici\u00f3n libre www.catolicasmexico.com<\/p>\n<p>Darril Woods que vive en College Park, Georgia (Estados Unidos) y su peque\u00f1o hijo que estudia en la Main Street Academy se llevaron una gran sorpresa al leer en su libreta  el recado del profesor de m\u00fasica anunciando el programa \u00abde festividades\u00bb de los estudiantes : \u00abcomenzaremos los ensayos de canciones populares norteamericanas para esta temporada de fiestas (como Jingle Bells, Feliz Navidad y Santa Claus llega a la ciudad ) (durante el curso de la m\u00fasica) &#8216; pero el profesor agreg\u00f3:  \u00abninguna canci\u00f3n religiosa estar\u00e1 en el programa\u00bb. Cuando vi\u00f3 por escrito, esta censura de Cristo en las canciones de navidad, se escandaliz\u00f3 este padre de familia y quiso expresar su decepci\u00f3n al director de la instituci\u00f3n y explicarle que el motivo de la Navidad es todav\u00eda la celebraci\u00f3n del nacimiento de Jes\u00fas, pero el Director no se dign\u00f3 siquiera a contestarle el tel\u00e9fono. Entonces el padre de familia pas\u00f3 esta informaci\u00f3n a FoxNews, el periodista intent\u00f3 varias veces, obtener explicaciones del Director, pero no obtuvo ning\u00fan resultado. Este padre de familia y el periodista descubrieron la discriminaci\u00f3n contra los cristianos, recalcando que en estos tiempos no est\u00e1n mal  \u00abcelebrar\u00bb Halloween con  todo y su cortejo de fantasmas, demonios y espantajos&#8230; Como dice este padre: \u00ab\u00a1Tienen el derecho de celebrar a los demonios, pero no de festejar a Jes\u00fas!\u00bb como siempre  las dos diferentes medidas y los dos diferentes pesos  son aplicados.  (&#8230;)<\/p>\n<p>-Ver m\u00e1s en: http:\/\/www.christianophobie.fr\/breves\/etats-unis-jesus-banni-pour-noel-fete-de-son-anniversaire<\/p>\n","protected":false},"excerpt":{"rendered":"<p>Del sitio http:\/\/www.christianophobie.fr, traducci\u00f3n y edici\u00f3n libre www.catolicasmexico.com Darril Woods que vive en College Park, Georgia (Estados Unidos) y su peque\u00f1o hijo que estudia en la Main Street Academy se llevaron una gran sorpresa al leer en su libreta el recado del profesor de m\u00fasica anunciando el programa \u00abde festividades\u00bb de los estudiantes : \u00abcomenzaremos [&hellip;]<\/p>\n","protected":false},"author":2,"featured_media":2129,"comment_status":"open","ping_status":"open","sticky":false,"template":"","format":"standard","meta":{"spay_email":"","jetpack_publicize_message":"","jetpack_is_tweetstorm":false},"categories":[72,19,197],"tags":[730,231],"aioseo_notices":[],"jetpack_featured_media_url":"http:\/\/catolicasmexico.com\/blog\/wp-content\/uploads\/2013\/11\/20131125-134804.jpg","jetpack_publicize_connections":[],"jetpack_shortlink":"https:\/\/wp.me\/p3B5XH-y3","jetpack-related-posts":[{"id":3440,"url":"http:\/\/catolicasmexico.com\/blog\/los-grandes-triunfos-provida-en-eeuu-y-el-poder-de-la-oracion\/","url_meta":{"origin":2111,"position":0},"title":"Los grandes triunfos provida en EEUU y el poder de la oraci\u00f3n.","date":"30 septiembre 2014","format":false,"excerpt":"10,000 beb\u00e9s fueron salvados durante 3 a\u00f1os, gracias a que el aborto por parto parcial fue prohibido en 2003, (consiste en inducir el parto, sacando al beb\u00e9 por los pies y una vez que se alcanza la cabeza esta se perfora a nivel de la fontanela , para retirar el\u2026","rel":"","context":"En \u00abAborto\u00bb","img":{"alt_text":"","src":"https:\/\/i1.wp.com\/catolicasmexico.com\/blog\/wp-content\/uploads\/2014\/09\/20140930-161915.jpg?resize=350%2C200","width":350,"height":200},"classes":[]},{"id":2329,"url":"http:\/\/catolicasmexico.com\/blog\/un-matematico-crea-el-embarazo-total\/","url_meta":{"origin":2111,"position":1},"title":"Un matem\u00e1tico \u00abcrea\u00bb el embarazo total.","date":"9 enero 2014","format":false,"excerpt":"\u00a0 Del sitio Religi\u00f3n en libertad. Alexander Tsiaras, profesor de visualizaci\u00f3n cient\u00edfica en la Universidad de Yale y colaborador en proyectos de la NASA, present\u00f3 en diciembre de 2010 un impresionante esquema del desarrollo humano desde la concepci\u00f3n al parto. En m\u00e1s de una ocasi\u00f3n reitera que sin el dise\u00f1o\u2026","rel":"","context":"En \u00abEEUU\u00bb","img":{"alt_text":"","src":"https:\/\/i1.wp.com\/catolicasmexico.com\/blog\/wp-content\/uploads\/2014\/01\/etapas-del-embarazo.jpg?resize=350%2C200","width":350,"height":200},"classes":[]},{"id":322,"url":"http:\/\/catolicasmexico.com\/blog\/empresa-pionera-de-alimentos-organicos-demanda-mandato-abortista-de-obama-en-eeuu\/","url_meta":{"origin":2111,"position":2},"title":"Empresa pionera de alimentos org\u00e1nicos, demanda mandato abortista de Obama en EEUU","date":"15 mayo 2013","format":false,"excerpt":"MICHIGAN, 25 Abr. 13 \/ 06:02 am (ACI\/EWTN Noticias).- Eden Foods, la empresa pionera en alimentos naturales y org\u00e1nicos de los Estados Unidos con sede en Michigan, present\u00f3 una demanda en contra del mandato abortista del Presidente Barack Omaba que obliga a las empresas a brindar planes de salud que\u2026","rel":"","context":"En \u00abContracepci\u00f3n\u00bb","img":{"alt_text":"","src":"https:\/\/i0.wp.com\/catolicasmexico.com\/blog\/wp-content\/uploads\/2013\/05\/image-18.jpeg?resize=350%2C200","width":350,"height":200},"classes":[]},{"id":4320,"url":"http:\/\/catolicasmexico.com\/blog\/eeuu-clinto-y-sanders-fueron-cuestionados-sobre-el-aborto-en-un-debate-en-fox-news\/","url_meta":{"origin":2111,"position":3},"title":"EEUU: Clinto y Sanders fueron cuestionados sobre el aborto en un debate en Fox News.","date":"23 marzo 2016","format":false,"excerpt":"todos los que siguen la campa\u00f1a nacional del Partido Dem\u00f3crata saben que es el partido de los derechos por aborto en los \u00faltimos 45 a\u00f1os. Los medios de comunicaci\u00f3n hab\u00edan evitado cuestionarlos sobre sus puntos de vista sobre el aborto. Pero por la presi\u00f3n de los telespectadores en un debate\u2026","rel":"","context":"En \u00abAborto\u00bb","img":{"alt_text":"","src":"https:\/\/i2.wp.com\/catolicasmexico.com\/blog\/wp-content\/uploads\/2016\/03\/IMG_0489.jpg?resize=350%2C200","width":350,"height":200},"classes":[]},{"id":2836,"url":"http:\/\/catolicasmexico.com\/blog\/estados-unidos-proyecto-de-ley-abortista-anularia-toda-ley-pro-vida-en-colorado\/","url_meta":{"origin":2111,"position":4},"title":"Estados Unidos: Proyecto de ley abortista anular\u00eda toda ley pro-vida en Colorado","date":"21 abril 2014","format":false,"excerpt":"Imagen referencial. Foto: Suparna Sinha (CC-BY-SA-2.0) DENVER, 16 Abr. 14 \/ 10:16 pm (ACI\/EWTN Noticias).- Un comit\u00e9 del Senado de Colorado aprob\u00f3 un proyecto de ley que prohibir\u00eda a futuro la aprobaci\u00f3n de cualquier ley pro-vida en el estado, desatando una ola de cr\u00edticas. La propuesta de ley 175 establece\u2026","rel":"","context":"En \u00abAborto\u00bb","img":{"alt_text":"","src":"https:\/\/i2.wp.com\/catolicasmexico.com\/blog\/wp-content\/uploads\/2014\/04\/20140421-115712.jpg?resize=350%2C200","width":350,"height":200},"classes":[]},{"id":2357,"url":"http:\/\/catolicasmexico.com\/blog\/aunque-usted-no-lo-crea-grupo-satanico-presenta-la-estatua-del-demonio-para-los-ninos-y-piden-colocar-en-espacio-publico\/","url_meta":{"origin":2111,"position":5},"title":"Aunque Usted no lo crea: Grupo sat\u00e1nico presenta la estatua del demonio \u00abpara los ni\u00f1os\u00bb y piden colocar en espacio p\u00fablico","date":"10 enero 2014","format":false,"excerpt":"- Articulo de religi\u00f3nenlibertad. Miembros de un grupo sat\u00e1nico presentaron su dise\u00f1o para una estatua propuesta en el Capitolio del Estado de Oklahoma (EEUU), incluyendo un sitio para que la gente pueda sentarse en el regazo del diablo \u201cpara la inspiraci\u00f3n y la contemplaci\u00f3n\u201d, seg\u00fan informa CNN. Recientemente publicamos en\u2026","rel":"","context":"En \u00abEEUU\u00bb","img":{"alt_text":"","src":"https:\/\/i1.wp.com\/catolicasmexico.com\/blog\/wp-content\/uploads\/2014\/01\/20140110-1151401.jpg?resize=350%2C200","width":350,"height":200},"classes":[]}],"jetpack_likes_enabled":false,"jetpack_sharing_enabled":true,"_links":{"self":[{"href":"http:\/\/catolicasmexico.com\/blog\/wp-json\/wp\/v2\/posts\/2111"}],"collection":[{"href":"http:\/\/catolicasmexico.com\/blog\/wp-json\/wp\/v2\/posts"}],"about":[{"href":"http:\/\/catolicasmexico.com\/blog\/wp-json\/wp\/v2\/types\/post"}],"author":[{"embeddable":true,"href":"http:\/\/catolicasmexico.com\/blog\/wp-json\/wp\/v2\/users\/2"}],"replies":[{"embeddable":true,"href":"http:\/\/catolicasmexico.com\/blog\/wp-json\/wp\/v2\/comments?post=2111"}],"version-history":[{"count":12,"href":"http:\/\/catolicasmexico.com\/blog\/wp-json\/wp\/v2\/posts\/2111\/revisions"}],"predecessor-version":[{"id":2130,"href":"http:\/\/catolicasmexico.com\/blog\/wp-json\/wp\/v2\/posts\/2111\/revisions\/2130"}],"wp:featuredmedia":[{"embeddable":true,"href":"http:\/\/catolicasmexico.com\/blog\/wp-json\/wp\/v2\/media\/2129"}],"wp:attachment":[{"href":"http:\/\/catolicasmexico.com\/blog\/wp-json\/wp\/v2\/media?parent=2111"}],"wp:term":[{"taxonomy":"category","embeddable":true,"href":"http:\/\/catolicasmexico.com\/blog\/wp-json\/wp\/v2\/categories?post=2111"},{"taxonomy":"post_tag","embeddable":true,"href":"http:\/\/catolicasmexico.com\/blog\/wp-json\/wp\/v2\/tags?post=2111"}],"curies":[{"name":"wp","href":"https:\/\/api.w.org\/{rel}","templated":true}]}}