{"id":209,"date":"2013-05-09T08:00:56","date_gmt":"2013-05-09T13:00:56","guid":{"rendered":"http:\/\/catolicasmexico.com\/blog\/?p=209"},"modified":"2017-07-24T11:40:42","modified_gmt":"2017-07-24T16:40:42","slug":"jovenes-exaltados-impiden-hablar-del-aborto-y-sus-alternativas-en-la-universidad-de-alicante-tampoco-los-carteles-que-anunciaban-la-charla-unos-dias-antes-resistieron-la-embestida","status":"publish","type":"post","link":"http:\/\/catolicasmexico.com\/blog\/jovenes-exaltados-impiden-hablar-del-aborto-y-sus-alternativas-en-la-universidad-de-alicante-tampoco-los-carteles-que-anunciaban-la-charla-unos-dias-antes-resistieron-la-embestida\/","title":{"rendered":"J\u00f3venes exaltados impiden hablar del aborto y sus alternativas en la Universidad de Alicante Tampoco los carteles que anunciaban la charla unos d\u00edas antes resistieron la embestida"},"content":{"rendered":"<p><a href=\"http:\/\/catolicasmexico.com\/blog\/wp-content\/uploads\/2013\/04\/image-2.jpeg\"><img data-attachment-id=\"60\" data-permalink=\"http:\/\/catolicasmexico.com\/blog\/concurso-este-soy-yo\/image-2\/\" data-orig-file=\"http:\/\/catolicasmexico.com\/blog\/wp-content\/uploads\/2013\/04\/image-2.jpeg\" data-orig-size=\"120,120\" data-comments-opened=\"1\" data-image-meta=\"{&quot;aperture&quot;:&quot;0&quot;,&quot;credit&quot;:&quot;&quot;,&quot;camera&quot;:&quot;&quot;,&quot;caption&quot;:&quot;&quot;,&quot;created_timestamp&quot;:&quot;0&quot;,&quot;copyright&quot;:&quot;&quot;,&quot;focal_length&quot;:&quot;0&quot;,&quot;iso&quot;:&quot;0&quot;,&quot;shutter_speed&quot;:&quot;0&quot;,&quot;title&quot;:&quot;&quot;,&quot;orientation&quot;:&quot;0&quot;}\" data-image-title=\"image (2)\" data-image-description=\"\" data-medium-file=\"http:\/\/catolicasmexico.com\/blog\/wp-content\/uploads\/2013\/04\/image-2.jpeg\" data-large-file=\"http:\/\/catolicasmexico.com\/blog\/wp-content\/uploads\/2013\/04\/image-2.jpeg\" src=\"http:\/\/catolicasmexico.com\/blog\/wp-content\/uploads\/2013\/04\/image-2.jpeg\" alt=\"\" width=\"120\" height=\"120\" class=\"alignleft size-full wp-image-60\" srcset=\"http:\/\/catolicasmexico.com\/blog\/wp-content\/uploads\/2013\/04\/image-2.jpeg 120w\" sizes=\"100vw\" \/> <\/a><\/p>\n<div>\n<div>J\u00f3venes identificados con siglas de grupos independentistas y de extrema izquierda toman por asalto el Aula Magna de la Universidad de Alicante donde se celebraba una charla sobre el derecho a la vida frente al aborto, impidiendo su celebraci\u00f3n.<\/div>\n<\/div>\n<p>&nbsp;<\/p>\n<p>REDACCI\u00d3N HO.-<strong>\u00a0Los que defendemos el derecho a vivir vamos por muy buen camino. En el aborto no caben razones. Lo retratan de hecho los propios radicales que tratan de acallarnos con sus asaltos, conscientes de que si logramos hacernos o\u00edr y mostramos la realidad del aborto, tienen la batalla perdida.<\/strong>\u00a0No les queda entonces m\u00e1s que el asalto, vociferar y el exhibir pu\u00f1os con los que desafiar la libertad ajena. Es lo que vemos en el\u00a0<a href=\"http:\/\/www.youtube.com\/watch?feature=player_embedded&amp;v=6a9BV3Gb4eI\" target=\"_blank\">v\u00eddeo<\/a>, sobre el que nos ha alertado Miguel, seguidor de HO, en el que vemos como\u00a0<strong>irrumpen en una charla provida en la Universidad de Alicante, que boicotean hasta el punto de impedir que se celebre.<em>\u00a0<\/em><\/strong><\/p>\n<p><strong>La Universidad,<\/strong>\u00a0espacio por excelencia propicio para formar, debatir y fomentar el esp\u00edritu cr\u00edtico,\u00a0<strong>acog\u00eda el pasado 30 de abril en su Aula Magna una charla en defensa del derecho a la vida<\/strong>\u00a0frente al aborto, organizado por un grupo universitario en colaboraci\u00f3n con el Consejo de Alumnos, con el lema \u00abD\u00e9jalo Nacer: todos los que est\u00e1n a favor del aborto nacieron\u00bb.\u00a0<strong>La iniciativa se anunciaba con carteles en la Facultad desde d\u00edas antes<\/strong>,que llamaban la atenci\u00f3n entre tantos otros con la hoz y el martillo o de tinte independentista que saturan las paredes de la Universidad. Al final\u00a0<strong>no resistieron la\u00a0<em>osad\u00eda<\/em>\u00a0de pretender compartir espacio en\u00a0<em>territorio comanche<\/em>\u00a0y acabaron arrancados<\/strong>.\u00a0La cosa de informar y de respetar no va con determinados alumnos, que prefieren acallar a respetar.<\/p>\n<p>La cosa es que,<strong>\u00a0<\/strong><strong>en vez de ejercitar su leg\u00edtimo derecho a no acudir<\/strong><strong>\u00a0<\/strong>a la charla, un grupo de<strong>j\u00f3venes exaltados<\/strong><strong>\u00a0<\/strong>a los que les disgustaba la iniciativa<strong>\u00a0<\/strong><strong>optaron por asistir, pero para reventar el acto a los dem\u00e1s. Irrumpiendo con incesantes gritos, boicotearon la charla.<\/strong>Los participantes tuvieron que aguantar pacientemente el envite, pero la actitud \u00a0cada vez m\u00e1s intolerante de los asaltantes<strong>\u00a0<\/strong>impidi\u00f3 la celebraci\u00f3n del acto, que<strong>\u00a0tuvo que suspenderse<\/strong><strong>\u00a0<\/strong>una hora despu\u00e9s<strong>.<\/strong><\/p>\n<p><strong><\/strong>Por las siglas que exhibieron<strong>\u00a0dieron sobrada cuenta de la ideolog\u00eda extremista que les nutre, el<\/strong><strong>\u00a0<a href=\"http:\/\/feualicante.blogspot.com.es\/\" target=\"_blank\">Frente de Estudiantes Universitarios (FEU<\/a>, comunista) y el\u00a0<a href=\"http:\/\/www.sepc.cat\/\" target=\"_blank\">Sindicat d\u2019Estudiants dels Pa\u00efsos Catalans (SEPC<\/a><\/strong>,\u00a0independentistas seguidores del pancatalanismo).<strong>\u00a0<\/strong><strong>Curioso por cierto el inter\u00e9s que parecen mostrar los asaltantes, en\u00a0<\/strong><strong>el v\u00eddeo que cuelgan vanaglori\u00e1ndose de su acci\u00f3n, en distorsionar la imagen<\/strong>\u00a0cuando aparecen las personas que reventaron la charla, aunque tampoco en este empe\u00f1o consigan grandes logros&#8230;<\/p>\n<div>Y visto ya el inter\u00e9s que tienen por quitar carteles ajenos, \u00a0surge de paso la duda sobre de de d\u00f3nde habr\u00edan salido unas pancartas que por detr\u00e1s mostraban\u00a0su verdadero anverso, el logo de\u00a0<em>Terra M\u00edtica<\/em>\u00a0[min 2.55 y sucesivos]: \u00bfser\u00e1 por lamentable descuido, o que al final incluso alientan tambi\u00e9n el ser buenos\u00a0<em>amigos de lo ajeno<\/em>?<\/div>\n<p><object width=\"560\" height=\"315\" classid=\"clsid:d27cdb6e-ae6d-11cf-96b8-444553540000\" codebase=\"http:\/\/download.macromedia.com\/pub\/shockwave\/cabs\/flash\/swflash.cab#version=6,0,40,0\"><param name=\"allowFullScreen\" value=\"true\" \/><param name=\"allowscriptaccess\" value=\"always\" \/><param name=\"src\" value=\"http:\/\/www.youtube.com\/v\/6a9BV3Gb4eI?hl=en_GB&amp;version=3&amp;rel=0\" \/><param name=\"allowfullscreen\" value=\"true\" \/><\/object><\/p>\n","protected":false},"excerpt":{"rendered":"<p>J\u00f3venes identificados con siglas de grupos independentistas y de extrema izquierda toman por asalto el Aula Magna de la Universidad de Alicante donde se celebraba una charla sobre el derecho a la vida frente al aborto, impidiendo su celebraci\u00f3n. &nbsp; REDACCI\u00d3N HO.-\u00a0Los que defendemos el derecho a vivir vamos por muy buen camino. En el [&hellip;]<\/p>\n","protected":false},"author":2,"featured_media":60,"comment_status":"open","ping_status":"open","sticky":false,"template":"","format":"standard","meta":{"spay_email":"","jetpack_publicize_message":"","jetpack_is_tweetstorm":false},"categories":[9,14],"tags":[],"aioseo_notices":[],"jetpack_featured_media_url":"http:\/\/catolicasmexico.com\/blog\/wp-content\/uploads\/2013\/04\/image-2.jpeg","jetpack_publicize_connections":[],"jetpack_shortlink":"https:\/\/wp.me\/p3B5XH-3n","jetpack-related-posts":[{"id":4249,"url":"http:\/\/catolicasmexico.com\/blog\/dos-anos-despues-del-nacimiento-de-su-nino-aborto-a-su-hermano-por-nacer\/","url_meta":{"origin":209,"position":0},"title":"Dos a\u00f1os despu\u00e9s del nacimiento de su ni\u00f1o, abort\u00f3 a su hermano por nacer","date":"18 febrero 2016","format":false,"excerpt":"\u00a0 Original de lifenews.com traduccion libre para catolicasmexico.com Hoy en d\u00eda, millones de ni\u00f1os en Am\u00e9rica tienen hermanos o hermanas que nunca conocer\u00e1n a causa del aborto. \u00a0 El hijo de la promotora del aborto Liz Jones es uno de ellos. El blog de Tumblr \"Pregnant, Parenting & Pro-Choice\" (Embarazada,\u2026","rel":"","context":"En \u00abAborto\u00bb","img":{"alt_text":"","src":"https:\/\/i2.wp.com\/catolicasmexico.com\/blog\/wp-content\/uploads\/2016\/02\/lizjones.png?resize=350%2C200","width":350,"height":200},"classes":[]},{"id":1867,"url":"http:\/\/catolicasmexico.com\/blog\/el-gobierno-frances-propone-procesar-a-los-sitios-web-pro-vida-que-proporcionan-ambigua-informacion-acerca-del-aborto-el-gobierno\/","url_meta":{"origin":209,"position":1},"title":"El gobierno franc\u00e9s propone: Procesar a los sitios web pro-vida que proporcionan \u201cambigua\u201d informaci\u00f3n acerca del aborto: El gobierno","date":"20 septiembre 2013","format":false,"excerpt":"Del sitio Lifesitenews. Traducci\u00f3n y edici\u00f3n libre Monica Y.A. De www.catolicasmexico.com (Pronto seremos perseguidos por defender el derecho a la vida...) Paris, Francia, 17 de septiembre de 2013 (LifeSiteNews.com) - El gobierno franc\u00e9s deber\u00eda crear un sitio web oficial para ofrecer a las mujeres informaci\u00f3n \"correcta\" sobre el aborto, y\u2026","rel":"","context":"En \u00abAborto\u00bb","img":{"alt_text":"","src":"","width":0,"height":0},"classes":[]},{"id":4320,"url":"http:\/\/catolicasmexico.com\/blog\/eeuu-clinto-y-sanders-fueron-cuestionados-sobre-el-aborto-en-un-debate-en-fox-news\/","url_meta":{"origin":209,"position":2},"title":"EEUU: Clinto y Sanders fueron cuestionados sobre el aborto en un debate en Fox News.","date":"23 marzo 2016","format":false,"excerpt":"todos los que siguen la campa\u00f1a nacional del Partido Dem\u00f3crata saben que es el partido de los derechos por aborto en los \u00faltimos 45 a\u00f1os. Los medios de comunicaci\u00f3n hab\u00edan evitado cuestionarlos sobre sus puntos de vista sobre el aborto. Pero por la presi\u00f3n de los telespectadores en un debate\u2026","rel":"","context":"En \u00abAborto\u00bb","img":{"alt_text":"","src":"https:\/\/i2.wp.com\/catolicasmexico.com\/blog\/wp-content\/uploads\/2016\/03\/IMG_0489.jpg?resize=350%2C200","width":350,"height":200},"classes":[]},{"id":241,"url":"http:\/\/catolicasmexico.com\/blog\/marcha-por-la-vida-en-la-colina-parlamentaria-en-ottawa\/","url_meta":{"origin":209,"position":3},"title":"Marcha por la vida en la Colina Parlamentaria en Canad\u00e1","date":"10 mayo 2013","format":false,"excerpt":"Ayer se llevo a cabo la marcha por la vida en la Colina Parlamentaria en Ottawa, Canad\u00e1. Se calcula que 25,000 personas se presentaron para defender la vida del no nacido, \u00a021 diputados y dos senadores, participaron en el evento, \u00a0as\u00ed como los Caballeros de Colon, e innumerables, familias y\u2026","rel":"","context":"En \u00abAborto\u00bb","img":{"alt_text":"","src":"https:\/\/i0.wp.com\/catolicasmexico.com\/blog\/wp-content\/uploads\/2013\/05\/image-10-150x150.jpeg?resize=350%2C200","width":350,"height":200},"classes":[]},{"id":3711,"url":"http:\/\/catolicasmexico.com\/blog\/un-estudiante-de-medicina-horrorizado-era-pro-aborto-hasta-que-vio-a-un-bebe-ser-descuartizado-por-el-aborto\/","url_meta":{"origin":209,"position":4},"title":"Fui pro-aborto hasta que vi un beb\u00e9 ser descuartizado por el aborto...L\u00e1grimas brotaron de mis ojos cuando removieron al ni\u00f1o de la mesa y metieron su cuerpo en un recipiente para desecharlo. ( Un estudiante de medicina)","date":"24 abril 2015","format":false,"excerpt":"\u00a0 Por Sarah Terzo (LiveActionNews)\u00a0 traducci\u00f3n libre para catolicasmexico.com Hace alg\u00fan tiempo, me envi\u00f3 este testimonio de un estudiante de medicina (...) \u00a0 Para empezar, debo decir que hasta ayer, viernes, 02 de julio de 2004, era absolutamente pro-elecci\u00f3n. Soy un estudiante de medicina y siendo cient\u00edfico, comprend\u00eda que la\u2026","rel":"","context":"En \u00abAborto\u00bb","img":{"alt_text":"","src":"https:\/\/i0.wp.com\/catolicasmexico.com\/blog\/wp-content\/uploads\/2015\/04\/10-weeks-abortion1_344_226_55.jpg?resize=350%2C200","width":350,"height":200},"classes":[]},{"id":1048,"url":"http:\/\/catolicasmexico.com\/blog\/sin-ninguna-duda-las-primeras-feministas-eran-provida\/","url_meta":{"origin":209,"position":5},"title":"Sin ninguna duda las primeras feministas eran provida.","date":"4 julio 2013","format":false,"excerpt":"Del blog de LifeNews. Traducci\u00f3n Monica Y.A. de wwwcatolicasmexico.com Edici\u00f3n libre Alejandro P. de www.catolicasmexico.com \"El aborto es la m\u00e1xima explotaci\u00f3n para las mujeres.\" - Alice Paul Los objetivos del feminismo fueron el derecho a votar, la educaci\u00f3n y el divorcio. Ninguno de ellos demandaba el derecho al aborto -\u2026","rel":"","context":"En \u00abAborto\u00bb","img":{"alt_text":"","src":"","width":0,"height":0},"classes":[]}],"jetpack_likes_enabled":false,"jetpack_sharing_enabled":true,"_links":{"self":[{"href":"http:\/\/catolicasmexico.com\/blog\/wp-json\/wp\/v2\/posts\/209"}],"collection":[{"href":"http:\/\/catolicasmexico.com\/blog\/wp-json\/wp\/v2\/posts"}],"about":[{"href":"http:\/\/catolicasmexico.com\/blog\/wp-json\/wp\/v2\/types\/post"}],"author":[{"embeddable":true,"href":"http:\/\/catolicasmexico.com\/blog\/wp-json\/wp\/v2\/users\/2"}],"replies":[{"embeddable":true,"href":"http:\/\/catolicasmexico.com\/blog\/wp-json\/wp\/v2\/comments?post=209"}],"version-history":[{"count":5,"href":"http:\/\/catolicasmexico.com\/blog\/wp-json\/wp\/v2\/posts\/209\/revisions"}],"predecessor-version":[{"id":4736,"href":"http:\/\/catolicasmexico.com\/blog\/wp-json\/wp\/v2\/posts\/209\/revisions\/4736"}],"wp:featuredmedia":[{"embeddable":true,"href":"http:\/\/catolicasmexico.com\/blog\/wp-json\/wp\/v2\/media\/60"}],"wp:attachment":[{"href":"http:\/\/catolicasmexico.com\/blog\/wp-json\/wp\/v2\/media?parent=209"}],"wp:term":[{"taxonomy":"category","embeddable":true,"href":"http:\/\/catolicasmexico.com\/blog\/wp-json\/wp\/v2\/categories?post=209"},{"taxonomy":"post_tag","embeddable":true,"href":"http:\/\/catolicasmexico.com\/blog\/wp-json\/wp\/v2\/tags?post=209"}],"curies":[{"name":"wp","href":"https:\/\/api.w.org\/{rel}","templated":true}]}}