{"id":2067,"date":"2013-11-14T13:44:38","date_gmt":"2013-11-14T19:44:38","guid":{"rendered":"http:\/\/catolicasmexico.com\/blog\/?p=2067"},"modified":"2013-11-14T13:44:38","modified_gmt":"2013-11-14T19:44:38","slug":"las-consecuencias-del-libro-casate-y-se-sumisa","status":"publish","type":"post","link":"http:\/\/catolicasmexico.com\/blog\/las-consecuencias-del-libro-casate-y-se-sumisa\/","title":{"rendered":"Las consecuencias del libro \u00abC\u00e1sate y s\u00e9 sumisa\u00bb"},"content":{"rendered":"<p><a href=\"http:\/\/catolicasmexico.com\/blog\/wp-content\/uploads\/2013\/11\/20131114-1450591.jpg\"><img src=\"http:\/\/catolicasmexico.com\/blog\/wp-content\/uploads\/2013\/11\/20131114-1450591.jpg\" alt=\"20131114-145059.jpg\" class=\"alignnone size-full\"  \/> <\/a><\/p>\n<p>(Jos\u00e9 Castro Velarde y todo el equipo de Enraizados nos enviaron una petici\u00f3n  para que pidamos  a los representantes pol\u00edticos andaluces que rectifiquen y que defiendan la libertad de expresi\u00f3n y apoyen al Arzobispado de Granada \u00a1B\u00fascalo por internet!&#8230;<\/p>\n<p>\u201cC\u00e1sate y s\u00e9 sumisa\u201d es el t\u00edtulo del libro de la periodista italiana y madre de cuatro hijos, Costanza Miriano, que trabaja en la RAI. Despu\u00e9s de vender m\u00e1s de 70.000 ejemplares en Italia, lo que lo convierte en un superventas, ha sido traducido al espa\u00f1ol por la editorial Nuevo Inicio, del Arzobispado de Granada.  Las reacciones no se han hecho esperar: los medios de comunicaci\u00f3n y representantes pol\u00edticos de todos los partidos con representaci\u00f3n en el Parlamento Andaluz (PP, PSOE e IU) han clamado al cielo contra el ejercicio de libertad religiosa y de expresi\u00f3n que supone este libro.<\/p>\n<p>Todas las reacciones se han producido en personas que no han le\u00eddo el libro. El t\u00edtulo nos podr\u00e1 gustar m\u00e1s o menos pero para pedir la retirada de un libro e incluso para imputarle presuntos delitos no estar\u00eda de m\u00e1s haberlo le\u00eddo o al menos haberlo tenido en las manos y consultar el \u00edndice. Resumamos las declaraciones de unos y otros.<\/p>\n<p>Nada menos que el secretario general del Partido Popular andaluz, Jos\u00e9 Luis Sanz Ruiz, ha apremiado al Arzobispado de Granada a \u00abrectificar\u00bb y retirar el libro por considerarlo un \u00abaut\u00e9ntico desprop\u00f3sito\u00bb.<\/p>\n<p>La concejala de IU en el Ayuntamiento de Granada, Maite Molina Navarro, ha pedido que \u00abla Fiscal\u00eda de Granada intervenga y act\u00fae en la edici\u00f3n y venta del libro para que estudie el citado manual, por si fuera constitutivo de delito de apolog\u00eda de la violencia contra las mujeres\u00bb.  Molina quiere adem\u00e1s que \u00abel Consejo Municipal de la Mujer que se re\u00fane este martes, se pronuncie contra el mencionado libro de la autora italiana Costanza Miriano, y se una a esta petici\u00f3n a la Fiscal\u00eda, porque desde IU entendemos que este libro defiende abiertamente la servidumbre de las mujeres con respecto a los hombres, precisamente cuando es la creencia de la superioridad de los hombres sobre las mujeres una de las causas de la violencia machista\u00bb<\/p>\n<p>La diputada del PSOE \u00c1ngeles \u00c1lvarez \u00c1lvarez ha anunciado que va a presentar una iniciativa parlamentaria para instar tanto al Instituto de la Mujer, como a la direcci\u00f3n general de Igualdad, que depende de Ana Mato, a pronunciarse sobre el libro \u00abC\u00e1sate y s\u00e9 sumisa\u00bb, de la periodista italiana Constanza Miriano, editado por el Arzobispado de Granada. La diputada les reclamar\u00e1 que \u00abno fallen\u00bb frente a este tipo de publicaciones que degradan la imagen de la mujer. \u00abDigo yo que la ministra tendr\u00e1 algo que decir porque lo que no podemos es permitir que organizaciones como la Iglesia, que recibe dinero del Estado, se dediquen a hacer proselitismos de la desigualdad, de la discriminaci\u00f3n y del sexismo\u00bb, son sus palabras textuales.<\/p>\n<p>Curiosamente en las p\u00e1ginas web de estos 3 partidos no se incluye el apellido materno de cada uno de estos sujetos, lo que va en contra de la hist\u00f3rica tradici\u00f3n espa\u00f1ola de incluir ambos apellidos al ser todos hijos de un padre y de una madre.<\/p>\n<p>El libro inaugura la nueva colecci\u00f3n &#8216;Quotidiana&#8217; de la editorial Nuevo Inicio. El Arzobispado afirma que la obra trata sobre la vida experimentada a trav\u00e9s de los ojos de la mujer, desde la fe cristiana, en el matrimonio, los hijos, la educaci\u00f3n, y la vida social. Es una traducci\u00f3n de un libro escrito por una periodista italiana que \u00abha sido un &#8216;best seller&#8217; en su pa\u00eds\u00bb, adem\u00e1s de un libro que resulta \u00abmuy interesante desde el punto de vista cristiano\u00bb.<\/p>\n<p>Las cr\u00edticas que se est\u00e1n dirigiendo contra esta publicaci\u00f3n se est\u00e1n formulando \u00absin haberla le\u00eddo\u00bb. De hecho, el t\u00edtulo procede de unas palabras de San Pablo, que tambi\u00e9n inspiran la segunda parte, que igualmente ser\u00e1 publicado por la misma editorial en un par de meses, en este caso dedicado al marido, con el nombre de &#8216;C\u00e1sate y da la vida por ella&#8217;.<\/p>\n<p>La misma autora  reconoce la pol\u00e9mica que ha originado su libro: \u00abTodos se lo han tomado como un discurso sobre a qui\u00e9n le toca lavar los platos\u00bb, reconoce a Aleteia Costanza Miriano, \u00abcuando estamos hablando de una realidad mucho m\u00e1s profunda\u00bb. En realidad, este libro forma parte de una serie, que sigue con los hombres: \u00abC\u00e1sate y da la vida por ella\u00bb, que tambi\u00e9n prev\u00e9 su pr\u00f3xima venta. \u00abEn realidad, al hombre la exigencia es mucho mayor, creo que sale perdiendo bastante m\u00e1s\u00bb, bromea.<\/p>\n<p>Con esta serie, la Miriano lo que quiere es en realidad un nuevo descubrimiento de lo que es el matrimonio. \u00abEstos dos mandatos, al hombre y a la mujer, no se comprenden sin la idea cristiana de lo que es la persona y el matrimonio: la uni\u00f3n de dos seres con un infinito deseo de ser amados, pero con una pobreza enorme a la hora de amar\u00bb.<\/p>\n<p>Cuando san Pablo (de quien la autora toma pie para los t\u00edtulos de sus dos libros) habla a la mujer de someterse y al hombre de dar la vida, en realidad \u00ablo hace en esta clave: el hombre tiene un gran problema, y es su tendencia al ego\u00edsmo, a no ver m\u00e1s all\u00e1 de s\u00ed mismo. En este sentido, el hombre de hoy debe volver a encontrar el valor para ser un h\u00e9roe como en la pel\u00edcula \u2018Los Incre\u00edbles\u2019 (Pixar-Disney), de perder su vida en lo cotidiano\u00bb.<\/p>\n<p>A la mujer, su gran enemigo, explica la periodista italiana, es la tendencia a controlar todo lo que tiene a su alrededor. \u00abLa mujer tiene un gran poder sobre las personas, sobre el marido, sobre los hijos. Y lo puede utilizar mal, haciendo mucho da\u00f1o a los que tiene alrededor\u201d. La llamada especial de san Pablo a la mujer es a la de ser sumisa: la mujer, explica, \u201cdebe colocarse por debajo, precisamente porque es el fundamento, la que sostiene el edificio que es la familia. Debe aprender sostener a su marido y a sus hijos, sin pretender  manipularlos, sino dej\u00e1ndoles ser ellos mismos\u201d. Este es el sentido de ser \u00absumisa\u00bb que m\u00e1s bien quiere decir ser \u00abfuerte\u00bb ser \u00abfundamento\u201d ser \u00abhumilde\u00bbser la m\u00e1s importante sin aparecer.<\/p>\n<p>El problema de tantos matrimonios que fracasan es porque se miden desde la l\u00f3gica del poder, porque no saben entrar en esta dimensi\u00f3n del servicio, tanto el uno como la otra. \u00abEl problema es que estamos siempre peleando por ver qui\u00e9n tiene supremac\u00eda sobre el otro. Pero el matrimonio verdaderamente no es eso: es apoyarse, es confiar en el otro, es ser c\u00f3mplice del otro, verdadero compa\u00f1ero. S\u00f3lo as\u00ed puede funcionar\u00bb.<\/p>\n<p>Se puede estar o no de acuerdo con el libro pero si no queremos vivir en una sociedad totalitaria donde se coarta la libertad de expresi\u00f3n hay que dejar a las religiones expresarse y debatir con ellas desde la raz\u00f3n y la caridad. Como ves cada vez son m\u00e1s las voces en la vida p\u00fablica que quieren coartar la libertad de los creyentes y si pudieran a m\u00e1s de uno nos met\u00edan en la c\u00e1rcel por defender el matrimonio natural, la vida y la familia.<\/p>\n","protected":false},"excerpt":{"rendered":"<p>(Jos\u00e9 Castro Velarde y todo el equipo de Enraizados nos enviaron una petici\u00f3n para que pidamos a los representantes pol\u00edticos andaluces que rectifiquen y que defiendan la libertad de expresi\u00f3n y apoyen al Arzobispado de Granada \u00a1B\u00fascalo por internet!&#8230; \u201cC\u00e1sate y s\u00e9 sumisa\u201d es el t\u00edtulo del libro de la periodista italiana y madre de [&hellip;]<\/p>\n","protected":false},"author":2,"featured_media":2066,"comment_status":"open","ping_status":"open","sticky":false,"template":"","format":"standard","meta":{"spay_email":"","jetpack_publicize_message":"","jetpack_is_tweetstorm":false},"categories":[17,63,20],"tags":[722],"aioseo_notices":[],"jetpack_featured_media_url":"http:\/\/catolicasmexico.com\/blog\/wp-content\/uploads\/2013\/11\/20131114-1450591.jpg","jetpack_publicize_connections":[],"jetpack_shortlink":"https:\/\/wp.me\/p3B5XH-xl","jetpack-related-posts":[{"id":2503,"url":"http:\/\/catolicasmexico.com\/blog\/el-sexo-salvaje-y-el-genero-quieren-destruir-la-familia-y-crear-un-nuevo-orden-mundial\/","url_meta":{"origin":2067,"position":0},"title":"El sexo salvaje y el g\u00e9nero quieren destruir la familia y crear un nuevo orden mundial.","date":"3 febrero 2014","format":false,"excerpt":"Religi\u00f3n en libertad. (Traduccci\u00f3n de Helena Faccia Serrano, Alcal\u00e1 de Henares) La alemana Gabriele Kuby, nacida en Constanza en 1944, es por formaci\u00f3n soci\u00f3loga y autora de ensayos dedicados a la educaci\u00f3n y a la sexualidad. Madre de tres chicos, se dedic\u00f3 durante m\u00e1s de 20 a\u00f1os a traducir desde\u2026","rel":"","context":"En \u00abFamilia\u00bb","img":{"alt_text":"","src":"https:\/\/i2.wp.com\/catolicasmexico.com\/blog\/wp-content\/uploads\/2014\/02\/20140203-091324.jpg?resize=350%2C200","width":350,"height":200},"classes":[]},{"id":2479,"url":"http:\/\/catolicasmexico.com\/blog\/detengamos-el-informe-lunacek\/","url_meta":{"origin":2067,"position":1},"title":"\u00a1Detengamos el informe Lunacek!","date":"28 enero 2014","format":false,"excerpt":"El grupo de Hazteoir.org nos envi\u00f3 esta petici\u00f3n que pusimos en nuestro muro de Facebook. Les pedimos que firmen y que detengamos as\u00ed la mordaza que quieren imponer los lobbys gays. La pr\u00f3xima semana, se votar\u00e1 en el Parlamento Europeo el Informe Lunacek (as\u00ed llamado por su promotora, la eurodiputada\u2026","rel":"","context":"En \u00abEspa\u00f1a\u00bb","img":{"alt_text":"","src":"https:\/\/i2.wp.com\/catolicasmexico.com\/blog\/wp-content\/uploads\/2014\/01\/20140128-1317121.jpg?resize=350%2C200","width":350,"height":200},"classes":[]},{"id":2520,"url":"http:\/\/catolicasmexico.com\/blog\/el-aborto-es-sagrado-corearon-a-la-entrada-de-la-misa\/","url_meta":{"origin":2067,"position":2},"title":"\u00abEl aborto es sagrado\u00bb, corearon a la entrada de la misa","date":"4 febrero 2014","format":false,"excerpt":"Del sitio Religi\u00f3n en Libertad. Editado por Alejandro P. para catolicasmexico.com Cinco activistas del\u00a0movimiento abortista Femen, con los pechos desnudos, han abordado al grito de \"el aborto es sagrado\" al cardenal Antonio Mar\u00eda Rouco, arzobispo de Madrid y presidente de los obispos espa\u00f1oles, cuando \u00e9l se dispon\u00eda a entrar en\u2026","rel":"","context":"En \u00abAborto\u00bb","img":{"alt_text":"","src":"https:\/\/i2.wp.com\/catolicasmexico.com\/blog\/wp-content\/uploads\/2014\/02\/femen_tetas_rouco.jpg?resize=350%2C200","width":350,"height":200},"classes":[]},{"id":2359,"url":"http:\/\/catolicasmexico.com\/blog\/correa-descoloca-al-lobby-gay-con-su-rechazo-a-que-se-imponga-la-peligrosisima-ideologia-de-genero\/","url_meta":{"origin":2067,"position":3},"title":"Correa descoloca al lobby gay con su rechazo a que se imponga la \u00abpeligros\u00edsima\u00bb ideolog\u00eda de g\u00e9nero","date":"10 enero 2014","format":false,"excerpt":"\u00a0 Del sitio\u00a0http:\/\/www.religionenlibertad.com\/ \u00a0 El pasado s\u00e1bado 28 de diciembre, durante su acostumbradoEnlace Ciudadano, el presidente ecuatoriano, Rafael Correa, se pronunci\u00f3 inequ\u00edvocamente contra la ideolog\u00eda de g\u00e9nero (ver abajo el v\u00eddeo, cinco minutos que vale la pena escuchar). Aun mostrando su respeto a quienes la defienden, rechaz\u00f3 que \"traten de\u00a0imponer\u2026","rel":"","context":"En \u00abFamilia\u00bb","img":{"alt_text":"","src":"https:\/\/i2.wp.com\/catolicasmexico.com\/blog\/wp-content\/uploads\/2014\/01\/15577_rafael_correa_sostiene_que_ser_de_izquierdas_no_implica_apoyar_la_cultura_de_la_muerte_y_la_destruccion_de_la_familia_.jpg?resize=350%2C200","width":350,"height":200},"classes":[]},{"id":861,"url":"http:\/\/catolicasmexico.com\/blog\/por-orden-del-arzobispo-un-transexual-que-estaba-cursando-catequesis-no-podra-ser-confirmado-13-06-14\/","url_meta":{"origin":2067,"position":4},"title":"Por orden del arzobispo, un transexual que estaba cursando catequesis, no podr\u00e1 ser confirmado [13-06-14]","date":"16 junio 2013","format":false,"excerpt":"Informaci\u00f3n de www.forosdelavirgen.org Convocan a una protesta ante la catedral de Granada. Manuela Rute, una transexual, dice \u201cHe sido siempre cat\u00f3lica, apost\u00f3lica y practicante, y me ha costado mucho tiempo ganarme el respeto como persona y como mujer en \u00cdllora (municipio de Granada)\u201d. Pero el arzobispo considera que la transexualidad\u2026","rel":"","context":"En \u00abHomosexualidad\u00bb","img":{"alt_text":"","src":"","width":0,"height":0},"classes":[]},{"id":896,"url":"http:\/\/catolicasmexico.com\/blog\/repudian-asedio-de-promotores-del-aborto-a-catedral-de-santiago-de-compostela-promovido-por-el-psoe\/","url_meta":{"origin":2067,"position":5},"title":"Repudian asedio de promotores del aborto a Catedral de Santiago de Compostela promovido por el PSOE","date":"18 junio 2013","format":false,"excerpt":"REDACCI\u00d3N CENTRAL, 17 Jun. 13 \/ 12:42 pm (ACI\/EWTN Noticias).- Miguel Vidal, portavoz de la plataforma M\u00e1s Libres, que defiende la libertad religiosa y de expresi\u00f3n en Europa, critic\u00f3 el \"totalitarismo\" expuesto por los grupos que asediaron el 16 de junio la Catedral de Santiago de Compostela (Espa\u00f1a) defendiendo el\u2026","rel":"","context":"En \u00abEspa\u00f1a\u00bb","img":{"alt_text":"","src":"","width":0,"height":0},"classes":[]}],"jetpack_likes_enabled":false,"jetpack_sharing_enabled":true,"_links":{"self":[{"href":"http:\/\/catolicasmexico.com\/blog\/wp-json\/wp\/v2\/posts\/2067"}],"collection":[{"href":"http:\/\/catolicasmexico.com\/blog\/wp-json\/wp\/v2\/posts"}],"about":[{"href":"http:\/\/catolicasmexico.com\/blog\/wp-json\/wp\/v2\/types\/post"}],"author":[{"embeddable":true,"href":"http:\/\/catolicasmexico.com\/blog\/wp-json\/wp\/v2\/users\/2"}],"replies":[{"embeddable":true,"href":"http:\/\/catolicasmexico.com\/blog\/wp-json\/wp\/v2\/comments?post=2067"}],"version-history":[{"count":1,"href":"http:\/\/catolicasmexico.com\/blog\/wp-json\/wp\/v2\/posts\/2067\/revisions"}],"predecessor-version":[{"id":2068,"href":"http:\/\/catolicasmexico.com\/blog\/wp-json\/wp\/v2\/posts\/2067\/revisions\/2068"}],"wp:featuredmedia":[{"embeddable":true,"href":"http:\/\/catolicasmexico.com\/blog\/wp-json\/wp\/v2\/media\/2066"}],"wp:attachment":[{"href":"http:\/\/catolicasmexico.com\/blog\/wp-json\/wp\/v2\/media?parent=2067"}],"wp:term":[{"taxonomy":"category","embeddable":true,"href":"http:\/\/catolicasmexico.com\/blog\/wp-json\/wp\/v2\/categories?post=2067"},{"taxonomy":"post_tag","embeddable":true,"href":"http:\/\/catolicasmexico.com\/blog\/wp-json\/wp\/v2\/tags?post=2067"}],"curies":[{"name":"wp","href":"https:\/\/api.w.org\/{rel}","templated":true}]}}