{"id":2038,"date":"2013-11-07T17:35:24","date_gmt":"2013-11-07T23:35:24","guid":{"rendered":"http:\/\/catolicasmexico.com\/blog\/?p=2038"},"modified":"2013-11-07T17:35:24","modified_gmt":"2013-11-07T23:35:24","slug":"una-aberracion-mas-prestaciones-de-maternidad-para-las-madres-que-abortan","status":"publish","type":"post","link":"http:\/\/catolicasmexico.com\/blog\/una-aberracion-mas-prestaciones-de-maternidad-para-las-madres-que-abortan\/","title":{"rendered":"Una aberraci\u00f3n m\u00e1s: Prestaciones de maternidad para las madres que abortan&#8230;"},"content":{"rendered":"<p><a href=\"http:\/\/catolicasmexico.com\/blog\/wp-content\/uploads\/2013\/11\/20131107-1838131.jpg\"><img src=\"http:\/\/catolicasmexico.com\/blog\/wp-content\/uploads\/2013\/11\/20131107-1838131.jpg\" alt=\"20131107-183813.jpg\" class=\"alignnone size-full\"  \/> <\/a><\/p>\n<p>Del sitio de www.cqv.cq.ca  traducci\u00f3n , edici\u00f3n y comentario www.catolicasmexico.com<br \/>\nHe aqu\u00ed el colmo del descaro: en Qu\u00e9bec,Canad\u00e1, se otorga a las madres que deciden eliminar a sus hijos vacaciones pagadas&#8230;<br \/>\nLa ley estable que:<\/p>\n<p>(&#8230;) Ambos padres pueden estar ausentes del trabajo durante cinco d\u00edas despu\u00e9s de una interrupci\u00f3n del embarazo despu\u00e9s de 20 semanas. Despu\u00e9s el empleado tiene derecho a 18 semanas de vacaciones de maternidad previstas por la ley.<\/p>\n<p>Si se interrumpe el embarazo antes de la semana 20, el empleado tiene derecho a las vacaciones de maternidad especial de un m\u00e1ximo de tres semanas, al menos que un certificado m\u00e9dico confirme la necesidad de extender la licencia.<\/p>\n<p>Fuente: Comisi\u00f3n de normas del trabajo.<\/p>\n<p>-Ver m\u00e1s en: http:\/\/www.cqv.qc.ca\/fr\/petit-rappel-dans-la-presse-sur-le-conge-de-%C2%AB-maternite-%C2%BB-apres-avortement#sthash.Rmb14lVd.dpuf<\/p>\n","protected":false},"excerpt":{"rendered":"<p>Del sitio de www.cqv.cq.ca traducci\u00f3n , edici\u00f3n y comentario www.catolicasmexico.com He aqu\u00ed el colmo del descaro: en Qu\u00e9bec,Canad\u00e1, se otorga a las madres que deciden eliminar a sus hijos vacaciones pagadas&#8230; La ley estable que: (&#8230;) Ambos padres pueden estar ausentes del trabajo durante cinco d\u00edas despu\u00e9s de una interrupci\u00f3n del embarazo despu\u00e9s de 20 [&hellip;]<\/p>\n","protected":false},"author":2,"featured_media":2037,"comment_status":"open","ping_status":"open","sticky":false,"template":"","format":"standard","meta":{"spay_email":"","jetpack_publicize_message":"","jetpack_is_tweetstorm":false},"categories":[9,84,70],"tags":[718,59,220],"aioseo_notices":[],"jetpack_featured_media_url":"http:\/\/catolicasmexico.com\/blog\/wp-content\/uploads\/2013\/11\/20131107-1838131.jpg","jetpack_publicize_connections":[],"jetpack_shortlink":"https:\/\/wp.me\/p3B5XH-wS","jetpack-related-posts":[{"id":1389,"url":"http:\/\/catolicasmexico.com\/blog\/un-juez-frena-la-ley-de-dakota-del-norte-que-prohibe-el-aborto-despues-de-6-semanas-la-llama-claramente-inconstitucional\/","url_meta":{"origin":2038,"position":0},"title":"Un juez frena la ley de Dakota del Norte que proh\u00edbe el aborto despu\u00e9s de 6 semanas: La llama 'claramente inconstitucional'","date":"25 julio 2013","format":false,"excerpt":"Por Ben Johnson Traducci\u00f3n y edici\u00f3n libre Alejandro P. de www.catolicasmexico.com Lunes, 22 de julio de 2013 12:22(LifeSiteNews.com) \u2013 Un juez de distrito de Estados Unidos ha frenado la ley que habr\u00eda prohibido el aborto a partir de seis semanas de embarazo en Dakota del Norte. La ley, que prohibe\u2026","rel":"","context":"En \u00abAborto\u00bb","img":{"alt_text":"","src":"","width":0,"height":0},"classes":[]},{"id":109,"url":"http:\/\/catolicasmexico.com\/blog\/espana-pais-pionero-en-europa-en-el-camino-de-la-proteccion-de-la-vida-y-la-maternidad\/","url_meta":{"origin":2038,"position":1},"title":"ESPA\u00d1A, PA\u00cdS PIONERO EN EUROPA EN EL CAMINO DE LA PROTECCI\u00d3N DE LA VIDA Y LA MATERNIDAD","date":"29 abril 2013","format":false,"excerpt":"\u00a0 El debate del aborto ha pasado, al fin, de la calle, al estrado pol\u00edtico. El ministro de Justicia, Alberto Ru\u00edz Gallard\u00f3n ha realizado el \u00falitmo anuncio previo, - al menos eso se espera y se respira en el ambiente -, a la tramitaci\u00f3n de la esperada reforma de la\u2026","rel":"","context":"En \u00abAborto\u00bb","img":{"alt_text":"","src":"https:\/\/i0.wp.com\/catolicasmexico.com\/blog\/wp-content\/uploads\/2013\/04\/file0001539132912.jpg?resize=350%2C200","width":350,"height":200},"classes":[]},{"id":2088,"url":"http:\/\/catolicasmexico.com\/blog\/camara-oculta-en-una-clinica-de-abortos-tardios-la-empleada-explica-que-los-bebes-son-perforados-en-el-craneo\/","url_meta":{"origin":2038,"position":2},"title":"C\u00e1mara oculta en una cl\u00ednica de abortos tard\u00edos: la empleada explica que los beb\u00e9s son perforados en el cr\u00e1neo","date":"20 noviembre 2013","format":false,"excerpt":"Del sitio de www.cqv.qc.ca traducci\u00f3n y redacci\u00f3n libre www.catolicasmexico.com por Ben Johnson. ALBUQUERQUE, nuevo M\u00e9xico, 14 de noviembre de 2013 (LifeSiteNews.com) - el empleado de una cl\u00ednica de abortos tard\u00edos en Albuquerque explic\u00f3 a un periodista infiltrado que perforar el cr\u00e1neo de un ni\u00f1o por nacer, con una aguja es\u2026","rel":"","context":"En \u00abAborto\u00bb","img":{"alt_text":"","src":"https:\/\/i0.wp.com\/catolicasmexico.com\/blog\/wp-content\/uploads\/2013\/11\/LateTermAbortionThroughCranium-238px-235x227.jpg?resize=350%2C200","width":350,"height":200},"classes":[]},{"id":2662,"url":"http:\/\/catolicasmexico.com\/blog\/el-pais-publica-un-sorprendente-reportaje-sobre-la-falta-de-ayudas-a-mujeres-que-no-quieren-abortar\/","url_meta":{"origin":2038,"position":3},"title":"El Pa\u00eds publica un sorprendente reportaje sobre la falta de ayudas a mujeres que no quieren abortar","date":"6 marzo 2014","format":false,"excerpt":"Carmina Garc\u00eda-Vald\u00e9s, directora general de la fundaci\u00f3n RED MADRE. Presentamos este articulo que nos pareci\u00f3 muy interesante, en primer lugar porque fue publicado en un peri\u00f3dico de izquierda y en segundo lugar porque nos parece incre\u00edble el hecho que las madres que desean abortar reciban un sobre de informaci\u00f3n en\u2026","rel":"","context":"En \u00abAborto\u00bb","img":{"alt_text":"","src":"https:\/\/i0.wp.com\/catolicasmexico.com\/blog\/wp-content\/uploads\/2014\/03\/20140306-124919.jpg?resize=350%2C200","width":350,"height":200},"classes":[]},{"id":3649,"url":"http:\/\/catolicasmexico.com\/blog\/embarazada-a-los-17-aun-con-un-diagnostico-de-anencefalia-dijo-si-a-la-vida\/","url_meta":{"origin":2038,"position":4},"title":"Embarazada a los 17, aun con un diagn\u00f3stico de anencefalia, dijo s\u00ed a la vida","date":"12 marzo 2015","format":false,"excerpt":"Articulo original por Rebeca o ' Brien LifeSiteNews - traducido del sitio Campagne Quebec Vie para catolicasmexico.com \u00a0 MICAH ten\u00eda diecisiete a\u00f1os cuando descubri\u00f3 que estaba embarazada. Pero el aborto simplemente no era una opci\u00f3n para ella y su novio, Kyle. \u00a0 \"No est\u00e1bamos preparados en absoluto, pero ambos sentimos\u2026","rel":"","context":"En \u00abEmbarazo\u00bb","img":{"alt_text":"","src":"https:\/\/i0.wp.com\/catolicasmexico.com\/blog\/wp-content\/uploads\/2015\/03\/Ambra_333_500_55.jpg?resize=350%2C200","width":350,"height":200},"classes":[]},{"id":4363,"url":"http:\/\/catolicasmexico.com\/blog\/los-democratas-dicen-que-la-ley-que-prohibe-el-aborto-despues-de-20-semanas-es-una-guerra-contra-las-mujeres\/","url_meta":{"origin":2038,"position":5},"title":"Los dem\u00f3cratas dicen que la ley que proh\u00edbe el aborto despu\u00e9s de 20 semanas es una \"guerra contra las mujeres\".","date":"11 abril 2016","format":false,"excerpt":"El 15 de marzo una comisi\u00f3n del senado analiz\u00f3 el proyecto de ley \u00a0\" del acto de protecci\u00f3n del no nato que siente el dolor \" proh\u00edbiendo el aborto despu\u00e9s de las 20 semanas de gestaci\u00f3n. A\u00fan si la mitad de los abortos tard\u00edos asesinan a las nii\u00f1as, los dem\u00f3cratas\u2026","rel":"","context":"En \u00abAborto\u00bb","img":{"alt_text":"","src":"https:\/\/i1.wp.com\/catolicasmexico.com\/blog\/wp-content\/uploads\/2016\/04\/IMG_0524.jpg?resize=350%2C200","width":350,"height":200},"classes":[]}],"jetpack_likes_enabled":false,"jetpack_sharing_enabled":true,"_links":{"self":[{"href":"http:\/\/catolicasmexico.com\/blog\/wp-json\/wp\/v2\/posts\/2038"}],"collection":[{"href":"http:\/\/catolicasmexico.com\/blog\/wp-json\/wp\/v2\/posts"}],"about":[{"href":"http:\/\/catolicasmexico.com\/blog\/wp-json\/wp\/v2\/types\/post"}],"author":[{"embeddable":true,"href":"http:\/\/catolicasmexico.com\/blog\/wp-json\/wp\/v2\/users\/2"}],"replies":[{"embeddable":true,"href":"http:\/\/catolicasmexico.com\/blog\/wp-json\/wp\/v2\/comments?post=2038"}],"version-history":[{"count":1,"href":"http:\/\/catolicasmexico.com\/blog\/wp-json\/wp\/v2\/posts\/2038\/revisions"}],"predecessor-version":[{"id":2039,"href":"http:\/\/catolicasmexico.com\/blog\/wp-json\/wp\/v2\/posts\/2038\/revisions\/2039"}],"wp:featuredmedia":[{"embeddable":true,"href":"http:\/\/catolicasmexico.com\/blog\/wp-json\/wp\/v2\/media\/2037"}],"wp:attachment":[{"href":"http:\/\/catolicasmexico.com\/blog\/wp-json\/wp\/v2\/media?parent=2038"}],"wp:term":[{"taxonomy":"category","embeddable":true,"href":"http:\/\/catolicasmexico.com\/blog\/wp-json\/wp\/v2\/categories?post=2038"},{"taxonomy":"post_tag","embeddable":true,"href":"http:\/\/catolicasmexico.com\/blog\/wp-json\/wp\/v2\/tags?post=2038"}],"curies":[{"name":"wp","href":"https:\/\/api.w.org\/{rel}","templated":true}]}}