{"id":2030,"date":"2013-11-06T16:54:44","date_gmt":"2013-11-06T22:54:44","guid":{"rendered":"http:\/\/catolicasmexico.com\/blog\/?p=2030"},"modified":"2013-11-06T16:54:44","modified_gmt":"2013-11-06T22:54:44","slug":"paises-declaran-la-no-existencia-del-derecho-al-aborto-o-a-la-homosexualidad","status":"publish","type":"post","link":"http:\/\/catolicasmexico.com\/blog\/paises-declaran-la-no-existencia-del-derecho-al-aborto-o-a-la-homosexualidad\/","title":{"rendered":"Pa\u00edses declaran la no existencia del derecho al aborto o a la homosexualidad"},"content":{"rendered":"<p><a href=\"http:\/\/catolicasmexico.com\/blog\/wp-content\/uploads\/2013\/11\/20131106-180029.jpg\"><img src=\"http:\/\/catolicasmexico.com\/blog\/wp-content\/uploads\/2013\/11\/20131106-180029.jpg\" alt=\"20131106-180029.jpg\" class=\"alignnone size-full\"  \/> <\/a><\/p>\n<p>Art\u00edculo de ForumVida.<br \/>\nRusia, Etiop\u00eda, Polonia y otros tomaron los micr\u00f3fonos en una reuni\u00f3n (transmitida en vivo v\u00eda Internet desde la sede de la ONU) para dejar claro que el aborto y la homosexualidad no son derechos humanos internacionales.<\/p>\n<p>Los diplom\u00e1ticos criticaron especialmente a la oficina de derechos humanos de la ONU por su obsesi\u00f3n con los derechos de las personas lesbianas, gais, bisexuales y transg\u00e9nero (LGBT).<\/p>\n<p>Rusia llam\u00f3 la atenci\u00f3n sobre un folleto elaborado por la Oficina del Alto Comisionado para los Derechos Humanos (OACDH), epicentro del activismo LGBT en la ONU. La publicaci\u00f3n de sesenta p\u00e1ginas \u00abNacido libres e iguales\u00bb pretende ofrecer las \u00abobligaciones jur\u00eddicas b\u00e1sicas\u00bb referentes a la homosexualidad, como ser la creaci\u00f3n de categor\u00edas de asilo para las personas LGBT y extender el matrimonio para las parejas del mismo sexo.<\/p>\n<p>Poner en pr\u00e1ctica las recomendaciones \u00abinevitablemente conducir\u00eda a la violaci\u00f3n de los derechos del ni\u00f1o\u00bb, afirm\u00f3 Rusia.<\/p>\n<p>Se critic\u00f3 de manera particular a Navi Pillay. La cantidad de atenci\u00f3n que la directora de la oficina de derechos humanos de la ONU presta a la orientaci\u00f3n sexual es \u00abdesproporcionadamente alta\u00bb, observ\u00f3 Rusia. \u00abHay asuntos de mayor actualidad en el mundo por atender\u00bb. <\/p>\n<p>La declaraci\u00f3n de Rusia se\u00f1ala que las cr\u00edticas en contra de la ley que protege a los ni\u00f1os de la propaganda homosexual no ha mitigado su determinaci\u00f3n. Algunos activistas LGBT han llamado a boicotear los pr\u00f3ximos Juegos Ol\u00edmpicos en Sochi, Rusia.<\/p>\n<p>El tema de la homosexualidad sigue siendo delicado para algunos. El diplom\u00e1tico de Nigeria se refiri\u00f3 a este como \u00abel problema de los derechos de ciertas personas con ciertas tendencias que est\u00e1n en desacuerdo\u00bb con las leyes, tradiciones, religiones y costumbres de su pa\u00eds.<\/p>\n<p>Estas son \u00abcuestiones de preferencia y estilo de vida personal\u00bb, afirm\u00f3. \u00abNo deber\u00edan tener lugar en el discurso de las Naciones Unidas en lo que concierne a la protecci\u00f3n de los derechos humanos\u00bb.<\/p>\n<p> (&#8230;)<\/p>\n<p>Pero est\u00e1n \u00abpreocupados por la tendencia creciente\u00bb de \u00abcrear nuevos derechos, conceptos y categor\u00edas, y normas no reconocidos\u00bb en acuerdos internacionales ni por todos los pa\u00edses.<\/p>\n<p>El tono cort\u00e9s contrast\u00f3 marcadamente con las severas acusaciones de \u00abodio\u00bb efectuadas contra quienes no concuerdan con los defensores LGBT. El grupo africano solicit\u00f3 gentilmente \u00abtotal respeto por la soberan\u00eda nacional y los valores culturales\u00bb, y por \u00abla capacidad de todos los estados de hacer elecciones de manera democr\u00e1tica a favor de lo que es aceptable para ellos\u00bb.<\/p>\n<p>Otros pa\u00edses hicieron frente al lenguaje que se utiliza para promover el aborto. Polonia esboz\u00f3 sus iniciativas para la mejora de \u00e1reas de la salud sexual y reproductiva, concepto definido en su legislaci\u00f3n en t\u00e9rminos de respeto al derecho a la vida de los beb\u00e9s por nacer. En una sutil referencia a la t\u00e1ctica opresiva de los gobiernos proabortistas, Polonia dijo que no \u00abbusca influir en decisiones tomadas por otros gobiernos nacionales\u00bb sobre estas cuestiones.<\/p>\n<p>(&#8230;)<\/p>\n<p>Nada en el programa general de desarrollo de la ONU \u00abdeber\u00eda de modo alguno crear una obligaci\u00f3n para ninguna parte de considerar el aborto como forma leg\u00edtima de salud, derechos o art\u00edculos reproductivos\u00bb, sostuvo Malta, miembro de la Uni\u00f3n Europea.<\/p>\n<p>Mientras que muchos en la ONU se centran en los derechos, la Santa Sede a menudo explica el por qu\u00e9 el aborto jam\u00e1s es seguro para el beb\u00e9 o la madre, dijo Monse\u00f1or Chullikatt.<\/p>\n<p>\u00abSin la vida, los restantes derechos carecen de sentido\u00bb.<\/p>\n","protected":false},"excerpt":{"rendered":"<p>Art\u00edculo de ForumVida. Rusia, Etiop\u00eda, Polonia y otros tomaron los micr\u00f3fonos en una reuni\u00f3n (transmitida en vivo v\u00eda Internet desde la sede de la ONU) para dejar claro que el aborto y la homosexualidad no son derechos humanos internacionales. Los diplom\u00e1ticos criticaron especialmente a la oficina de derechos humanos de la ONU por su obsesi\u00f3n [&hellip;]<\/p>\n","protected":false},"author":2,"featured_media":2029,"comment_status":"open","ping_status":"open","sticky":false,"template":"","format":"standard","meta":{"spay_email":"","jetpack_publicize_message":"","jetpack_is_tweetstorm":false},"categories":[9,17,12,70],"tags":[718,46,219],"aioseo_notices":[],"jetpack_featured_media_url":"http:\/\/catolicasmexico.com\/blog\/wp-content\/uploads\/2013\/11\/20131106-180029.jpg","jetpack_publicize_connections":[],"jetpack_shortlink":"https:\/\/wp.me\/p3B5XH-wK","jetpack-related-posts":[{"id":406,"url":"http:\/\/catolicasmexico.com\/blog\/gobierno-peruano-hara-plan-de-derechos-humanos-sin-ideologia-gay\/","url_meta":{"origin":2030,"position":0},"title":"Gobierno peruano har\u00e1 plan de derechos humanos sin ideolog\u00eda gay","date":"20 mayo 2013","format":false,"excerpt":"LIMA, 17 May. 13 \/ 12:40 pm (ACI).- El gobierno peruano, a trav\u00e9s del Ministerio de Justicia, se comprometi\u00f3 ante el Congreso de la Rep\u00fablica a desarrollar el Plan Nacional de Derechos Humanos en el plazo de un mes, dejando de lado lineamientos que promov\u00edan la ideolog\u00eda gay y el\u2026","rel":"","context":"En \u00abHomosexualidad\u00bb","img":{"alt_text":"","src":"https:\/\/i0.wp.com\/catolicasmexico.com\/blog\/wp-content\/uploads\/2013\/05\/image-31.jpeg?resize=350%2C200","width":350,"height":200},"classes":[]},{"id":2777,"url":"http:\/\/catolicasmexico.com\/blog\/onu-y-oea-son-titeres-de-la-agenda-pro-gay-y-pro-aborto-denuncia-experta\/","url_meta":{"origin":2030,"position":1},"title":"ONU y OEA son t\u00edteres de la agenda pro gay y pro aborto, denuncia experta","date":"27 marzo 2014","format":false,"excerpt":"Neydi Casillas. Foto: adfmedia.org ROMA, 26 Mar. 14 \/ 01:35 pm (ACI\/EWTN Noticias).- La abogada Neydi Casillas Padr\u00f3n, experta en monitoreo de organizaciones internacionales en temas de vida, libertad religiosa y familia, asegur\u00f3 que tanto la Organizaci\u00f3n de Naciones Unidas (ONU) y la Organizaci\u00f3n de los Estados Americanos (OEA), son\u2026","rel":"","context":"En \u00abAborto\u00bb","img":{"alt_text":"","src":"https:\/\/i1.wp.com\/catolicasmexico.com\/blog\/wp-content\/uploads\/2014\/03\/20140327-172131.jpg?resize=350%2C200","width":350,"height":200},"classes":[]},{"id":2908,"url":"http:\/\/catolicasmexico.com\/blog\/onu-apoya-iniciativa-de-ley-proabortista-necesitamos-tu-firma\/","url_meta":{"origin":2030,"position":2},"title":"ONU apoya iniciativa de ley proabortista, necesitamos tu firma.","date":"12 mayo 2014","format":false,"excerpt":"para firmar la petici\u00f3n en contra de esta iniciativa de ley,click aqui comparte a tus contactos, que sepa el gobernador de guerrero que no estamos de acuerdo con esta iniciativa de ley, ni con la agenda abortista de la ONU. articulo de yoinfuyo.com Alto Comisionado de las Naciones Unidas para\u2026","rel":"","context":"En \u00abAborto\u00bb","img":{"alt_text":"","src":"https:\/\/i2.wp.com\/catolicasmexico.com\/blog\/wp-content\/uploads\/2014\/05\/20140512-201036.jpg?resize=350%2C200","width":350,"height":200},"classes":[]},{"id":38,"url":"http:\/\/catolicasmexico.com\/blog\/38\/","url_meta":{"origin":2030,"position":3},"title":"Avanza la reforma de la Constituci\u00f3n","date":"23 abril 2013","format":false,"excerpt":"\u201cLa lucha es un deber y no una especulaci\u00f3n para los que nos preciamos de cat\u00f3licos. Demos gracias a Dios de habernos otorgado el combate, y no pidamos sobre la gracia del combate la gracia del triunfo a aquel que en su bondad infinita reserva a los que combaten bien\u2026","rel":"","context":"En \u00abAborto\u00bb","img":{"alt_text":"","src":"","width":0,"height":0},"classes":[]},{"id":2659,"url":"http:\/\/catolicasmexico.com\/blog\/defendamos-a-la-iglesia-catolica-de-la-comision-de-naciones-unidas-que-pide-que-cambie-su-doctrina-sobre-el-aborto\/","url_meta":{"origin":2030,"position":4},"title":"Defendamos a la Iglesia Cat\u00f3lica de la Comisi\u00f3n de Naciones Unidas que pide que cambie su doctrina sobre el aborto.","date":"4 marzo 2014","format":false,"excerpt":"Hemos recibido esta informaci\u00f3n: 03 de marzo de 2014 Queridos amigos, Estoy fuera de m\u00ed. Hoy, una Comisi\u00f3n de las Naciones Unidas orden\u00f3 a la iglesia cat\u00f3lica que permita que los ni\u00f1os tengan relaciones y que cambie su doctrina sobre la anticoncepci\u00f3n. El Comit\u00e9 tambi\u00e9n pidi\u00f3 a la iglesia que\u2026","rel":"","context":"En \u00abAborto\u00bb","img":{"alt_text":"","src":"","width":0,"height":0},"classes":[]},{"id":452,"url":"http:\/\/catolicasmexico.com\/blog\/psoe-le-pidio-rectificacion\/","url_meta":{"origin":2030,"position":5},"title":"PSOE le pidi\u00f3 \"rectificaci\u00f3n\"","date":"23 mayo 2013","format":false,"excerpt":"Ministro no cede a presiones y mantiene cr\u00edtica a \"matrimonio\" gay y aborto. MADRID, 22 May. 13 \/ 10:52 am (ACI\/Europa Press).- El ministro de Interior, Jorge Fern\u00e1ndez D\u00edaz, ha declinado disculparse sobre sus afirmaciones acerca de que el mal llamado\u00a0matrimonio homosexual \"pon\u00eda en peligro la supervivencia de la especie\"\u2026","rel":"","context":"En \u00abHomosexualidad\u00bb","img":{"alt_text":"","src":"https:\/\/i2.wp.com\/catolicasmexico.com\/blog\/wp-content\/uploads\/2013\/05\/image-42.jpeg?resize=350%2C200","width":350,"height":200},"classes":[]}],"jetpack_likes_enabled":false,"jetpack_sharing_enabled":true,"_links":{"self":[{"href":"http:\/\/catolicasmexico.com\/blog\/wp-json\/wp\/v2\/posts\/2030"}],"collection":[{"href":"http:\/\/catolicasmexico.com\/blog\/wp-json\/wp\/v2\/posts"}],"about":[{"href":"http:\/\/catolicasmexico.com\/blog\/wp-json\/wp\/v2\/types\/post"}],"author":[{"embeddable":true,"href":"http:\/\/catolicasmexico.com\/blog\/wp-json\/wp\/v2\/users\/2"}],"replies":[{"embeddable":true,"href":"http:\/\/catolicasmexico.com\/blog\/wp-json\/wp\/v2\/comments?post=2030"}],"version-history":[{"count":1,"href":"http:\/\/catolicasmexico.com\/blog\/wp-json\/wp\/v2\/posts\/2030\/revisions"}],"predecessor-version":[{"id":2031,"href":"http:\/\/catolicasmexico.com\/blog\/wp-json\/wp\/v2\/posts\/2030\/revisions\/2031"}],"wp:featuredmedia":[{"embeddable":true,"href":"http:\/\/catolicasmexico.com\/blog\/wp-json\/wp\/v2\/media\/2029"}],"wp:attachment":[{"href":"http:\/\/catolicasmexico.com\/blog\/wp-json\/wp\/v2\/media?parent=2030"}],"wp:term":[{"taxonomy":"category","embeddable":true,"href":"http:\/\/catolicasmexico.com\/blog\/wp-json\/wp\/v2\/categories?post=2030"},{"taxonomy":"post_tag","embeddable":true,"href":"http:\/\/catolicasmexico.com\/blog\/wp-json\/wp\/v2\/tags?post=2030"}],"curies":[{"name":"wp","href":"https:\/\/api.w.org\/{rel}","templated":true}]}}