{"id":2027,"date":"2013-11-05T11:55:30","date_gmt":"2013-11-05T17:55:30","guid":{"rendered":"http:\/\/catolicasmexico.com\/blog\/?p=2027"},"modified":"2013-11-05T11:55:30","modified_gmt":"2013-11-05T17:55:30","slug":"ciprofam-internacional-victoria-pro-familia-el-apa-retira-como-orientacion-sexual-la-pedofilia-la-perversion-retrocede","status":"publish","type":"post","link":"http:\/\/catolicasmexico.com\/blog\/ciprofam-internacional-victoria-pro-familia-el-apa-retira-como-orientacion-sexual-la-pedofilia-la-perversion-retrocede\/","title":{"rendered":"Ciprofam Internacional: \u00a1Victoria pro familia! el APA retira como \u201corientaci\u00f3n sexual\u201d la pedofilia \u00a1La perversi\u00f3n retrocede!"},"content":{"rendered":"<p><a href=\"http:\/\/catolicasmexico.com\/blog\/wp-content\/uploads\/2013\/11\/20131105-1301511.jpg\"><img src=\"http:\/\/catolicasmexico.com\/blog\/wp-content\/uploads\/2013\/11\/20131105-1301511.jpg\" alt=\"20131105-130151.jpg\" class=\"alignnone size-full\"  \/> <\/a><\/p>\n<p>EE.UU.-(AGENCIALAVOZ) Despu\u00e9s de una reacci\u00f3n de los conservadores pro familia, la American Psychiatric Association (APA) ha retirado la designaci\u00f3n de la pedofilia como una \u00aborientaci\u00f3n sexual\u00bb. En mayo, la APA public\u00f3 la quinta edici\u00f3n del Manual Diagn\u00f3stico y Estad\u00edstico de los Trastornos Mentales (DSM-5). En este documento, la primera nueva edici\u00f3n en 10 a\u00f1os, la APA ha descrito la pedofilia como  \u00aborientaci\u00f3n sexual\u00bb.<\/p>\n<p>La clasificaci\u00f3n pas\u00f3 inadvertido hasta el mes pasado, cuando el blog NeonTommy del News Digital Annenberg de la Universidad del Sur de California public\u00f3 un blog cr\u00edtico de la terminolog\u00eda. Las organizaciones conservadores pro familia liderado por Ciprofam Internacional dijeron que llamar a la pedofilia una \u00aborientaci\u00f3n\u00bb es un paso hacia legalizaci\u00f3n del comportamiento ped\u00f3filo. La poderosa organizaci\u00f3n del movimiento pro familia liderado por el pastor Jos\u00e9 Linares Cer\u00f3n, empezaron a llamar autoridades y lideres influyentes en los EE.UU. y del Mundo. Lo que revent\u00f3 la indignaci\u00f3n generalizada fue al denunciar el Dr. Linares, que los pa\u00edses donde est\u00e1 legalizado el \u201cmatrimonio gay\u201d la orientaci\u00f3n sexual de los ped\u00f3filos seria legal e inevitable, causo un apoyo masivo de mayor presi\u00f3n American Psychiatric Association (APA) en los diferentes pa\u00edses del mundo.<\/p>\n<p>Pero a los pocos d\u00edas, la APA cambi\u00f3 la clasificaci\u00f3n, se\u00f1alando en un comunicado \u00abla\u00bb orientaci\u00f3n sexual \u00abno es un t\u00e9rmino que se utiliza en los criterios diagn\u00f3sticos para el trastorno de pedofilia y su uso en la discusi\u00f3n DSM-5 \u201cfue un error\u201d y deber\u00eda decir\u00bb inter\u00e9s sexual &#8216;\u00bb.. La APA dijo que la atenci\u00f3n de los cristianos conservadores pro familia les ayud\u00f3 a resultar una gu\u00eda m\u00e1s precisa y exacta. \u00abEn el uso de [el t\u00e9rmino] orientaci\u00f3n sexual, la APA no ten\u00eda la intenci\u00f3n de que sea interpretado en el sentido jur\u00eddico &#8211; como en un estado de protecci\u00f3n en virtud del t\u00edtulo IV y el resto de la legislaci\u00f3n, pero nos enteramos de que algunos pueden interpretar de esa manera\u00bb, dijo un portavoz quien pidi\u00f3 no ser identificado.\u201d \u00abPor lo tanto, hemos cambiado la palabra\u00bb inter\u00e9s \u00abpor lo que ser\u00eda evidente que APA est\u00e1 hablando en t\u00e9rminos m\u00e9dicos, no est\u00e1 comentando sobre la situaci\u00f3n legal.\u00bb \ufeff<br \/>\nEl Dr. Jos\u00e9 Linares Cer\u00f3n dijo que los cambios de la APA tuvieron lugar despu\u00e9s de la acci\u00f3n agresiva de los conservadores pro familia, y no a trav\u00e9s de un proceso correctivo interno &#8211; La pedofilia no fue la \u00fanica categor\u00eda que se produjo un cambio de \u00aborientaci\u00f3n\u00bb al \u00abinter\u00e9s.\u00bb \u201cTrastorno de masoquismo sexual y trastorno de sadismo sexual tambi\u00e9n vieron los mismos cambios.\u201d As\u00ed lo denuncio el Dr. Jos\u00e9 Linares presidente de Ciprofam International. Tambi\u00e9n a\u00f1adi\u00f3: \u201cel APA ha observado sistem\u00e1ticamente que el criterio de evaluaci\u00f3n de diagn\u00f3stico de pedofilia no ha cambiado &#8211; el \u00fanico cambio formal de la pedofilia en s\u00ed era el nombre de la enfermedad, que fue cambiado a \u00abtrastorno de la pedofilia\u00bb. &#8211;<\/p>\n","protected":false},"excerpt":{"rendered":"<p>EE.UU.-(AGENCIALAVOZ) Despu\u00e9s de una reacci\u00f3n de los conservadores pro familia, la American Psychiatric Association (APA) ha retirado la designaci\u00f3n de la pedofilia como una \u00aborientaci\u00f3n sexual\u00bb. En mayo, la APA public\u00f3 la quinta edici\u00f3n del Manual Diagn\u00f3stico y Estad\u00edstico de los Trastornos Mentales (DSM-5). En este documento, la primera nueva edici\u00f3n en 10 a\u00f1os, la [&hellip;]<\/p>\n","protected":false},"author":2,"featured_media":2026,"comment_status":"open","ping_status":"open","sticky":false,"template":"","format":"standard","meta":{"spay_email":"","jetpack_publicize_message":"","jetpack_is_tweetstorm":false},"categories":[70,95],"tags":[210,105],"aioseo_notices":[],"jetpack_featured_media_url":"http:\/\/catolicasmexico.com\/blog\/wp-content\/uploads\/2013\/11\/20131105-1301511.jpg","jetpack_publicize_connections":[],"jetpack_shortlink":"https:\/\/wp.me\/p3B5XH-wH","jetpack-related-posts":[{"id":2000,"url":"http:\/\/catolicasmexico.com\/blog\/la-inmundicia-se-aprobo-en-apa-pedofilia-es-ahora-clasificada-como-orientacion-sexual\/","url_meta":{"origin":2027,"position":0},"title":"La inmundicia se aprob\u00f3 en APA: Pedofilia es ahora clasificada como \u2018orientaci\u00f3n sexual\u2019","date":"1 noviembre 2013","format":false,"excerpt":"La pesadilla se hizo realidad: La Pedofilia es ahora clasificada como \u2018orientaci\u00f3n sexual\u2019 EE.UU.-(AGENCIALAVOZ) El mundo de la psiquiatr\u00eda ha inventado muchas clasificaciones para la orientaci\u00f3n sexual de los individuos. En base a esta cuestionable \u201cespecialidad m\u00e9dica\u201d las personas pueden ser clasificadas como heterosexuales, homosexuales, asexuales, metrosexuales u otras que\u2026","rel":"","context":"En \u00abPedofilia\u00bb","img":{"alt_text":"","src":"https:\/\/i0.wp.com\/catolicasmexico.com\/blog\/wp-content\/uploads\/2013\/11\/20131101-120236.jpg?resize=350%2C200","width":350,"height":200},"classes":[]},{"id":2556,"url":"http:\/\/catolicasmexico.com\/blog\/quien-es-lunacek-una-activista-gay-que-vende-la-pedofilia-como-educacion-sexual-interactiva\/","url_meta":{"origin":2027,"position":1},"title":"\u00bfQui\u00e9n es Lunacek? Una activista gay que vende la pedofilia como \u00abeducaci\u00f3n sexual interactiva\u00bb","date":"10 febrero 2014","format":false,"excerpt":"Articulo de Religi\u00f3n en libertad (Traducci\u00f3n de Helena Faccia Serrano, Alcal\u00e1 de Henares) (...) El controvertido \u201cinforme Lunacek\u201d, presentado como una \u00abagenda de ruta de la UE contra la homofobia y la discriminaci\u00f3n vinculada a la orientaci\u00f3n sexual y a la identidad de g\u00e9nero\u00bb, fue aprobado el martes en el\u2026","rel":"","context":"En \u00abAborto\u00bb","img":{"alt_text":"","src":"https:\/\/i1.wp.com\/catolicasmexico.com\/blog\/wp-content\/uploads\/2014\/02\/20140210-133236.jpg?resize=350%2C200","width":350,"height":200},"classes":[]},{"id":2572,"url":"http:\/\/catolicasmexico.com\/blog\/increible-llega-a-espana-la-promocion-de-la-pedofilia\/","url_meta":{"origin":2027,"position":2},"title":"Incre\u00edble: llega a Espa\u00f1a la promoci\u00f3n de la pedofilia.","date":"11 febrero 2014","format":false,"excerpt":"Articulo de Intereconom\u00edapor Daniel Mar\u00edn. Un cartel de publicidad en Barcelona usando del derecho a la libertad de expresi\u00f3n exhorta a los ciudadanos a posicionarse a favor y a practicar la pedofilia. Un cartel de publicidad en Barcelona valiendose del derecho a la libertad de expresi\u00f3n exhorta a los ciudadanos\u2026","rel":"","context":"En \u00abEspa\u00f1a\u00bb","img":{"alt_text":"","src":"https:\/\/i0.wp.com\/catolicasmexico.com\/blog\/wp-content\/uploads\/2014\/02\/20140211-184324.jpg?resize=350%2C200","width":350,"height":200},"classes":[]},{"id":1528,"url":"http:\/\/catolicasmexico.com\/blog\/los-pedofilos-exigen-los-mismos-derechos-que-los-homosexuales\/","url_meta":{"origin":2027,"position":3},"title":"Los ped\u00f3filos exigen los mismos derechos que los homosexuales","date":"6 agosto 2013","format":false,"excerpt":"Por Gina Miller Edici\u00f3n y traducci\u00f3n libre de Alejandro P. para catolicasmexico.com Viernes, 02 de agosto de 2013 14:35 \u00a0 2 De agosto, 2013 (Renewamerica.com) \u2013 Los activistas homosexuales en marcha en nuestro gobierno, instituciones militares, las escuelas y la sociedad en general, [\u2026]Adem\u00e1s de pisotear a las libertades de\u2026","rel":"","context":"En \u00abLegislaci\u00f3n\u00bb","img":{"alt_text":"","src":"","width":0,"height":0},"classes":[]},{"id":2082,"url":"http:\/\/catolicasmexico.com\/blog\/cuando-veas-las-barbas-de-tu-vecino-la-isla-del-principe-eduardo-canada-ofrece-educacion-sexual-a-los-ninos-que-es-mas-bien-una-puerta-abierta-a-la-pedofilia\/","url_meta":{"origin":2027,"position":4},"title":"Cuando veas las barbas de tu vecino: \u00a1La Isla del pr\u00edncipe Eduardo (Canad\u00e1) ofrece \"educaci\u00f3n sexual\" a los ni\u00f1os  que es m\u00e1s bien una puerta abierta a la pedofilia\u00a1","date":"19 noviembre 2013","format":false,"excerpt":"Delsitio de www.cqv.cq.cq En el sitio del Socon del 15 de noviembre de 2013 (Comentario sobre la informaci\u00f3n de LifeSiteNews) Traducci\u00f3n y edici\u00f3n libre www.catolicasmexico.com Resumen de dicha gu\u00eda: El Comportamiento \"Sano y natural\" para los ni\u00f1os menores de cinco a\u00f1os es el siguiente: -'Tocar las \"partes privadas\" de familiares\u2026","rel":"","context":"En \u00abCanada.\u00bb","img":{"alt_text":"","src":"","width":0,"height":0},"classes":[]},{"id":3186,"url":"http:\/\/catolicasmexico.com\/blog\/pedofilos-en-el-parlamento-britanico-cameron-pide-descubrir-que-paso-con-los-114-expedientes-desaparecidos\/","url_meta":{"origin":2027,"position":5},"title":"\u00bfPed\u00f3filos en el Parlamento brit\u00e1nico?... Camer\u00f3n pide descubrir que pas\u00f3 con los 114 expedientes desaparecidos.","date":"8 julio 2014","format":false,"excerpt":"Del sitio www.medias-presse-info traducci\u00f3n y edici\u00f3n libre www.catolicasmexico.com Gran Breta\u00f1a - desde hace unos d\u00edas, \u00e9ste es el esc\u00e1ndalo que sacude la vida pol\u00edtica brit\u00e1nica. En la d\u00e9cada de 1980, Geoffrey Dickens, un pol\u00edtico conservador, ten\u00eda un expediente con varios esc\u00e1ndalos pol\u00edticos, tambi\u00e9n hab\u00eda investigado sobre Paedophile Information Exchange (PIE),\u2026","rel":"","context":"En \u00abEuropa\u00bb","img":{"alt_text":"","src":"","width":0,"height":0},"classes":[]}],"jetpack_likes_enabled":false,"jetpack_sharing_enabled":true,"_links":{"self":[{"href":"http:\/\/catolicasmexico.com\/blog\/wp-json\/wp\/v2\/posts\/2027"}],"collection":[{"href":"http:\/\/catolicasmexico.com\/blog\/wp-json\/wp\/v2\/posts"}],"about":[{"href":"http:\/\/catolicasmexico.com\/blog\/wp-json\/wp\/v2\/types\/post"}],"author":[{"embeddable":true,"href":"http:\/\/catolicasmexico.com\/blog\/wp-json\/wp\/v2\/users\/2"}],"replies":[{"embeddable":true,"href":"http:\/\/catolicasmexico.com\/blog\/wp-json\/wp\/v2\/comments?post=2027"}],"version-history":[{"count":1,"href":"http:\/\/catolicasmexico.com\/blog\/wp-json\/wp\/v2\/posts\/2027\/revisions"}],"predecessor-version":[{"id":2028,"href":"http:\/\/catolicasmexico.com\/blog\/wp-json\/wp\/v2\/posts\/2027\/revisions\/2028"}],"wp:featuredmedia":[{"embeddable":true,"href":"http:\/\/catolicasmexico.com\/blog\/wp-json\/wp\/v2\/media\/2026"}],"wp:attachment":[{"href":"http:\/\/catolicasmexico.com\/blog\/wp-json\/wp\/v2\/media?parent=2027"}],"wp:term":[{"taxonomy":"category","embeddable":true,"href":"http:\/\/catolicasmexico.com\/blog\/wp-json\/wp\/v2\/categories?post=2027"},{"taxonomy":"post_tag","embeddable":true,"href":"http:\/\/catolicasmexico.com\/blog\/wp-json\/wp\/v2\/tags?post=2027"}],"curies":[{"name":"wp","href":"https:\/\/api.w.org\/{rel}","templated":true}]}}