{"id":2021,"date":"2013-11-05T10:43:40","date_gmt":"2013-11-05T16:43:40","guid":{"rendered":"http:\/\/catolicasmexico.com\/blog\/?p=2021"},"modified":"2013-11-05T11:46:10","modified_gmt":"2013-11-05T17:46:10","slug":"en-belgica-se-esta-tratando-el-tema-de-la-eutanasia-para-los-ninos","status":"publish","type":"post","link":"http:\/\/catolicasmexico.com\/blog\/en-belgica-se-esta-tratando-el-tema-de-la-eutanasia-para-los-ninos\/","title":{"rendered":"En B\u00e9lgica se est\u00e1 tratando el tema de la eutanasia para los ni\u00f1os."},"content":{"rendered":"<p><a href=\"http:\/\/catolicasmexico.com\/blog\/wp-content\/uploads\/2013\/11\/20131105-125149.jpg\"><img src=\"http:\/\/catolicasmexico.com\/blog\/wp-content\/uploads\/2013\/11\/20131105-125149.jpg\" alt=\"20131105-125149.jpg\" class=\"alignnone size-full\"  \/> <\/a><\/p>\n<p>Traducci\u00f3n y edici\u00f3n libre www.catolicasmexico.com<br \/>\nDel sitio de campagne quebec-vie original del Sitio web de Radio-Canada de 02 de noviembre de 2013.<\/p>\n<p>(Foto: Fr\u00e9d\u00e9rique Laporte en flickr.com de Creative Commons)<\/p>\n<p>Mientras que  en Quebec se ha comenzado a hablar de la  ayuda a morir , B\u00e9lgica evoca la posibilidad de ampliar la ley sobre la eutanasia, que  hoy, es legal para los adultos de 18 a\u00f1os y m\u00e1s, para los ni\u00f1os,  por primera vez en el mundo.<\/p>\n<p>Los activistas argumentan que la eutanasia en los ni\u00f1os,requerir\u00eda el consentimiento de los padres, pues  es necesario dar a las familias la posibilidad de salir de una situaci\u00f3n desesperadamente dolorosa. Los opositores sin embargo se preguntan si un ni\u00f1o podr\u00eda acabar con su vida.<\/p>\n<p>la B\u00e9lgica es un pionero en el asunto relacionado a la eutanasia. En 2002, legaliz\u00f3 la pr\u00e1ctica para los adultos. Durante la \u00faltima d\u00e9cada, ha aumentado el n\u00famero de muertes registradas anualmente de 235 en 2003 a 1432 en 2012. Los m\u00e9dicos suelen dar a los pacientes una dosis de sedantes potente despu\u00e9s les inyectan otro medicamento que detiene el coraz\u00f3n.<\/p>\n<p>Pocos pa\u00edses han legalizado la eutanasia. En los Pa\u00edses Bajos, es legal en circunstancias muy espec\u00edficas y para los ni\u00f1os m\u00e1s de 12 a\u00f1os con el consentimiento de los padres. En otras partes de Europa, la eutanasia es legal s\u00f3lo en Luxemburgo.<\/p>\n<p>(&#8230;)<\/p>\n<p>\u00abEs extra\u00f1o que uno considera que los menores no puedan tomar decisiones tales como casarse, pero podr\u00edan decidir cuando morir.\u00bb &#8211; Andr\u00e9-Joseph L\u00e9onard, arzobispo cat\u00f3lico<\/p>\n<p>El Profesor en derecho m\u00e9dico de \u00e9tica de la Universidad de Oxford, Charles Foster, cree que los ni\u00f1os nunca podr\u00edan tomar una decisi\u00f3n sobre su  propia muerte, ya que los mismos adulto luchan por comprender este concepto.<\/p>\n<p>Otros, como el profesor de Bio\u00e9tica de la Universidad de Manchester John Harris, argumentan que mientras los adultos belgas tienen acceso a la eutanaia , ser\u00eda injusto privar a los ni\u00f1os del derecho a morir.<\/p>\n<p>\u00abEs injusto proporcionar la  eutanasia a algunas personas y no a otros si las necesidades son iguales,\u00bb dijo el Sr. Harris.<\/p>\n","protected":false},"excerpt":{"rendered":"<p>Traducci\u00f3n y edici\u00f3n libre www.catolicasmexico.com Del sitio de campagne quebec-vie original del Sitio web de Radio-Canada de 02 de noviembre de 2013. (Foto: Fr\u00e9d\u00e9rique Laporte en flickr.com de Creative Commons) Mientras que en Quebec se ha comenzado a hablar de la ayuda a morir , B\u00e9lgica evoca la posibilidad de ampliar la ley sobre la [&hellip;]<\/p>\n","protected":false},"author":2,"featured_media":2023,"comment_status":"open","ping_status":"open","sticky":false,"template":"","format":"standard","meta":{"spay_email":"","jetpack_publicize_message":"","jetpack_is_tweetstorm":false},"categories":[10,70],"tags":[218,88,68,217],"aioseo_notices":[],"jetpack_featured_media_url":"http:\/\/catolicasmexico.com\/blog\/wp-content\/uploads\/2013\/11\/20131105-125149.jpg","jetpack_publicize_connections":[],"jetpack_shortlink":"https:\/\/wp.me\/p3B5XH-wB","jetpack-related-posts":[{"id":940,"url":"http:\/\/catolicasmexico.com\/blog\/la-eutanasia-infantil-en-belgica-y-los-paises-bajos-70-anos-despues-del-regimen-nazi\/","url_meta":{"origin":2021,"position":0},"title":"La eutanasia infantil en B\u00e9lgica y los Pa\u00edses Bajos 70 a\u00f1os despu\u00e9s del r\u00e9gimen Nazi","date":"21 junio 2013","format":false,"excerpt":"POR PETER SAUNDERS \u00a0 18 De junio del 2013 (PJSaunders) - La semana pasada B\u00e9lgica y Holanda han tomado pasos importantes para la legalizacion de la eutanasia para los ni\u00f1os. \u00a0 Seg\u00fan los informes, un acuerdo se ha formado entre los miembros del Parlamento Federal belga en apoyo a la\u2026","rel":"","context":"En \u00abEutanasia\u00bb","img":{"alt_text":"","src":"https:\/\/i1.wp.com\/catolicasmexico.com\/blog\/wp-content\/uploads\/2013\/06\/Karl_Brandt_SS-Arzt.jpg?resize=350%2C200","width":350,"height":200},"classes":[]},{"id":2509,"url":"http:\/\/catolicasmexico.com\/blog\/la-asamblea-parlamentaria-del-consejo-europeo-dice-no-a-la-eutanasia-de-ninos-en-belgica\/","url_meta":{"origin":2021,"position":1},"title":"La Asamblea Parlamentaria del Consejo Europeo dice no a la eutanasia de ni\u00f1os en B\u00e9lgica.","date":"3 febrero 2014","format":false,"excerpt":"Del sitio www.cqv.cq.ca original del sitio presse.info del 31de enero de 2014: traducci\u00f3n y edici\u00f3n libre www.catolicas mexico.com As\u00ed pues teniendo en cuenta que: -el Comit\u00e9 de ministros le da la bienvenida al apartado 9 (c) de recomendaci\u00f3n 1418 (1999) de la Asamblea parlamentaria, para \u00abanimar a los Estados miembros\u2026","rel":"","context":"En \u00abEutanasia\u00bb","img":{"alt_text":"","src":"https:\/\/i2.wp.com\/catolicasmexico.com\/blog\/wp-content\/uploads\/2014\/02\/20140203-094118.jpg?resize=350%2C200","width":350,"height":200},"classes":[]},{"id":2599,"url":"http:\/\/catolicasmexico.com\/blog\/belgica-aprueba-la-eutanasia-a-ninos-en-cualquier-edad-con-capacidad-de-discernimiento-y-aun-quiere-ampliarla-mas\/","url_meta":{"origin":2021,"position":2},"title":"B\u00e9lgica aprueba la eutanasia a ni\u00f1os en cualquier edad con \"capacidad de discernimiento\" y a\u00fan quiere ampliarla m\u00e1s.","date":"14 febrero 2014","format":false,"excerpt":"Traducci\u00f3n de Helena Faccia Serrano, Alcal\u00e1 de Henares Articulo de Religi\u00f3n en libertad edici\u00f3n www.catolicasmexico.com Con 86 votos a favor, 44 en contra y 12 abstenciones, la c\u00e1mara de los diputados en B\u00e9lgica ha votado este 13 de febrero el \u00abproyecto de ley que modifica la ley del 28 de\u2026","rel":"","context":"En \u00abEutanasia\u00bb","img":{"alt_text":"","src":"","width":0,"height":0},"classes":[]},{"id":2656,"url":"http:\/\/catolicasmexico.com\/blog\/el-rey-belga-renuncio-a-su-deber-de-proteger-a-sus-conciudadanos\/","url_meta":{"origin":2021,"position":3},"title":"El Rey belga \"renunci\u00f3\" a su deber de proteger a sus conciudadanos.","date":"3 marzo 2014","format":false,"excerpt":"(...)Del sitio www.cqv.cq.ca original del sitio lalibre.be traducci\u00f3n y edici\u00f3n libre www.catolicas mexico.com Es un hecho: este domingo, el rey Philippe de B\u00e9lgica firm\u00f3 la ley sobre la extensi\u00f3n de la eutanasia para los menores de edad. Este fue el \u00faltimo paso que se esperaba en el proceso de la\u2026","rel":"","context":"En \u00abEutanasia\u00bb","img":{"alt_text":"","src":"","width":0,"height":0},"classes":[]},{"id":805,"url":"http:\/\/catolicasmexico.com\/blog\/eutanasia-infantil-proximamente-en-belgica\/","url_meta":{"origin":2021,"position":4},"title":"Eutanasia infantil pr\u00f3ximamente en B\u00e9lgica","date":"12 junio 2013","format":false,"excerpt":"Lifesitenews.com \u00a0 Por Wesley J. de Lifesitenews.com Traducci\u00f3n y redacci\u00f3n libre Alejandro P. de www.catolicasmexico.com Martes, 11 de junio de 2013 9:43 Eutanasia infantil: s\u00f3lo falta la votaci\u00f3n final en B\u00e9lgica as\u00ed como que el Parlamento se ponga de acuerdo a trav\u00e9s de las l\u00edneas partidarias para que los m\u00e9dicos\u2026","rel":"","context":"En \u00abEutanasia\u00bb","img":{"alt_text":"","src":"https:\/\/i2.wp.com\/catolicasmexico.com\/blog\/wp-content\/uploads\/2013\/06\/child_euthanasia.png?resize=350%2C200","width":350,"height":200},"classes":[]},{"id":2736,"url":"http:\/\/catolicasmexico.com\/blog\/medicos-belgas-piden-la-legalizacion-de-la-eutanasia-aun-para-los-pacientes-que-no-la-piden\/","url_meta":{"origin":2021,"position":5},"title":"Medicos belgas piden la legalizaci\u00f3n de la eutanasia, aun para los pacientes que no la piden.","date":"14 marzo 2014","format":false,"excerpt":"Del sitio www.cqv.cq.ca original del peri\u00f3dico Le Soir traducci\u00f3n, comentario y edici\u00f3n libre www.catolicas mexico.com Como es una costumbre, el hecho de que existen practicas indeseables es una raz\u00f3n para legalizarlas. Pensamos que esto deriva de una l\u00f3gica simplista y absurda, que nos llevar\u00e1 sin lugar a dudas a nuestra\u2026","rel":"","context":"En \u00abEutanasia\u00bb","img":{"alt_text":"","src":"https:\/\/i2.wp.com\/catolicasmexico.com\/blog\/wp-content\/uploads\/2014\/03\/20140314-153859.jpg?resize=350%2C200","width":350,"height":200},"classes":[]}],"jetpack_likes_enabled":false,"jetpack_sharing_enabled":true,"_links":{"self":[{"href":"http:\/\/catolicasmexico.com\/blog\/wp-json\/wp\/v2\/posts\/2021"}],"collection":[{"href":"http:\/\/catolicasmexico.com\/blog\/wp-json\/wp\/v2\/posts"}],"about":[{"href":"http:\/\/catolicasmexico.com\/blog\/wp-json\/wp\/v2\/types\/post"}],"author":[{"embeddable":true,"href":"http:\/\/catolicasmexico.com\/blog\/wp-json\/wp\/v2\/users\/2"}],"replies":[{"embeddable":true,"href":"http:\/\/catolicasmexico.com\/blog\/wp-json\/wp\/v2\/comments?post=2021"}],"version-history":[{"count":2,"href":"http:\/\/catolicasmexico.com\/blog\/wp-json\/wp\/v2\/posts\/2021\/revisions"}],"predecessor-version":[{"id":2024,"href":"http:\/\/catolicasmexico.com\/blog\/wp-json\/wp\/v2\/posts\/2021\/revisions\/2024"}],"wp:featuredmedia":[{"embeddable":true,"href":"http:\/\/catolicasmexico.com\/blog\/wp-json\/wp\/v2\/media\/2023"}],"wp:attachment":[{"href":"http:\/\/catolicasmexico.com\/blog\/wp-json\/wp\/v2\/media?parent=2021"}],"wp:term":[{"taxonomy":"category","embeddable":true,"href":"http:\/\/catolicasmexico.com\/blog\/wp-json\/wp\/v2\/categories?post=2021"},{"taxonomy":"post_tag","embeddable":true,"href":"http:\/\/catolicasmexico.com\/blog\/wp-json\/wp\/v2\/tags?post=2021"}],"curies":[{"name":"wp","href":"https:\/\/api.w.org\/{rel}","templated":true}]}}