{"id":2004,"date":"2013-11-03T09:05:45","date_gmt":"2013-11-03T15:05:45","guid":{"rendered":"http:\/\/catolicasmexico.com\/blog\/?p=2004"},"modified":"2013-11-03T09:05:47","modified_gmt":"2013-11-03T15:05:47","slug":"pro-familias-y-pro-vida-de-peru-organizan-caminata-masiva-de-oracion-y-ayuno-por-chile-y-mexico","status":"publish","type":"post","link":"http:\/\/catolicasmexico.com\/blog\/pro-familias-y-pro-vida-de-peru-organizan-caminata-masiva-de-oracion-y-ayuno-por-chile-y-mexico\/","title":{"rendered":"Pro familias y pro-vida de Per\u00fa : organizan caminata masiva de oraci\u00f3n y ayuno por Chile y M\u00e9xico"},"content":{"rendered":"<p><a href=\"http:\/\/catolicasmexico.com\/blog\/wp-content\/uploads\/2013\/11\/20131103-101136.jpg\"><img src=\"http:\/\/catolicasmexico.com\/blog\/wp-content\/uploads\/2013\/11\/20131103-101136.jpg\" alt=\"20131103-101136.jpg\" class=\"alignnone size-full\"  \/> <\/a><\/p>\n<p>Todo el mundo esta al corriente de que en M\u00e9xico est\u00e1 por aprobarse esta ley, salvo los propios mexicanos, tenemos que unirnos y luchar por nuestro pa\u00eds, pues son nuestros hijos los que ser\u00e1n afectados con tan abominable y abyecta ley.<\/p>\n<p>ESPA\u00d1A.-(AGENCIALAVOZ)  El pastor Jos\u00e9 Linares Cer\u00f3n Presidente de Ciprofam Internacional  a convocado oraci\u00f3n por Chile y M\u00e9xico ante los eminentes peligros en contra de la familia y los menores de edad. El pastor Linares ha cancelado sus reuniones de trabajo en Panam\u00e1 para  partir urgente a Per\u00fa y unirse a los pro familias para  participar en una marcha oraci\u00f3n y ayuno para este 1 de noviembre en la ciudad de Ica, Per\u00fa. El evento tendr\u00e1  una concentraci\u00f3n masiva, el pastor Manuel Cuba  quien es un l\u00edder del movimiento pro familia ha confirmado que el evento es la urgencia de trabajar por la unidad de la iglesia y orar contra la agenda gay y el aborto. La convocatoria de ayuno y oraci\u00f3n masiva de las iglesias  evang\u00e9licas peruanas por M\u00e9xico y Chile ha conmovido mucho los corazones de la comunidad evang\u00e9lica internacional,  que empezaran a imitar este modelo en todo el Mundo. El pastor Jos\u00e9 y Carlos Linares son hombres de oraci\u00f3n y ellos est\u00e1n convencidos que todos los \u00e9xitos pro familia y pro vida en el mundo se ha logrado por la oraci\u00f3n y el activismo ciudadano<\/p>\n<p>La urgencia de orar por Chile<br \/>\nA menos de un mes de las elecciones presidenciales en Chile, la candidata de la izquierda, Michelle Bachelet, ha hecho p\u00fablico su programa electoral. En el mismo, como estaba previsto, incluye el \u00abmatrimonio igualitario\u00bb -eufemismo para referirse a la equiparaci\u00f3n de las uniones homosexuales como el matrimonio seg\u00fan la ley natural- y la despenalizaci\u00f3n del aborto. Otros de grandes motivos oraci\u00f3n y ayuno es por el liderazgo pro familia y pro-vida, para se mantenga con firmeza y no caigan en desanimo sino est\u00e9n en pie de lucha, y por la iglesias de Chile en asumir su compromiso prof\u00e9tico en su naci\u00f3n.<\/p>\n<p>M\u00e9xico podr\u00eda convertirse en la meca de la depravaci\u00f3n moral contra los Ni\u00f1os<br \/>\nHoy M\u00e9xico est\u00e1 pasando unos de su momentos m\u00e1s cr\u00edticos, la comisi\u00f3n de igualdad de g\u00e9nero de la C\u00e1mara de Diputados de M\u00e9xico turn\u00f3 a la Comisi\u00f3n de Salud tiene una propuesta de reforma a la Ley General de Salud para permitir la repartici\u00f3n de anticonceptivos y de la p\u00edldora del d\u00eda despu\u00e9s y, adem\u00e1s, ejecutar abortos en ni\u00f1as desde los 12 a\u00f1os en el pa\u00eds, todo ello sin el conocimiento ni consentimiento de sus padres. El pastor Jose Linares dijo en su cuenta de facebook,\u00bbEsta es la consecuencia cuando la indiferencia de las iglesias permiten que la perversi\u00f3n del \u00abmatrimonio\u00bb gay y la despenalizaci\u00f3n del aborto sea legal en su naci\u00f3n.\u00bb<\/p>\n","protected":false},"excerpt":{"rendered":"<p>Todo el mundo esta al corriente de que en M\u00e9xico est\u00e1 por aprobarse esta ley, salvo los propios mexicanos, tenemos que unirnos y luchar por nuestro pa\u00eds, pues son nuestros hijos los que ser\u00e1n afectados con tan abominable y abyecta ley. ESPA\u00d1A.-(AGENCIALAVOZ) El pastor Jos\u00e9 Linares Cer\u00f3n Presidente de Ciprofam Internacional a convocado oraci\u00f3n por [&hellip;]<\/p>\n","protected":false},"author":2,"featured_media":2003,"comment_status":"open","ping_status":"open","sticky":false,"template":"","format":"standard","meta":{"spay_email":"","jetpack_publicize_message":"","jetpack_is_tweetstorm":false},"categories":[9,16,70,57],"tags":[718,727,212],"aioseo_notices":[],"jetpack_featured_media_url":"http:\/\/catolicasmexico.com\/blog\/wp-content\/uploads\/2013\/11\/20131103-101136.jpg","jetpack_publicize_connections":[],"jetpack_shortlink":"https:\/\/wp.me\/p3B5XH-wk","jetpack-related-posts":[{"id":1693,"url":"http:\/\/catolicasmexico.com\/blog\/bolivia-podria-despenalizar-el-aborto-los-pro-vida-y-pro-familias-salen-a-las-calles-en-forma-masiva\/","url_meta":{"origin":2004,"position":0},"title":"Bolivia podr\u00eda despenalizar el aborto los pro-vida y pro-familias salen a las calles en forma masiva","date":"26 agosto 2013","format":false,"excerpt":"Noticia de AGENCIALA VOZ. Edici\u00f3n www.catolicasmexico.com LA PAZ, BOLIVIA .- (AGENCIALAVOZ) Miles de personas se manifestaron el jueves en cuatro regiones de Bolivia en contra del aborto despu\u00e9s que una legisladora present\u00f3 un proyecto para su despenalizaci\u00f3n. La protesta, denominada \"En defensa de la vida\", uni\u00f3 a personas en los\u2026","rel":"","context":"En \u00abAborto\u00bb","img":{"alt_text":"","src":"https:\/\/i0.wp.com\/catolicasmexico.com\/blog\/wp-content\/uploads\/2013\/08\/20130826-121724.jpg?resize=350%2C200","width":350,"height":200},"classes":[]},{"id":1793,"url":"http:\/\/catolicasmexico.com\/blog\/los-pro-familias-daran-el-primer-paso-para-revocar-a-los-congresistas-anti-familia-anti-vida-y-corruptos\/","url_meta":{"origin":2004,"position":1},"title":"Los pro familias dar\u00e1n el primer paso para revocar a los congresistas anti familia, anti vida y corruptos","date":"9 septiembre 2013","format":false,"excerpt":"PERU.-(AGENCIALAVOZ) El reconocido Pastor Jos\u00e9 Linares Cer\u00f3n presidente del Movimiento Internacional Pro-familia inform\u00f3 desde su twiter que estar\u00e1 hoy a las 11Am en la Oficina Nacional de Procesos Electorales (ONPE) junto a Marco Tulio Guti\u00e9rrez, para recibir los planillones que consignar\u00e1n las 2 millones de firmas necesarias para promover la\u2026","rel":"","context":"En \u00abAborto\u00bb","img":{"alt_text":"","src":"https:\/\/i1.wp.com\/catolicasmexico.com\/blog\/wp-content\/uploads\/2013\/09\/20130909-174009.jpg?resize=350%2C200","width":350,"height":200},"classes":[]},{"id":2565,"url":"http:\/\/catolicasmexico.com\/blog\/unete-a-la-jornada-de-ayuno-y-de-oracion-por-quebec\/","url_meta":{"origin":2004,"position":2},"title":"\u00a1Unete a la jornada de ayuno y de oraci\u00f3n por Quebec!","date":"10 febrero 2014","format":false,"excerpt":"Monse\u00f1or Lepine hizo un llamado a la oraci\u00f3n y al ayuno para evitar la adopci\u00f3n de la ley que permite la eutanasia. Este 11 de febrero d\u00eda de la Virgen de Lourdes y d\u00eda mundial de los enfermos un\u00e1monos por medio de la oraci\u00f3n y el ayuno con todos aquellos\u2026","rel":"","context":"En \u00abCanada.\u00bb","img":{"alt_text":"","src":"https:\/\/i2.wp.com\/catolicasmexico.com\/blog\/wp-content\/uploads\/2014\/02\/20140210-194830.jpg?resize=350%2C200","width":350,"height":200},"classes":[]},{"id":1729,"url":"http:\/\/catolicasmexico.com\/blog\/que-mexico-viva-magno-evento-provida-en-queretaro\/","url_meta":{"origin":2004,"position":3},"title":"\u00a1Que M\u00e9xico...Viva! Magno evento provida en Quer\u00e9taro","date":"30 agosto 2013","format":false,"excerpt":"1. Habr\u00e1 venta de alimentos y se recomienda llevar sombrilla para el sol y agua para hidratarse 2. Las puertas del estadio abrir\u00e1n desde las 6:00 am 3. EL EVENTO NO TIENE BOLETOS Y ES GRATUITO 4. Marino Restrepo y el Padre Luis de Moya participan en formato video, todas\u2026","rel":"","context":"En \u00abAborto\u00bb","img":{"alt_text":"","src":"https:\/\/i2.wp.com\/catolicasmexico.com\/blog\/wp-content\/uploads\/2013\/08\/20130830-1248581.jpg?resize=350%2C200","width":350,"height":200},"classes":[]},{"id":1883,"url":"http:\/\/catolicasmexico.com\/blog\/comunidad-hispanoamericana-los-40-dias-por-la-vida-comienzan-manana\/","url_meta":{"origin":2004,"position":4},"title":"Comunidad hispanoamericana ...\u00a1 Los 40 d\u00edas por la vida comienzan ma\u00f1ana!","date":"23 septiembre 2013","format":false,"excerpt":"Redacci\u00f3n: Alejandra Mu\u00f1oz. Reconociendo que con Dios todas las cosas son posibles, este oto\u00f1o, nuestra comunidad se est\u00e1 uniendo a cientos de otras comunidades a trav\u00e9s de todo el mundo para la movilizaci\u00f3n pro-vida m\u00e1s grande de la historia . 40 D\u00edas por la Vida es una campa\u00f1a pro-vida pac\u00edfica\u2026","rel":"","context":"En \u00ab40 D\u00edas por la vida\u00bb","img":{"alt_text":"","src":"https:\/\/i1.wp.com\/catolicasmexico.com\/blog\/wp-content\/uploads\/2013\/09\/20130923-192224.jpg?resize=350%2C200","width":350,"height":200},"classes":[]},{"id":631,"url":"http:\/\/catolicasmexico.com\/blog\/la-legalizacion-del-aborto-esta-detras-de-la-posesion-del-hombre-que-fue-exorcizado-por-el-papa-francisco-afirma-un-exorcista\/","url_meta":{"origin":2004,"position":5},"title":"La legalizaci\u00f3n del aborto est\u00e1 detr\u00e1s de la posesi\u00f3n del hombre que fue exorcizado por el Papa Francisco, afirma un exorcista","date":"31 mayo 2013","format":false,"excerpt":"Por Hilary White, corresponsal en Roma. Noticia de\u00a0LifeSiteNews.com Traducci\u00f3n y Redacci\u00f3n libre . Alejandro P. de\u00a0www.catolicasmexico.com Roma, 30 de mayo del 2013 (LifeSiteNews.com) \u2013 Un video que muestra al Papa Francisco realizando un exorcismo improvisado se ha popularizado tanto en el mundo cat\u00f3lico como al exterior y \u00e9sta semana un\u2026","rel":"","context":"En \u00abAborto\u00bb","img":{"alt_text":"","src":"https:\/\/i2.wp.com\/catolicasmexico.com\/blog\/wp-content\/uploads\/2013\/05\/image-30.jpeg?resize=350%2C200","width":350,"height":200},"classes":[]}],"jetpack_likes_enabled":false,"jetpack_sharing_enabled":true,"_links":{"self":[{"href":"http:\/\/catolicasmexico.com\/blog\/wp-json\/wp\/v2\/posts\/2004"}],"collection":[{"href":"http:\/\/catolicasmexico.com\/blog\/wp-json\/wp\/v2\/posts"}],"about":[{"href":"http:\/\/catolicasmexico.com\/blog\/wp-json\/wp\/v2\/types\/post"}],"author":[{"embeddable":true,"href":"http:\/\/catolicasmexico.com\/blog\/wp-json\/wp\/v2\/users\/2"}],"replies":[{"embeddable":true,"href":"http:\/\/catolicasmexico.com\/blog\/wp-json\/wp\/v2\/comments?post=2004"}],"version-history":[{"count":1,"href":"http:\/\/catolicasmexico.com\/blog\/wp-json\/wp\/v2\/posts\/2004\/revisions"}],"predecessor-version":[{"id":2005,"href":"http:\/\/catolicasmexico.com\/blog\/wp-json\/wp\/v2\/posts\/2004\/revisions\/2005"}],"wp:featuredmedia":[{"embeddable":true,"href":"http:\/\/catolicasmexico.com\/blog\/wp-json\/wp\/v2\/media\/2003"}],"wp:attachment":[{"href":"http:\/\/catolicasmexico.com\/blog\/wp-json\/wp\/v2\/media?parent=2004"}],"wp:term":[{"taxonomy":"category","embeddable":true,"href":"http:\/\/catolicasmexico.com\/blog\/wp-json\/wp\/v2\/categories?post=2004"},{"taxonomy":"post_tag","embeddable":true,"href":"http:\/\/catolicasmexico.com\/blog\/wp-json\/wp\/v2\/tags?post=2004"}],"curies":[{"name":"wp","href":"https:\/\/api.w.org\/{rel}","templated":true}]}}