{"id":1994,"date":"2013-11-01T10:03:56","date_gmt":"2013-11-01T16:03:56","guid":{"rendered":"http:\/\/catolicasmexico.com\/blog\/?p=1994"},"modified":"2017-07-22T00:47:13","modified_gmt":"2017-07-22T05:47:13","slug":"siete-razones-para-no-celebrar-halloween","status":"publish","type":"post","link":"http:\/\/catolicasmexico.com\/blog\/siete-razones-para-no-celebrar-halloween\/","title":{"rendered":"SIETE RAZONES PARA NO CELEBRAR HALLOWEEN"},"content":{"rendered":"<p><a href=\"http:\/\/catolicasmexico.com\/blog\/wp-content\/uploads\/2015\/10\/Halloween.jpg\"><img data-attachment-id=\"4633\" data-permalink=\"http:\/\/catolicasmexico.com\/blog\/una-verdadera-pesadilla\/halloween\/\" data-orig-file=\"http:\/\/catolicasmexico.com\/blog\/wp-content\/uploads\/2015\/10\/Halloween.jpg\" data-orig-size=\"225,225\" data-comments-opened=\"1\" data-image-meta=\"{&quot;aperture&quot;:&quot;0&quot;,&quot;credit&quot;:&quot;&quot;,&quot;camera&quot;:&quot;&quot;,&quot;caption&quot;:&quot;&quot;,&quot;created_timestamp&quot;:&quot;0&quot;,&quot;copyright&quot;:&quot;&quot;,&quot;focal_length&quot;:&quot;0&quot;,&quot;iso&quot;:&quot;0&quot;,&quot;shutter_speed&quot;:&quot;0&quot;,&quot;title&quot;:&quot;&quot;,&quot;orientation&quot;:&quot;0&quot;}\" data-image-title=\"Halloween\" data-image-description=\"\" data-medium-file=\"http:\/\/catolicasmexico.com\/blog\/wp-content\/uploads\/2015\/10\/Halloween.jpg\" data-large-file=\"http:\/\/catolicasmexico.com\/blog\/wp-content\/uploads\/2015\/10\/Halloween.jpg\" src=\"http:\/\/catolicasmexico.com\/blog\/wp-content\/uploads\/2015\/10\/Halloween.jpg\" alt=\"\" width=\"225\" height=\"225\" class=\"alignleft size-full wp-image-4633\" srcset=\"http:\/\/catolicasmexico.com\/blog\/wp-content\/uploads\/2015\/10\/Halloween.jpg 225w, http:\/\/catolicasmexico.com\/blog\/wp-content\/uploads\/2015\/10\/Halloween-150x150.jpg 150w\" sizes=\"100vw\" \/> <\/a><\/p>\n<p>Siete razones para no celebrar el Halloween<\/p>\n<p>1. NO es una actividad cat\u00f3lica. Los cat\u00f3licos, nunca celebraremos una noche dedicada a la exaltaci\u00f3n de la brujer\u00eda en ninguna de sus formas.<\/p>\n<p>2. Va contra las ense\u00f1anzas de Jes\u00fas. Jes\u00fas est\u00e1 en contra de la brujer\u00eda en todas sus formas: espiritismo, hechicer\u00eda, adivinaci\u00f3n, lectura de cartas, hor\u00f3scopos, astrolog\u00eda y tantas m\u00e1scaras con que se encubre la maldad. Estas han sido declaradas enemigas de la Palabra de Dios desde tiempos muy remotos y van contra todas las ense\u00f1anzas de nuestro Se\u00f1or, quien dice claramente que \u201cel que no est\u00e1 conmigo est\u00e1 contra m\u00ed\u201d. Hay innumerables referencias b\u00edblicas donde se condena el uso de toda estas clases de mal.<\/p>\n<p>3.NO es una tradici\u00f3n latinoamericana. Como ocurre siempre que se importan actos culturales diferentes a los nuestros, el verdadero significado queda relegado a una simple imitaci\u00f3n. Jam\u00e1s se ha celebrado como parte de nuestra cultura e idiosincracia, una noche dedicada a las brujas.<\/p>\n<p>4.Sirve para rendir culto a satan\u00e1s.Aunque en apariencia es una actividad recreativa y muy llamativa, sobre todo para los ni\u00f1os, su verdadero significado sigue oculto a nuestros ojos. En muchos pa\u00edses, incluyendo el nuestro, los grupos sat\u00e1nicos usan esa noche para un \u201cculto\u201d especial dedicado a satan\u00e1s y en muchos pa\u00edses alrededor del mundo, se hacen sacrificios humanos, sobre todo de ni\u00f1os que han sido secuestrados de sus hogares y que son ofrecidos como v\u00edctimas inocentes en una noche de lujuria, drogas, alcohol y toda clase de desenfrenos, en las llamadas \u201cmisas negras\u201d.<\/p>\n<p><a href=\"http:\/\/catolicasmexico.com\/blog\/\" rel=\"attachment wp-att-13467\"><img title=\"scary\" src=\"http:\/\/eccechristianus.files.wordpress.com\/2012\/10\/scary.jpg?w=530&amp;h=398\" alt=\"\" width=\"530\" height=\"398\"  \/> <\/a><\/p>\n<p>5. Se opone al primer mandamiento. Este  tipo de actividades, ni exalta el nombre de Jes\u00fas, ni tiene nada que ver con su Padre Celestial y mucho menos con el Santo Esp\u00edritu del Dios Alt\u00edsimo. Por lo tanto, va en contraposici\u00f3n al primer mandamiento de amar a Dios con toda nuestra alma, nuestra mente, nuestro coraz\u00f3n, con todas nuestras fuerzas, en fin con todo nuestro ser.<\/p>\n<p>6. Participar es olvidarse de Dios. Participar quiere decir \u201cser parte de\u201d: si usted participa est\u00e1 siendo parte de esta tremenda responsabilidad espiritual: No s\u00f3lo se est\u00e1 alejando u olvidando de la adoraci\u00f3n al Dios Eterno e Inmortal, sino que est\u00e1 siendo parte de una actividad que glorifica a las brujas y a su padre satan\u00e1s.<\/p>\n<p>7. Contamina y esclaviza a nuestros ni\u00f1os. No hay magia blanca y magia negra, no hay brujas buenas y brujas malas. Toda la actividad demon\u00edaca se disfraza y se oculta para ganar adeptos y as\u00ed muchas veces \u201cvestimos\u201d a nuestros ni\u00f1itos como \u201cbrujitas\u201d y \u201cdiablitos\u201d. Jes\u00fas dijo: \u201cDejad que los ni\u00f1os vengan a m\u00ed y NO SE LO IMPID\u00c1IS, porque de los tales es el Reino de los Cielos\u201d.<br \/>\n\u00bfLlevar\u00eda usted a sus ni\u00f1os disfrazados ante Jes\u00fas y los podr\u00eda presentar libremente y con su conciencia tranquila? Jes\u00fas necesita a sus ni\u00f1os libres de toda clase de m\u00e1scaras y limpios de toda contaminaci\u00f3n.<\/p>\n<p>De: Jeanne Fiores Giannetti Veneto<\/p>\n","protected":false},"excerpt":{"rendered":"<p>Siete razones para no celebrar el Halloween 1. NO es una actividad cat\u00f3lica. Los cat\u00f3licos, nunca celebraremos una noche dedicada a la exaltaci\u00f3n de la brujer\u00eda en ninguna de sus formas. 2. Va contra las ense\u00f1anzas de Jes\u00fas. Jes\u00fas est\u00e1 en contra de la brujer\u00eda en todas sus formas: espiritismo, hechicer\u00eda, adivinaci\u00f3n, lectura de cartas, [&hellip;]<\/p>\n","protected":false},"author":5,"featured_media":4633,"comment_status":"open","ping_status":"open","sticky":false,"template":"","format":"standard","meta":{"spay_email":"","jetpack_publicize_message":"","jetpack_is_tweetstorm":false},"categories":[335,196],"tags":[211],"aioseo_notices":[],"jetpack_featured_media_url":"http:\/\/catolicasmexico.com\/blog\/wp-content\/uploads\/2015\/10\/Halloween.jpg","jetpack_publicize_connections":[],"jetpack_shortlink":"https:\/\/wp.me\/p3B5XH-wa","jetpack-related-posts":[{"id":2399,"url":"http:\/\/catolicasmexico.com\/blog\/mezzetti-contra-el-reiki-satanas-tiene-interes-en-hacer-curaciones-y-tambien-visiones-falsas\/","url_meta":{"origin":1994,"position":0},"title":"Mezzetti, contra el reiki: \u00abSatan\u00e1s tiene inter\u00e9s en hacer curaciones\u00bb, y tambi\u00e9n visiones falsas","date":"17 enero 2014","format":false,"excerpt":"Art\u00edculo de Religi\u00f3n en libertad. El profesor Tarcisio Mezzetti, padre de familia, ya abuelo, es un qu\u00edmico prestigioso por sus trabajos en Italia y Estados Unidos. Fue profesor de Qu\u00edmica y Toxicolog\u00eda en la Universidad de Perugia. En 1976 experiment\u00f3 una profunda conversi\u00f3n a la fe cristiana con una especial\u2026","rel":"","context":"En \u00abNew Age\u00bb","img":{"alt_text":"","src":"https:\/\/i0.wp.com\/catolicasmexico.com\/blog\/wp-content\/uploads\/2014\/01\/20140117-134009.jpg?resize=350%2C200","width":350,"height":200},"classes":[]},{"id":2740,"url":"http:\/\/catolicasmexico.com\/blog\/fue-la-bruja-mas-famosa-de-colombia-hoy-es-catolica-devota-activa-provida-y-combate-la-nueva-era-rel\/","url_meta":{"origin":1994,"position":1},"title":"Fue la bruja m\u00e1s famosa de Colombia: hoy es cat\u00f3lica devota, activa provida y combate la Nueva Era - ReL","date":"18 marzo 2014","format":false,"excerpt":"Articulo de Religi\u00f3n en libertad. La bruja, la m\u00e1s famosa y poderosa bruja que ha tenido Colombia, es ahora una mujer de Dios. Atr\u00e1s quedaron los riegos, conjuros y maleficios, los entierros y brebajes que la convirtieron en la bruja de cabecera de pol\u00edticos e importantes personalidades colombianas en las\u2026","rel":"","context":"En \u00abHistorias de Conversi\u00f3n\u00bb","img":{"alt_text":"","src":"https:\/\/i2.wp.com\/catolicasmexico.com\/blog\/wp-content\/uploads\/2014\/03\/20140318-194849.jpg?resize=350%2C200","width":350,"height":200},"classes":[]},{"id":4016,"url":"http:\/\/catolicasmexico.com\/blog\/4016-2\/","url_meta":{"origin":1994,"position":2},"title":"\"Voice of the Family\" ha\u2026","date":"7 octubre 2015","format":false,"excerpt":"\"Voice of the Family\" ha publicado un manifiesto para hacer que la voz de los laicos en el S\u00ednodo sobre la familia sea escuchado. Art\u00edculo del blog de Jeanne Smits traducci\u00f3n y edici\u00f3n libre CM. Se trata de combatir todos los aspectos de la cultura de la muerte ahora que\u2026","rel":"","context":"En \u00abEducaci\u00f3n\u00bb","img":{"alt_text":"","src":"https:\/\/i0.wp.com\/catolicasmexico.com\/blog\/wp-content\/uploads\/2015\/10\/IMG_0307.png?resize=350%2C200","width":350,"height":200},"classes":[]},{"id":4413,"url":"http:\/\/catolicasmexico.com\/blog\/detengamos-la-publicacion-de-este-libro-que-blasfema-en-contra-de-la-santisima-virgen\/","url_meta":{"origin":1994,"position":3},"title":"Detengamos la publicaci\u00f3n de este libro que blasfema en contra de la Sant\u00edsima Virgen.","date":"16 junio 2016","format":false,"excerpt":"Recientemente el 13 de abril, las ediciones \"drawn and quarterly\" publicaron un libro ilustrado: Maria llorando a los pies de Jes\u00fas. En una entrevista con salon.com el autor e ilustrador Chester Brown dijo: \" mi pensamiento es que Jes\u00fas tuvo una relaci\u00f3n con la prostituci\u00f3n muy diferente de lo que\u2026","rel":"","context":"En \u00abataques contra la Iglesia Catolica\u00bb","img":{"alt_text":"","src":"https:\/\/i2.wp.com\/catolicasmexico.com\/blog\/wp-content\/uploads\/2016\/06\/IMG_0659.jpg?resize=350%2C200","width":350,"height":200},"classes":[]},{"id":235,"url":"http:\/\/catolicasmexico.com\/blog\/la-polemica-esta-servida-una-mujer-crucificada-protagoniza-una-campana-socialista-contra-la-reforma-de-la-ley-del-aborto\/","url_meta":{"origin":1994,"position":4},"title":"La pol\u00e9mica est\u00e1 servida: una mujer crucificada protagoniza una campa\u00f1a socialista contra la reforma de la ley del aborto","date":"10 mayo 2013","format":false,"excerpt":"Diariocr\u00edtico\/Agencias\u00a010\/05\/2013 Xuventudes Socialistas de Galicia (XSG) ha presentado este viernes una campa\u00f1a --que se realizar\u00e1 a trav\u00e9s de las redes sociales-- contra la reforma de la Ley de Salud Sexual y Reproductiva e Interrupci\u00f3n Voluntaria del Embarazo--, que \"es una bofetada de Gallard\u00f3n a los derechos de todas las mujeres\"\u2026","rel":"","context":"En \u00abAborto\u00bb","img":{"alt_text":"","src":"https:\/\/i0.wp.com\/catolicasmexico.com\/blog\/wp-content\/uploads\/2013\/05\/237717.jpg?resize=350%2C200","width":350,"height":200},"classes":[]},{"id":4318,"url":"http:\/\/catolicasmexico.com\/blog\/la-visita-de-la-directora-de-planned-parenthood-es-como-una-bofetada-afirman-los-estudiantes-de-la-universidad-de-georgetown\/","url_meta":{"origin":1994,"position":5},"title":"La visita de la directora de Planned Parenthood \"es como una bofetada\" afirman los Estudiantes de la Universidad de Georgetown.","date":"21 marzo 2016","format":false,"excerpt":"La administraci\u00f3n de la escuela cat\u00f3lica jesuita autoriz\u00f3 y defendi\u00f3 la invitaci\u00f3n de la directora de Planned Parenthood Cecile Richards que le hizo la asociaci\u00f3n de estudiantes \"Lecture Fund\". La Asociacion Provida \"derechos por la vida\"' envi\u00f3 un comunicado a la asociaci\u00f3n cat\u00f3lica \"Cardinal Newman Society\" afirmando que esta visita\u2026","rel":"","context":"En \u00abAborto\u00bb","img":{"alt_text":"","src":"https:\/\/i0.wp.com\/catolicasmexico.com\/blog\/wp-content\/uploads\/2016\/03\/IMG_0484.jpg?resize=350%2C200","width":350,"height":200},"classes":[]}],"jetpack_likes_enabled":false,"jetpack_sharing_enabled":true,"_links":{"self":[{"href":"http:\/\/catolicasmexico.com\/blog\/wp-json\/wp\/v2\/posts\/1994"}],"collection":[{"href":"http:\/\/catolicasmexico.com\/blog\/wp-json\/wp\/v2\/posts"}],"about":[{"href":"http:\/\/catolicasmexico.com\/blog\/wp-json\/wp\/v2\/types\/post"}],"author":[{"embeddable":true,"href":"http:\/\/catolicasmexico.com\/blog\/wp-json\/wp\/v2\/users\/5"}],"replies":[{"embeddable":true,"href":"http:\/\/catolicasmexico.com\/blog\/wp-json\/wp\/v2\/comments?post=1994"}],"version-history":[{"count":7,"href":"http:\/\/catolicasmexico.com\/blog\/wp-json\/wp\/v2\/posts\/1994\/revisions"}],"predecessor-version":[{"id":4665,"href":"http:\/\/catolicasmexico.com\/blog\/wp-json\/wp\/v2\/posts\/1994\/revisions\/4665"}],"wp:featuredmedia":[{"embeddable":true,"href":"http:\/\/catolicasmexico.com\/blog\/wp-json\/wp\/v2\/media\/4633"}],"wp:attachment":[{"href":"http:\/\/catolicasmexico.com\/blog\/wp-json\/wp\/v2\/media?parent=1994"}],"wp:term":[{"taxonomy":"category","embeddable":true,"href":"http:\/\/catolicasmexico.com\/blog\/wp-json\/wp\/v2\/categories?post=1994"},{"taxonomy":"post_tag","embeddable":true,"href":"http:\/\/catolicasmexico.com\/blog\/wp-json\/wp\/v2\/tags?post=1994"}],"curies":[{"name":"wp","href":"https:\/\/api.w.org\/{rel}","templated":true}]}}