{"id":1984,"date":"2013-10-23T15:08:06","date_gmt":"2013-10-23T20:08:06","guid":{"rendered":"http:\/\/catolicasmexico.com\/blog\/?p=1984"},"modified":"2013-10-23T15:08:06","modified_gmt":"2013-10-23T20:08:06","slug":"el-papa-y-la-existencia-de-satanas","status":"publish","type":"post","link":"http:\/\/catolicasmexico.com\/blog\/el-papa-y-la-existencia-de-satanas\/","title":{"rendered":"El Papa y la existencia de Satan\u00e1s"},"content":{"rendered":"<h2><a style=\"font-size: 1.8rem; line-height: 1.6; font-weight: normal;\" href=\"http:\/\/catolicasmexico.com\/blog\/wp-content\/uploads\/2013\/10\/jesusexpulsademonios2.gif\"><img data-attachment-id=\"1985\" data-permalink=\"http:\/\/catolicasmexico.com\/blog\/el-papa-y-la-existencia-de-satanas\/jesusexpulsademonios2\/\" data-orig-file=\"http:\/\/catolicasmexico.com\/blog\/wp-content\/uploads\/2013\/10\/jesusexpulsademonios2.gif\" data-orig-size=\"1130,916\" data-comments-opened=\"1\" data-image-meta=\"{&quot;aperture&quot;:&quot;0&quot;,&quot;credit&quot;:&quot;&quot;,&quot;camera&quot;:&quot;&quot;,&quot;caption&quot;:&quot;&quot;,&quot;created_timestamp&quot;:&quot;0&quot;,&quot;copyright&quot;:&quot;&quot;,&quot;focal_length&quot;:&quot;0&quot;,&quot;iso&quot;:&quot;0&quot;,&quot;shutter_speed&quot;:&quot;0&quot;,&quot;title&quot;:&quot;&quot;,&quot;orientation&quot;:&quot;0&quot;}\" data-image-title=\"jesusexpulsademonios2\" data-image-description=\"\" data-medium-file=\"http:\/\/catolicasmexico.com\/blog\/wp-content\/uploads\/2013\/10\/jesusexpulsademonios2-300x243.gif\" data-large-file=\"http:\/\/catolicasmexico.com\/blog\/wp-content\/uploads\/2013\/10\/jesusexpulsademonios2-1024x830.gif\" class=\"alignnone size-medium wp-image-1985\" title=\"jesusexpulsademonios2\" src=\"http:\/\/catolicasmexico.com\/blog\/wp-content\/uploads\/2013\/10\/jesusexpulsademonios2-300x243.gif\" alt=\"\" width=\"300\" height=\"243\"  \/> <\/a><\/h2>\n<h2><span style=\"line-height: 1.6; font-size: 1.3rem; font-weight: normal;\">Supongo que todos los\u00a0<\/span><strong style=\"line-height: 1.6; font-size: 1.3rem;\">infectados por la teolog\u00eda liberal se habr\u00e1n quedado hoy un tanto estupefactos al leer que el papa Francisco<\/strong><span style=\"line-height: 1.6; font-size: 1.3rem; font-weight: normal;\">\u00a0ha hablado con una contundencia fuera de toda duda no solo sobre la realidad de la existencia de Satan\u00e1s y los esp\u00edritus inmundo, sino sobre el hecho de que a veces poseen a seres humanos. Es m\u00e1s, el Santo Padre les ha le\u00eddo la cartilla a los que predican en contra de esa idea:<\/span><\/h2>\n<div>\n<blockquote><p>Hay algunos sacerdotes que cuando leen este pasaje del Evangelio, este y otros (sobre expulsi\u00f3n de demonios, n.d.r.), dicen: \u2018Jes\u00fas cur\u00f3 a una persona de una enfermedad ps\u00edquica. No se lee esto aqu\u00ed, \u00bfno? Es verdad que en aquel tiempo se pod\u00eda confundir una epilepsia con la posesi\u00f3n del demonio; \u00a1pero es tambi\u00e9n cierto que exist\u00eda el demonio! Y no tenemos derecho a simplificar tanto las cosas, diciendo: \u2018Todos estos no estaban endemoniados; eran enfermos ps\u00edquicos\u2019. \u00a1No! La presencia del demonio est\u00e1 en la primera p\u00e1gina de la Biblia y la Biblia acaba tambi\u00e9n con la presencia del demonio, con la victoria de Dios sobre el demonio.<\/p><\/blockquote>\n<p>Alguno estar\u00e1 pensando: \u201cBueno,\u00a0<em>ya nos est\u00e1 asustando este hombre con cosas propias de la Edad Media y de un pasado superado<\/em>\u201c. Pues miren ustedes lo que les responde el Santo Padre:<\/p>\n<p style=\"padding-left: 30px;\">\u00a1Pero, Padre, usted est\u00e1 un poco anticuado! Nos asusta con estas cosas \u2026\u2019. No, \u00a1yo no! \u00a1Es el Evangelio! Y esto no son mentiras: \u00a1es la Palabra del Se\u00f1or! Pidamos al Se\u00f1or la gracia de tomar en serio estas cosas. \u00c9l ha venido a luchar por nuestra salvaci\u00f3n. \u00a1El ha vencido al demonio! \u00a1Por favor, no hagamos tratos con el demonio! \u00c9l busca volver a casa, tomarnos en posesi\u00f3n \u2026 \u00a1No relativizar, vigilar! \u00a1Y siempre con Jes\u00fas!<\/p>\n<p>Hace unos d\u00edas,\u00a0<a href=\"http:\/\/www.europapress.es\/castilla-lamancha\/noticia-arzobispo-toledo-cree-novedoso-papa-francisco-dice-cosas-urge-actuar-20131009122644.html\">el arzobispo de Toledo y primado de Espa\u00f1a. Mons. Braulio Rodr\u00edguez<\/a>, dijo que<strong>lo m\u00e1s novedoso de este Papa no es lo que dice sino c\u00f3mo lo dice<\/strong>. Efectivamente, todos los papas anteriores a \u00e9l nos han recordado que Satan\u00e1s es un personaje real que influye sobre el hombre y la humanidad, pero no recuerdo a ninguno que lo dijera con esa contundencia, con unas palabras que no dejan lugar al menor de los equ\u00edvocos.<\/p>\n<p>Todos aquellos que van por ah\u00ed\u00a0<strong>negando esa vedad han quedado hoy retratados ante la clara y n\u00edtida ense\u00f1anza del Vicario de Cristo<\/strong>. Ciertamente algunas enfermedades pueden producir efectos parecidos a los de una posesi\u00f3n, pero quienes han estado delante de una persona pose\u00edda y tienen cierta sensibilidad espiritual saben muy bien que lo que ven sus ojos no es un enfermo sino un pose\u00eddo.<\/p>\n<p>Como decimos por ac\u00e1, \u201clas cosas claras y el chocolate espero\u00bb.\u00a0<strong>Cuando el Papa habla a la Iglesia<\/strong>\u00a0-su audiencia eran mayormente obispos-\u00a0<strong>no se anda por las ramas<\/strong>. Dice las cosas como son.<\/p>\n<p><strong>Luis Fernando P\u00e9rez Bustamante<\/strong><\/p>\n<p><a href=\"http:\/\/infocatolica.com\/\">http:\/\/infocatolica.com\/<\/a><\/p>\n<\/div>\n","protected":false},"excerpt":{"rendered":"<p>Supongo que todos los\u00a0infectados por la teolog\u00eda liberal se habr\u00e1n quedado hoy un tanto estupefactos al leer que el papa Francisco\u00a0ha hablado con una contundencia fuera de toda duda no solo sobre la realidad de la existencia de Satan\u00e1s y los esp\u00edritus inmundo, sino sobre el hecho de que a veces poseen a seres humanos. [&hellip;]<\/p>\n","protected":false},"author":5,"featured_media":1985,"comment_status":"open","ping_status":"open","sticky":false,"template":"","format":"standard","meta":{"spay_email":"","jetpack_publicize_message":"","jetpack_is_tweetstorm":false},"categories":[13,209,208],"tags":[],"aioseo_notices":[],"jetpack_featured_media_url":"http:\/\/catolicasmexico.com\/blog\/wp-content\/uploads\/2013\/10\/jesusexpulsademonios2.gif","jetpack_publicize_connections":[],"jetpack_shortlink":"https:\/\/wp.me\/p3B5XH-w0","jetpack-related-posts":[{"id":4202,"url":"http:\/\/catolicasmexico.com\/blog\/retirate-satanas-digamos-a-fox-que-cancele-la-serie-lucifer-2\/","url_meta":{"origin":1984,"position":0},"title":"\u00a1Retirate satan\u00e1s! ...digamos a FOX que cancele la serie \"Lucifer\"\u00a0","date":"19 enero 2016","format":false,"excerpt":"\u00a1 As\u00ed C\u00f3mo San Miguel, no hagas compromiso con el diablo y protesta ahora ! Fox TV planea poner en ondas una nueva s\u00e9rie en las horas de mayor audiencia llamada Lucifer. El hacer eso ayudar\u00e1 y aumentar\u00e1 al satanismo en America. Nuestras palabras y nuestros esfuerzos deben ser las\u2026","rel":"","context":"En \u00abataques contra la Iglesia Catolica\u00bb","img":{"alt_text":"","src":"","width":0,"height":0},"classes":[]},{"id":2399,"url":"http:\/\/catolicasmexico.com\/blog\/mezzetti-contra-el-reiki-satanas-tiene-interes-en-hacer-curaciones-y-tambien-visiones-falsas\/","url_meta":{"origin":1984,"position":1},"title":"Mezzetti, contra el reiki: \u00abSatan\u00e1s tiene inter\u00e9s en hacer curaciones\u00bb, y tambi\u00e9n visiones falsas","date":"17 enero 2014","format":false,"excerpt":"Art\u00edculo de Religi\u00f3n en libertad. El profesor Tarcisio Mezzetti, padre de familia, ya abuelo, es un qu\u00edmico prestigioso por sus trabajos en Italia y Estados Unidos. Fue profesor de Qu\u00edmica y Toxicolog\u00eda en la Universidad de Perugia. En 1976 experiment\u00f3 una profunda conversi\u00f3n a la fe cristiana con una especial\u2026","rel":"","context":"En \u00abNew Age\u00bb","img":{"alt_text":"","src":"https:\/\/i0.wp.com\/catolicasmexico.com\/blog\/wp-content\/uploads\/2014\/01\/20140117-134009.jpg?resize=350%2C200","width":350,"height":200},"classes":[]},{"id":3800,"url":"http:\/\/catolicasmexico.com\/blog\/el-consejo-de-la-ciudad-de-florida-invoca-a-satanas-durante-sus-reuniones\/","url_meta":{"origin":1984,"position":2},"title":"\u00a1El Consejo de la ciudad de Florida invoca a Satan\u00e1s durante sus reuniones!","date":"16 junio 2015","format":false,"excerpt":"\u00a0 \u00a0 \u00a0 \u00a0 \u00a0 \u00a0 \u00a0 \u00a1Esta escena es digna de una pel\u00edcula! Pensemos a d\u00f3nde nos est\u00e1 llevando el falso ecumenismo en donde por amor al respeto humano se deshecha la verdad absoluta. Olvidamos que miles de m\u00e1rtires dieron la vida por negarse a ofrecer una pizca de\u2026","rel":"","context":"En \u00abpol\u00edtica\u00bb","img":{"alt_text":"","src":"https:\/\/i2.wp.com\/catolicasmexico.com\/blog\/wp-content\/uploads\/2015\/06\/Screen-Shot-2014-05-01-at-1-26-06-PM.jpg?resize=350%2C200","width":350,"height":200},"classes":[]},{"id":1947,"url":"http:\/\/catolicasmexico.com\/blog\/asi-es-como-nuestro-querido-papa-juan-pablo-ii-respondio-a-la-acusacion-de-su-obsesion-por-el-aborto\/","url_meta":{"origin":1984,"position":3},"title":"As\u00ed es como Nuestro Querido Papa Juan Pablo II respondi\u00f3 a la acusaci\u00f3n de su \"obsesi\u00f3n\" por el aborto.","date":"6 octubre 2013","format":false,"excerpt":"Art\u00edculo de LifeSiteNews. Traduccion y edici\u00f3n libre Monica Y.A. de www.catolicasmexico.com En la entrevista de 1994 el Papa Juan Pablo respondi\u00f3 a la acusaci\u00f3n de estar \u201cobsesionado\u201d por el aborto. (...) En el cap\u00edtulo titulado La defensa de toda vida, Messori pregunt\u00f3: \"Su condena repetida de toda legalizaci\u00f3n del aborto\u2026","rel":"","context":"En \u00abAborto\u00bb","img":{"alt_text":"","src":"https:\/\/i2.wp.com\/catolicasmexico.com\/blog\/wp-content\/uploads\/2013\/10\/20131007-191428.jpg?resize=350%2C200","width":350,"height":200},"classes":[]},{"id":740,"url":"http:\/\/catolicasmexico.com\/blog\/el-diablo-y-la-cultura-de-la-muerte\/","url_meta":{"origin":1984,"position":4},"title":"El diablo y la cultura de la muerte","date":"7 junio 2013","format":false,"excerpt":"El diablo y la cultura de la muerte Por John Stonestreet. Traducci\u00f3n y redacci\u00f3n libre Alejandro P. de www.catolicasmexico.com Martes, 04 de junio de 2013 13:37 EST \u00a0 \u00a0 4 De junio del 2013 (Breakpoint.org) - Daniel Patrick Moynihan acu\u00f1\u00f3 la frase \"bajamos el tono\" para describir el proceso por\u2026","rel":"","context":"En \u00abAborto\u00bb","img":{"alt_text":"","src":"https:\/\/i1.wp.com\/catolicasmexico.com\/blog\/wp-content\/uploads\/2014\/05\/Abortion_Clinic_Deaths.JPEG-0eb01-1024x742.jpg?resize=350%2C200","width":350,"height":200},"classes":[]},{"id":2426,"url":"http:\/\/catolicasmexico.com\/blog\/el-aborto-es-y-siempre-sera-una-practica-horrorosa-senala-semanario-mexicano\/","url_meta":{"origin":1984,"position":5},"title":"El aborto es y siempre ser\u00e1 una pr\u00e1ctica horrorosa, se\u00f1ala Semanario mexicano","date":"21 enero 2014","format":false,"excerpt":"M\u00c9XICO D.F., 21 Ene. 14 \/ 08:37 am (ACI\/EWTN Noticias).- El editorial del Semanario Cat\u00f3lico de Informaci\u00f3n y Formaci\u00f3n de M\u00e9xico \u201cDesde la Fe\u201d, destac\u00f3 que \u201cel aborto es y ser\u00e1 siempre una pr\u00e1ctica horrorosa, pues acaba con la vida de los m\u00e1s indefensos, los que est\u00e1n comenzando su existencia\u2026","rel":"","context":"En \u00abAborto\u00bb","img":{"alt_text":"","src":"","width":0,"height":0},"classes":[]}],"jetpack_likes_enabled":false,"jetpack_sharing_enabled":true,"_links":{"self":[{"href":"http:\/\/catolicasmexico.com\/blog\/wp-json\/wp\/v2\/posts\/1984"}],"collection":[{"href":"http:\/\/catolicasmexico.com\/blog\/wp-json\/wp\/v2\/posts"}],"about":[{"href":"http:\/\/catolicasmexico.com\/blog\/wp-json\/wp\/v2\/types\/post"}],"author":[{"embeddable":true,"href":"http:\/\/catolicasmexico.com\/blog\/wp-json\/wp\/v2\/users\/5"}],"replies":[{"embeddable":true,"href":"http:\/\/catolicasmexico.com\/blog\/wp-json\/wp\/v2\/comments?post=1984"}],"version-history":[{"count":2,"href":"http:\/\/catolicasmexico.com\/blog\/wp-json\/wp\/v2\/posts\/1984\/revisions"}],"predecessor-version":[{"id":1987,"href":"http:\/\/catolicasmexico.com\/blog\/wp-json\/wp\/v2\/posts\/1984\/revisions\/1987"}],"wp:featuredmedia":[{"embeddable":true,"href":"http:\/\/catolicasmexico.com\/blog\/wp-json\/wp\/v2\/media\/1985"}],"wp:attachment":[{"href":"http:\/\/catolicasmexico.com\/blog\/wp-json\/wp\/v2\/media?parent=1984"}],"wp:term":[{"taxonomy":"category","embeddable":true,"href":"http:\/\/catolicasmexico.com\/blog\/wp-json\/wp\/v2\/categories?post=1984"},{"taxonomy":"post_tag","embeddable":true,"href":"http:\/\/catolicasmexico.com\/blog\/wp-json\/wp\/v2\/tags?post=1984"}],"curies":[{"name":"wp","href":"https:\/\/api.w.org\/{rel}","templated":true}]}}