{"id":196,"date":"2013-05-07T19:43:22","date_gmt":"2013-05-08T00:43:22","guid":{"rendered":"http:\/\/catolicasmexico.com\/blog\/?p=196"},"modified":"2013-05-07T19:43:22","modified_gmt":"2013-05-08T00:43:22","slug":"v-jornadas-interdisciplinarias-en-adhesion-al-dia-de-la-persona-por-nacer","status":"publish","type":"post","link":"http:\/\/catolicasmexico.com\/blog\/v-jornadas-interdisciplinarias-en-adhesion-al-dia-de-la-persona-por-nacer\/","title":{"rendered":"\u201cV JORNADAS INTERDISCIPLINARIAS EN ADHESI\u00d3N AL D\u00cdA DE LA PERSONA POR NACER\u201d"},"content":{"rendered":"<p>Argentina-Mendoza: Jueves 9 de mayo de 16,30 a 21.30 hs. Viernes 10 de mayo de 16.00 a 21.30 hs. \u25ba LUGAR: Aula Magna de la UNIVERSIDAD DE MENDOZA<\/p>\n<p><a href=\"http:\/\/catolicasmexico.com\/blog\/wp-content\/uploads\/2013\/05\/image-6.jpeg\"><img data-attachment-id=\"197\" data-permalink=\"http:\/\/catolicasmexico.com\/blog\/v-jornadas-interdisciplinarias-en-adhesion-al-dia-de-la-persona-por-nacer\/image-6-2\/\" data-orig-file=\"http:\/\/catolicasmexico.com\/blog\/wp-content\/uploads\/2013\/05\/image-6.jpeg\" data-orig-size=\"480,677\" data-comments-opened=\"1\" data-image-meta=\"{&quot;aperture&quot;:&quot;0&quot;,&quot;credit&quot;:&quot;&quot;,&quot;camera&quot;:&quot;&quot;,&quot;caption&quot;:&quot;&quot;,&quot;created_timestamp&quot;:&quot;0&quot;,&quot;copyright&quot;:&quot;&quot;,&quot;focal_length&quot;:&quot;0&quot;,&quot;iso&quot;:&quot;0&quot;,&quot;shutter_speed&quot;:&quot;0&quot;,&quot;title&quot;:&quot;&quot;,&quot;orientation&quot;:&quot;0&quot;}\" data-image-title=\"image (6)\" data-image-description=\"\" data-medium-file=\"http:\/\/catolicasmexico.com\/blog\/wp-content\/uploads\/2013\/05\/image-6-213x300.jpeg\" data-large-file=\"http:\/\/catolicasmexico.com\/blog\/wp-content\/uploads\/2013\/05\/image-6.jpeg\" class=\"alignnone size-full wp-image-197\" title=\"image (6)\" src=\"http:\/\/catolicasmexico.com\/blog\/wp-content\/uploads\/2013\/05\/image-6.jpeg\" alt=\"\" width=\"480\" height=\"677\" srcset=\"http:\/\/catolicasmexico.com\/blog\/wp-content\/uploads\/2013\/05\/image-6.jpeg 480w, http:\/\/catolicasmexico.com\/blog\/wp-content\/uploads\/2013\/05\/image-6-213x300.jpeg 300w, http:\/\/catolicasmexico.com\/blog\/wp-content\/uploads\/2013\/05\/image-6-150x150.jpeg 150w\" sizes=\"100vw\" \/> <\/a><\/p>\n","protected":false},"excerpt":{"rendered":"<p>Argentina-Mendoza: Jueves 9 de mayo de 16,30 a 21.30 hs. Viernes 10 de mayo de 16.00 a 21.30 hs. \u25ba LUGAR: Aula Magna de la UNIVERSIDAD DE MENDOZA<\/p>\n","protected":false},"author":2,"featured_media":197,"comment_status":"open","ping_status":"open","sticky":false,"template":"","format":"standard","meta":{"spay_email":"","jetpack_publicize_message":"","jetpack_is_tweetstorm":false},"categories":[14,26],"tags":[],"aioseo_notices":[],"jetpack_featured_media_url":"http:\/\/catolicasmexico.com\/blog\/wp-content\/uploads\/2013\/05\/image-6.jpeg","jetpack_publicize_connections":[],"jetpack_shortlink":"https:\/\/wp.me\/p3B5XH-3a","jetpack-related-posts":[{"id":867,"url":"http:\/\/catolicasmexico.com\/blog\/congresista-abortista-denuncia-a-aci-prensa-por-campana-difamatoria\/","url_meta":{"origin":196,"position":0},"title":"Congresista abortista denuncia a ACI Prensa por \"campa\u00f1a difamatoria\"","date":"17 junio 2013","format":false,"excerpt":"Congresista Rosa Mavila REDACCI\u00d3N CENTRAL, 16 Jun. 13 \/ 04:02 pm (ACI).- La congresista Rosa Mavila, que ha promovido la despenalizaci\u00f3n del aborto eugen\u00e9sico y por violaci\u00f3n en Per\u00fa, acus\u00f3 a ACI Prensa de organizar, junto al Population Research Institute (PRI), una \u201ccampa\u00f1a difamatoria\u201d contra sus colegas Ver\u00f3nika Mendoza, Doris\u2026","rel":"","context":"En \u00abLegislaci\u00f3n\u00bb","img":{"alt_text":"","src":"","width":0,"height":0},"classes":[]},{"id":203,"url":"http:\/\/catolicasmexico.com\/blog\/marcha-por-la-vida\/","url_meta":{"origin":196,"position":1},"title":"MARCHA POR LA VIDA","date":"8 mayo 2013","format":false,"excerpt":"Ma\u00f1ana 9 de mayo se llevara a cabo en La ciudad de Ottawa en Canada, \"LA MARCHA POR LA VIDA\".. Para mayores informes:\u00a0www.cqv.qc.ca. \u00a0","rel":"","context":"En \u00abOrganismos pro-vida\u00bb","img":{"alt_text":"","src":"https:\/\/i2.wp.com\/catolicasmexico.com\/blog\/wp-content\/uploads\/2013\/05\/image-71.jpeg?resize=350%2C200","width":350,"height":200},"classes":[]},{"id":2839,"url":"http:\/\/catolicasmexico.com\/blog\/marcha-por-la-vida-en-colombia-este-17-de-mayo\/","url_meta":{"origin":196,"position":2},"title":"Marcha por la vida en Colombia este 17 de mayo.","date":"21 abril 2014","format":false,"excerpt":"Colombia: Anuncian Marcha por la Vida a ocho a\u00f1os de despenalizaci\u00f3n del aborto BOGOT\u00c1, 21 Abr. 14 \/ 03:40 am (ACI\/EWTN Noticias).- Las organizaciones defensoras de la vida en Colombia anunciaron para el 17 de mayo la realizaci\u00f3n de la 8 Marcha por la Vida, conmemorando los 8 a\u00f1os de\u2026","rel":"","context":"En \u00abAborto\u00bb","img":{"alt_text":"","src":"https:\/\/i1.wp.com\/catolicasmexico.com\/blog\/wp-content\/uploads\/2014\/04\/20140421-120317.jpg?resize=350%2C200","width":350,"height":200},"classes":[]},{"id":907,"url":"http:\/\/catolicasmexico.com\/blog\/triunfo-pro-vida-congreso-peruano-rechaza-reparto-de-anticonceptivos-a-menores\/","url_meta":{"origin":196,"position":3},"title":"Triunfo pro-vida: Congreso peruano rechaza reparto de anticonceptivos a menores","date":"19 junio 2013","format":false,"excerpt":"LIMA, 18 Jun. 13 \/ 01:45 pm (ACI).- La Comisi\u00f3n de la Mujer del Congreso de Per\u00fa rechaz\u00f3 ayer las presiones de organizaciones abortistas que buscaban que se inserte en el art\u00edculo 27 del C\u00f3digo del Ni\u00f1o y del Adolescente la entrega sin consentimiento paterno de anticonceptivos a menores desde\u2026","rel":"","context":"En \u00abContracepci\u00f3n\u00bb","img":{"alt_text":"","src":"","width":0,"height":0},"classes":[]},{"id":3766,"url":"http:\/\/catolicasmexico.com\/blog\/25-000-marchan-por-la-vida-en-el-parlamento-de-canada\/","url_meta":{"origin":196,"position":4},"title":"25 000 marchan por la vida en el Parlamento de Canad\u00e1","date":"18 mayo 2015","format":false,"excerpt":"14 de mayo, 2015 (LifeSiteNews) - Cuarenta y seis a\u00f1os despu\u00e9s de que Canad\u00e1 legaliz\u00f3 la matanza de ni\u00f1os en el vientre, casi 25.000 personas se manifestaron en el Parlamento en Ottawa con un mensaje a los canadienses y particularmente a los miembros del parlamento: \"Que la vida gane!\" Organizado\u2026","rel":"","context":"En \u00abAborto\u00bb","img":{"alt_text":"","src":"https:\/\/i1.wp.com\/catolicasmexico.com\/blog\/wp-content\/uploads\/2015\/05\/20150518-103341.jpg?resize=350%2C200","width":350,"height":200},"classes":[]},{"id":2881,"url":"http:\/\/catolicasmexico.com\/blog\/gran-marcha-provida-en-la-ciudad-de-puebla-mexico\/","url_meta":{"origin":196,"position":5},"title":"Gran marcha provida en la ciudad de Puebla, Mexico.","date":"6 mayo 2014","format":false,"excerpt":"El movimiento de amor San Juan Diego de Italia, La Fundaci\u00f3n Santa Faz de Jesucristo A.C y el movimiento Maria por la vida invita a todos los cat\u00f3licos que est\u00e9n comprometidos con la vida a la marcha por la vida que se llevar\u00e1 a cabo este 17 de mayo a\u2026","rel":"","context":"En \u00abAborto\u00bb","img":{"alt_text":"","src":"https:\/\/i2.wp.com\/catolicasmexico.com\/blog\/wp-content\/uploads\/2014\/05\/20140506-102419.jpg?resize=350%2C200","width":350,"height":200},"classes":[]}],"jetpack_likes_enabled":false,"jetpack_sharing_enabled":true,"_links":{"self":[{"href":"http:\/\/catolicasmexico.com\/blog\/wp-json\/wp\/v2\/posts\/196"}],"collection":[{"href":"http:\/\/catolicasmexico.com\/blog\/wp-json\/wp\/v2\/posts"}],"about":[{"href":"http:\/\/catolicasmexico.com\/blog\/wp-json\/wp\/v2\/types\/post"}],"author":[{"embeddable":true,"href":"http:\/\/catolicasmexico.com\/blog\/wp-json\/wp\/v2\/users\/2"}],"replies":[{"embeddable":true,"href":"http:\/\/catolicasmexico.com\/blog\/wp-json\/wp\/v2\/comments?post=196"}],"version-history":[{"count":1,"href":"http:\/\/catolicasmexico.com\/blog\/wp-json\/wp\/v2\/posts\/196\/revisions"}],"predecessor-version":[{"id":198,"href":"http:\/\/catolicasmexico.com\/blog\/wp-json\/wp\/v2\/posts\/196\/revisions\/198"}],"wp:featuredmedia":[{"embeddable":true,"href":"http:\/\/catolicasmexico.com\/blog\/wp-json\/wp\/v2\/media\/197"}],"wp:attachment":[{"href":"http:\/\/catolicasmexico.com\/blog\/wp-json\/wp\/v2\/media?parent=196"}],"wp:term":[{"taxonomy":"category","embeddable":true,"href":"http:\/\/catolicasmexico.com\/blog\/wp-json\/wp\/v2\/categories?post=196"},{"taxonomy":"post_tag","embeddable":true,"href":"http:\/\/catolicasmexico.com\/blog\/wp-json\/wp\/v2\/tags?post=196"}],"curies":[{"name":"wp","href":"https:\/\/api.w.org\/{rel}","templated":true}]}}