{"id":192,"date":"2013-05-08T17:39:19","date_gmt":"2013-05-08T22:39:19","guid":{"rendered":"http:\/\/catolicasmexico.com\/blog\/?p=192"},"modified":"2017-07-24T11:21:55","modified_gmt":"2017-07-24T16:21:55","slug":"concurso-este-soy-yo","status":"publish","type":"post","link":"http:\/\/catolicasmexico.com\/blog\/concurso-este-soy-yo\/","title":{"rendered":"Concurso \u00abEste soy yo\u00bb"},"content":{"rendered":"<p><a href=\"http:\/\/catolicasmexico.com\/blog\/wp-content\/uploads\/2013\/04\/image-2.jpeg\"><img data-attachment-id=\"60\" data-permalink=\"http:\/\/catolicasmexico.com\/blog\/concurso-este-soy-yo\/image-2\/\" data-orig-file=\"http:\/\/catolicasmexico.com\/blog\/wp-content\/uploads\/2013\/04\/image-2.jpeg\" data-orig-size=\"120,120\" data-comments-opened=\"1\" data-image-meta=\"{&quot;aperture&quot;:&quot;0&quot;,&quot;credit&quot;:&quot;&quot;,&quot;camera&quot;:&quot;&quot;,&quot;caption&quot;:&quot;&quot;,&quot;created_timestamp&quot;:&quot;0&quot;,&quot;copyright&quot;:&quot;&quot;,&quot;focal_length&quot;:&quot;0&quot;,&quot;iso&quot;:&quot;0&quot;,&quot;shutter_speed&quot;:&quot;0&quot;,&quot;title&quot;:&quot;&quot;,&quot;orientation&quot;:&quot;0&quot;}\" data-image-title=\"image (2)\" data-image-description=\"\" data-medium-file=\"http:\/\/catolicasmexico.com\/blog\/wp-content\/uploads\/2013\/04\/image-2.jpeg\" data-large-file=\"http:\/\/catolicasmexico.com\/blog\/wp-content\/uploads\/2013\/04\/image-2.jpeg\" src=\"http:\/\/catolicasmexico.com\/blog\/wp-content\/uploads\/2013\/04\/image-2.jpeg\" alt=\"\" width=\"120\" height=\"120\" class=\"alignleft size-full wp-image-60\" srcset=\"http:\/\/catolicasmexico.com\/blog\/wp-content\/uploads\/2013\/04\/image-2.jpeg 120w\" sizes=\"100vw\" \/> <\/a><\/p>\n<div id=\"watch-description-text\">\n<p id=\"eow-description\">V\u00eddeo con motivo de la Jornada por la Vida 2013 (Subcomisi\u00f3n Episcopal para la Familia y Defensa de la Vida &#8211; Conferencia Episcopal Espa\u00f1ola).<\/p>\n<p>M\u00e1s informaci\u00f3n en:\u00a0<a title=\"http:\/\/www.estesoyyo.com\" dir=\"ltr\" href=\"http:\/\/www.estesoyyo.com\/\" rel=\"nofollow\" target=\"_blank\">http:\/\/www.estesoyyo.com<\/a><\/p>\n<\/div>\n<p><object width=\"560\" height=\"315\" classid=\"clsid:d27cdb6e-ae6d-11cf-96b8-444553540000\" codebase=\"http:\/\/download.macromedia.com\/pub\/shockwave\/cabs\/flash\/swflash.cab#version=6,0,40,0\"><param name=\"allowFullScreen\" value=\"true\" \/><param name=\"allowscriptaccess\" value=\"always\" \/><param name=\"src\" value=\"http:\/\/www.youtube.com\/v\/06y3T6QqVkk?version=3&amp;hl=en_GB&amp;rel=0\" \/><param name=\"allowfullscreen\" value=\"true\" \/><\/object><\/p>\n","protected":false},"excerpt":{"rendered":"<p>V\u00eddeo con motivo de la Jornada por la Vida 2013 (Subcomisi\u00f3n Episcopal para la Familia y Defensa de la Vida &#8211; Conferencia Episcopal Espa\u00f1ola). M\u00e1s informaci\u00f3n en:\u00a0http:\/\/www.estesoyyo.com<\/p>\n","protected":false},"author":2,"featured_media":60,"comment_status":"open","ping_status":"open","sticky":false,"template":"","format":"standard","meta":{"spay_email":"","jetpack_publicize_message":"","jetpack_is_tweetstorm":false},"categories":[9,15,26],"tags":[],"aioseo_notices":[],"jetpack_featured_media_url":"http:\/\/catolicasmexico.com\/blog\/wp-content\/uploads\/2013\/04\/image-2.jpeg","jetpack_publicize_connections":[],"jetpack_shortlink":"https:\/\/wp.me\/p3B5XH-36","jetpack-related-posts":[{"id":1979,"url":"http:\/\/catolicasmexico.com\/blog\/promotores-del-aborto-atacan-sede-de-conferencia-episcopal-de-costa-rica\/","url_meta":{"origin":192,"position":0},"title":"Promotores del aborto atacan sede de Conferencia Episcopal de Costa Rica","date":"17 octubre 2013","format":false,"excerpt":"(Foto Conferencia Episcopal Costa Rica) SAN JOS\u00c9, 17 Oct. 13 \/ 03:15 pm (ACI\/EWTN Noticias).- Un grupo de desconocidos llen\u00f3 de lemas a favor del\u00a0aborto\u00a0buena parte del exterior de la sede de la Conferencia Episcopal de Costa Rica (CECR) en San Jos\u00e9, la capital del pa\u00eds, as\u00ed como tambi\u00e9n la\u2026","rel":"","context":"En \u00abAborto\u00bb","img":{"alt_text":"","src":"https:\/\/i2.wp.com\/catolicasmexico.com\/blog\/wp-content\/uploads\/2013\/10\/Costa_Rica_aborto_CECR.jpg?resize=350%2C200","width":350,"height":200},"classes":[]},{"id":893,"url":"http:\/\/catolicasmexico.com\/blog\/anuncian-primer-congreso-de-sacerdotes-y-seminaristas-por-la-vida-en-mexico\/","url_meta":{"origin":192,"position":1},"title":"Anuncian primer Congreso de sacerdotes y seminaristas por la vida en M\u00e9xico","date":"18 junio 2013","format":false,"excerpt":"M\u00c9XICO D.F., 17 Jun. 13 \/ 06:07 pm (ACI\/EWTN Noticias).- Con el fin de brindar a los presb\u00edteros y seminaristas herramientas en la defensa de la vida y unificar esfuerzos entre ellos y los laicos, se realizar\u00e1 en M\u00e9xico el I Congreso \u201cLa Nueva Evangelizaci\u00f3n por la vida y la\u2026","rel":"","context":"En \u00abIglesia cat\u00f3lica\u00bb","img":{"alt_text":"","src":"","width":0,"height":0},"classes":[]},{"id":524,"url":"http:\/\/catolicasmexico.com\/blog\/espana-joven-sacerdote-gana-concurso-de-videos-pro-vida\/","url_meta":{"origin":192,"position":2},"title":"Espa\u00f1a: Joven sacerdote gana concurso de videos pro-vida","date":"27 mayo 2013","format":false,"excerpt":"\u00a0 El joven Borja Uriarte Corral ha obtenido el primer premio del concurso de la Conferencia Episcopal Espa\u00f1ola 'Este soy yo', lanzado en el marco de la campa\u00f1a de la Jornada por la vida 2013, por un v\u00eddeo en el que cuenta qui\u00e9n es, desde que estaba en el vientre\u2026","rel":"","context":"En \u00abAborto\u00bb","img":{"alt_text":"","src":"","width":0,"height":0},"classes":[]},{"id":465,"url":"http:\/\/catolicasmexico.com\/blog\/campana-a-favor-de-la-vida-extendida-a-todo-el-ano\/","url_meta":{"origin":192,"position":3},"title":"Campa\u00f1a a favor de la vida \"extendida a todo el a\u00f1o\"","date":"23 mayo 2013","format":false,"excerpt":"Noticia de EWTN. El Presidente de la Comisi\u00f3n de Familia e Infancia de la Conferencia Episcopal Venezolana (CEV), Mons. Rafael Conde Alfonzo, se\u00f1al\u00f3 que la 13\u00ba campa\u00f1a a favor de la vida -postergada por los \u00faltimos acontecimientos pol\u00edticos-, \u201cse ha extendido todo el a\u00f1o, con el objetivo de \u2018defender el\u2026","rel":"","context":"En \u00abAborto\u00bb","img":{"alt_text":"","src":"https:\/\/i2.wp.com\/catolicasmexico.com\/blog\/wp-content\/uploads\/2013\/05\/image-51.jpeg?resize=350%2C200","width":350,"height":200},"classes":[]},{"id":2670,"url":"http:\/\/catolicasmexico.com\/blog\/reig-pla-el-obispo-de-alcala-dice-poner-a-la-mujer-como-campeona-de-la-destruccion-de-la-vida-es-desvalorizarla\/","url_meta":{"origin":192,"position":4},"title":"Reig Pla el obispo de Alcala dice: \u00abponer a la mujer como campeona de la destrucci\u00f3n de la vida es desvalorizarla\u00bb,","date":"7 marzo 2014","format":false,"excerpt":"Articulo de Religi\u00f3n en libertad Reig Pla recuerda que el aborto en Espa\u00f1a \u00abha causado m\u00e1s muertos que la Guerra Civil\u00bb El obispo de Alcal\u00e1 de Henares y presidente de la Subcomisi\u00f3n Episcopal de Familia y Vida, monse\u00f1or Juan Antonio Reig Pl\u00e1, asegur\u00f3 este jueves que \u00abla vida del no\u2026","rel":"","context":"En \u00abAborto\u00bb","img":{"alt_text":"","src":"https:\/\/i2.wp.com\/catolicasmexico.com\/blog\/wp-content\/uploads\/2014\/03\/20140307-134254.jpg?resize=350%2C200","width":350,"height":200},"classes":[]},{"id":38,"url":"http:\/\/catolicasmexico.com\/blog\/38\/","url_meta":{"origin":192,"position":5},"title":"Avanza la reforma de la Constituci\u00f3n","date":"23 abril 2013","format":false,"excerpt":"\u201cLa lucha es un deber y no una especulaci\u00f3n para los que nos preciamos de cat\u00f3licos. Demos gracias a Dios de habernos otorgado el combate, y no pidamos sobre la gracia del combate la gracia del triunfo a aquel que en su bondad infinita reserva a los que combaten bien\u2026","rel":"","context":"En \u00abAborto\u00bb","img":{"alt_text":"","src":"","width":0,"height":0},"classes":[]}],"jetpack_likes_enabled":false,"jetpack_sharing_enabled":true,"_links":{"self":[{"href":"http:\/\/catolicasmexico.com\/blog\/wp-json\/wp\/v2\/posts\/192"}],"collection":[{"href":"http:\/\/catolicasmexico.com\/blog\/wp-json\/wp\/v2\/posts"}],"about":[{"href":"http:\/\/catolicasmexico.com\/blog\/wp-json\/wp\/v2\/types\/post"}],"author":[{"embeddable":true,"href":"http:\/\/catolicasmexico.com\/blog\/wp-json\/wp\/v2\/users\/2"}],"replies":[{"embeddable":true,"href":"http:\/\/catolicasmexico.com\/blog\/wp-json\/wp\/v2\/comments?post=192"}],"version-history":[{"count":5,"href":"http:\/\/catolicasmexico.com\/blog\/wp-json\/wp\/v2\/posts\/192\/revisions"}],"predecessor-version":[{"id":4719,"href":"http:\/\/catolicasmexico.com\/blog\/wp-json\/wp\/v2\/posts\/192\/revisions\/4719"}],"wp:featuredmedia":[{"embeddable":true,"href":"http:\/\/catolicasmexico.com\/blog\/wp-json\/wp\/v2\/media\/60"}],"wp:attachment":[{"href":"http:\/\/catolicasmexico.com\/blog\/wp-json\/wp\/v2\/media?parent=192"}],"wp:term":[{"taxonomy":"category","embeddable":true,"href":"http:\/\/catolicasmexico.com\/blog\/wp-json\/wp\/v2\/categories?post=192"},{"taxonomy":"post_tag","embeddable":true,"href":"http:\/\/catolicasmexico.com\/blog\/wp-json\/wp\/v2\/tags?post=192"}],"curies":[{"name":"wp","href":"https:\/\/api.w.org\/{rel}","templated":true}]}}