{"id":1913,"date":"2013-09-24T16:50:49","date_gmt":"2013-09-24T21:50:49","guid":{"rendered":"http:\/\/catolicasmexico.com\/blog\/?p=1913"},"modified":"2013-09-24T16:50:49","modified_gmt":"2013-09-24T21:50:49","slug":"una-verdadera-razon-para-estar-orgulloso-de-ser-mexicano","status":"publish","type":"post","link":"http:\/\/catolicasmexico.com\/blog\/una-verdadera-razon-para-estar-orgulloso-de-ser-mexicano\/","title":{"rendered":"Una verdadera raz\u00f3n para estar orgulloso de ser mexicano"},"content":{"rendered":"<p><object width=\"420\" height=\"315\" classid=\"clsid:d27cdb6e-ae6d-11cf-96b8-444553540000\" codebase=\"http:\/\/download.macromedia.com\/pub\/shockwave\/cabs\/flash\/swflash.cab#version=6,0,40,0\"><param name=\"allowFullScreen\" value=\"true\" \/><param name=\"allowscriptaccess\" value=\"always\" \/><param name=\"src\" value=\"\/\/www.youtube.com\/v\/SrOYBhNoy7s?version=3&amp;hl=en_GB\" \/><param name=\"allowfullscreen\" value=\"true\" \/><\/object><\/p>\n<p><a style=\"color: #c4302b; line-height: 20px;\" href=\"http:\/\/catolicasmexico.com\/blog\/wp-content\/uploads\/2013\/09\/cross2.jpg\"><img data-attachment-id=\"1915\" data-permalink=\"http:\/\/catolicasmexico.com\/blog\/una-verdadera-razon-para-estar-orgulloso-de-ser-mexicano\/cross2\/\" data-orig-file=\"http:\/\/catolicasmexico.com\/blog\/wp-content\/uploads\/2013\/09\/cross2.jpg\" data-orig-size=\"1024,768\" data-comments-opened=\"1\" data-image-meta=\"{&quot;aperture&quot;:&quot;0&quot;,&quot;credit&quot;:&quot;&quot;,&quot;camera&quot;:&quot;&quot;,&quot;caption&quot;:&quot;&quot;,&quot;created_timestamp&quot;:&quot;0&quot;,&quot;copyright&quot;:&quot;&quot;,&quot;focal_length&quot;:&quot;0&quot;,&quot;iso&quot;:&quot;0&quot;,&quot;shutter_speed&quot;:&quot;0&quot;,&quot;title&quot;:&quot;&quot;,&quot;orientation&quot;:&quot;0&quot;}\" data-image-title=\"cross2\" data-image-description=\"\" data-medium-file=\"http:\/\/catolicasmexico.com\/blog\/wp-content\/uploads\/2013\/09\/cross2-300x225.jpg\" data-large-file=\"http:\/\/catolicasmexico.com\/blog\/wp-content\/uploads\/2013\/09\/cross2-1024x768.jpg\" class=\"alignright  wp-image-1915\" title=\"cross2\" src=\"http:\/\/catolicasmexico.com\/blog\/wp-content\/uploads\/2013\/09\/cross2-150x150.jpg\" alt=\"\" width=\"11\" height=\"11\" srcset=\"http:\/\/catolicasmexico.com\/blog\/wp-content\/uploads\/2013\/09\/cross2-150x150.jpg 11w\" sizes=\"100vw\" \/> <\/a><\/p>\n","protected":false},"excerpt":{"rendered":"","protected":false},"author":5,"featured_media":1915,"comment_status":"open","ping_status":"open","sticky":false,"template":"","format":"standard","meta":{"spay_email":"","jetpack_publicize_message":"","jetpack_is_tweetstorm":false},"categories":[13,179,57],"tags":[],"aioseo_notices":[],"jetpack_featured_media_url":"http:\/\/catolicasmexico.com\/blog\/wp-content\/uploads\/2013\/09\/cross2.jpg","jetpack_publicize_connections":[],"jetpack_shortlink":"https:\/\/wp.me\/p3B5XH-uR","jetpack-related-posts":[{"id":2426,"url":"http:\/\/catolicasmexico.com\/blog\/el-aborto-es-y-siempre-sera-una-practica-horrorosa-senala-semanario-mexicano\/","url_meta":{"origin":1913,"position":0},"title":"El aborto es y siempre ser\u00e1 una pr\u00e1ctica horrorosa, se\u00f1ala Semanario mexicano","date":"21 enero 2014","format":false,"excerpt":"M\u00c9XICO D.F., 21 Ene. 14 \/ 08:37 am (ACI\/EWTN Noticias).- El editorial del Semanario Cat\u00f3lico de Informaci\u00f3n y Formaci\u00f3n de M\u00e9xico \u201cDesde la Fe\u201d, destac\u00f3 que \u201cel aborto es y ser\u00e1 siempre una pr\u00e1ctica horrorosa, pues acaba con la vida de los m\u00e1s indefensos, los que est\u00e1n comenzando su existencia\u2026","rel":"","context":"En \u00abAborto\u00bb","img":{"alt_text":"","src":"","width":0,"height":0},"classes":[]},{"id":1938,"url":"http:\/\/catolicasmexico.com\/blog\/femen-llega-a-latinoamerica-protestas-al-desnudo-en-mexico\/","url_meta":{"origin":1913,"position":1},"title":"Femen llega a Latinoam\u00e9rica: protestas al desnudo en M\u00e9xico","date":"4 octubre 2013","format":false,"excerpt":"El movimiento\u00a0Femen, creado en Ucrania y presente en varios pa\u00edses europeos, anunci\u00f3 este lunes 9 de septiembre la adhesi\u00f3n de una\u00a0filial mexicana\u00a0al grupo. \u00a0 \"Me llamo Gisela. Tengo 24 a\u00f1os y soy de M\u00e9xico. Me un\u00ed a\u00a0Femen, porque en su marco, el cuerpo se convierte en una fuerza y no\u2026","rel":"","context":"En \u00abFeminismo\u00bb","img":{"alt_text":"","src":"https:\/\/i2.wp.com\/catolicasmexico.com\/blog\/wp-content\/uploads\/2013\/10\/giselafemenmexico.jpg?resize=350%2C200","width":350,"height":200},"classes":[]},{"id":1703,"url":"http:\/\/catolicasmexico.com\/blog\/los-cristeros-y-su-viril-ideal\/","url_meta":{"origin":1913,"position":2},"title":"LOS CRISTEROS Y SU VIRIL IDEAL","date":"27 agosto 2013","format":false,"excerpt":"Art\u00edculo original de\u00a0http:\/\/radiocristiandad.wordpress.com\u00a0comentario de Alejandro P. para catolicasmexico.com NECESITAMOS QUE \u00c9L REINE Aqu\u00e9l por el que M\u00e9xico luch\u00f3 y muri\u00f3 hace 84 a\u00f1os. Sus enemigos los llamaron \u201cCristeros\u201d por su grito de guerra:\u00a0\u00a1Viva Cristo Rey!\u00a0Ese bendito grito que empez\u00f3 a o\u00edrse en nuestra Patria por primera vez en 1854, cuando\u2026","rel":"","context":"En \u00abFe\u00bb","img":{"alt_text":"","src":"https:\/\/i1.wp.com\/catolicasmexico.com\/blog\/wp-content\/uploads\/2013\/08\/christusrex.jpg?resize=350%2C200","width":350,"height":200},"classes":[]},{"id":2579,"url":"http:\/\/catolicasmexico.com\/blog\/la-relacion-entre-la-violencia-desmedida-y-los-abortos-en-mexico\/","url_meta":{"origin":1913,"position":3},"title":"La relaci\u00f3n entre la violencia desmedida y los abortos en M\u00e9xico","date":"13 febrero 2014","format":false,"excerpt":"Art\u00edculo Alejandra Mu\u00f1oz. El pasado 26 de enero, los Cardenales Noberto Rivera Carrera de la Arquidi\u00f3cesis del Distrito Federal y Monse\u00f1or Juan Sandoval I\u00f1iguez Arzobispo em\u00e9rito de Guadalajara oficializaron una Misa en la Catedral Metropolitana de la Ciudad de M\u00e9xico. Despu\u00e9s de la Misa, se dio una conferencia para presentar\u2026","rel":"","context":"En \u00abAborto\u00bb","img":{"alt_text":"","src":"","width":0,"height":0},"classes":[]},{"id":2432,"url":"http:\/\/catolicasmexico.com\/blog\/fue-alto-grado-mason-hasta-que-cristo-se-le-aparecio-en-lourdes-y-ahora-cuenta-sobre-la-logia-2013-04-08\/","url_meta":{"origin":1913,"position":4},"title":"Fue alto grado mas\u00f3n hasta que Cristo se le apareci\u00f3 en Lourdes, y ahora cuenta sobre la logia [2013-04-08]","date":"23 enero 2014","format":false,"excerpt":"Fuentes: Eponymous Flower, Signos de estos Tiempos He aqu\u00ed la historia de Maurice Caillet, un ex-mas\u00f3n franc\u00e9s que explica c\u00f3mo fue su conversi\u00f3n y los fines de la masoner\u00eda El m\u00e9dico cirujano franc\u00e9s Maurice Caillet, un ex mas\u00f3n y venerable maestro, que se convirti\u00f3 al cristianismo, fue entrevistado el 20\u2026","rel":"","context":"En \u00abAborto\u00bb","img":{"alt_text":"","src":"https:\/\/i2.wp.com\/catolicasmexico.com\/blog\/wp-content\/uploads\/2014\/01\/20140123-105401.jpg?resize=350%2C200","width":350,"height":200},"classes":[]},{"id":1621,"url":"http:\/\/catolicasmexico.com\/blog\/esta-es-la-verdadera-batalla-la-cultura-de-la-vida-apoyada-por-el-cristianismo-frente-a-la-cultura-de-la-muerte-apoyada-por-el-materialismo-descendiente-de-charles-darwin-es-firme-defensora-de\/","url_meta":{"origin":1913,"position":5},"title":"Esta es la verdadera batalla: la cultura de la vida, apoyada por el cristianismo, frente a la cultura de la muerte, apoyada por el materialismo\". Descendiente de Charles Darwin es firme defensora de la fe cat\u00f3lica","date":"16 agosto 2013","format":false,"excerpt":"Laura Keynes LONDRES, 16 Ago. 13 \/ 04:15 am (ACI\/EWTN Noticias).- Laura Keynes, t\u00e1tara-t\u00e1tara-tataranieta del naturalista Charles Darwin, cuya teor\u00eda de la evoluci\u00f3n es usada por muchos ateos para negar la existencia de Dios, es una joven cat\u00f3lica que defiende su fe a trav\u00e9s de Catholic Voices, de Reino Unido.\u2026","rel":"","context":"En \u00abFe\u00bb","img":{"alt_text":"","src":"","width":0,"height":0},"classes":[]}],"jetpack_likes_enabled":false,"jetpack_sharing_enabled":true,"_links":{"self":[{"href":"http:\/\/catolicasmexico.com\/blog\/wp-json\/wp\/v2\/posts\/1913"}],"collection":[{"href":"http:\/\/catolicasmexico.com\/blog\/wp-json\/wp\/v2\/posts"}],"about":[{"href":"http:\/\/catolicasmexico.com\/blog\/wp-json\/wp\/v2\/types\/post"}],"author":[{"embeddable":true,"href":"http:\/\/catolicasmexico.com\/blog\/wp-json\/wp\/v2\/users\/5"}],"replies":[{"embeddable":true,"href":"http:\/\/catolicasmexico.com\/blog\/wp-json\/wp\/v2\/comments?post=1913"}],"version-history":[{"count":3,"href":"http:\/\/catolicasmexico.com\/blog\/wp-json\/wp\/v2\/posts\/1913\/revisions"}],"predecessor-version":[{"id":1917,"href":"http:\/\/catolicasmexico.com\/blog\/wp-json\/wp\/v2\/posts\/1913\/revisions\/1917"}],"wp:featuredmedia":[{"embeddable":true,"href":"http:\/\/catolicasmexico.com\/blog\/wp-json\/wp\/v2\/media\/1915"}],"wp:attachment":[{"href":"http:\/\/catolicasmexico.com\/blog\/wp-json\/wp\/v2\/media?parent=1913"}],"wp:term":[{"taxonomy":"category","embeddable":true,"href":"http:\/\/catolicasmexico.com\/blog\/wp-json\/wp\/v2\/categories?post=1913"},{"taxonomy":"post_tag","embeddable":true,"href":"http:\/\/catolicasmexico.com\/blog\/wp-json\/wp\/v2\/tags?post=1913"}],"curies":[{"name":"wp","href":"https:\/\/api.w.org\/{rel}","templated":true}]}}