{"id":1889,"date":"2013-09-25T10:52:35","date_gmt":"2013-09-25T15:52:35","guid":{"rendered":"http:\/\/catolicasmexico.com\/blog\/?p=1889"},"modified":"2013-09-25T10:52:35","modified_gmt":"2013-09-25T15:52:35","slug":"mexico-este-sabado-28-de-septiembre-gran-marcha-en-contra-del-aborto-en-puebla","status":"publish","type":"post","link":"http:\/\/catolicasmexico.com\/blog\/mexico-este-sabado-28-de-septiembre-gran-marcha-en-contra-del-aborto-en-puebla\/","title":{"rendered":"M\u00e9xico: Este s\u00e1bado 28 de Septiembre Gran Marcha en contra del aborto en puebla"},"content":{"rendered":"<p><a href=\"http:\/\/catolicasmexico.com\/blog\/wp-content\/uploads\/2013\/09\/20130925-1156321.jpg\"><img src=\"http:\/\/catolicasmexico.com\/blog\/wp-content\/uploads\/2013\/09\/20130925-1156321.jpg\" alt=\"20130925-115632.jpg\" class=\"alignnone size-full\"  \/> <\/a><\/p>\n<p>El pr\u00f3ximo S\u00e1bado 28 de septiembre de 2013 se llevar\u00e1 a cabo en la ciudad de Puebla, M\u00e9xico, una marcha en contra del aborto y su legalizaci\u00f3n en el Estado. Dicha marcha partir\u00e1 de cuatro puntos de la ciudad, que son: El Gallito, frente al Templo de Nuestra se\u00f1ora de Guadalupe (Reforma y 13 sur); la explanada del Templo de San Francisco (Blvd. 5 de Mayo y 14 Ote.); Templo de nuestra Se\u00f1ora de l a Luz (2 Ote y 14 Norte) y Analco (Blvd. 5 de Mayo y 7 Ote). De cada punto se partir\u00e1 hacia el z\u00f3calo de la ciudad, concluyendo con la Celebraci\u00f3n Eucar\u00edstica a las 11:00 A.M. en la Catedral. Se pide ir preferentemente vestidos de blanco y con un pa\u00f1uelo rojo. Si somos verdaderos cat\u00f3licos es una obligaci\u00f3n moral asistir y colaborar de esta manera y con nuestra oraci\u00f3n permanente y fervorosa para salvar vidas inocentes, que pareciera han perdido el valor en nuestra sociedad. \u00a1Asiste!<\/p>\n","protected":false},"excerpt":{"rendered":"<p>El pr\u00f3ximo S\u00e1bado 28 de septiembre de 2013 se llevar\u00e1 a cabo en la ciudad de Puebla, M\u00e9xico, una marcha en contra del aborto y su legalizaci\u00f3n en el Estado. Dicha marcha partir\u00e1 de cuatro puntos de la ciudad, que son: El Gallito, frente al Templo de Nuestra se\u00f1ora de Guadalupe (Reforma y 13 sur); [&hellip;]<\/p>\n","protected":false},"author":6,"featured_media":1919,"comment_status":"open","ping_status":"open","sticky":false,"template":"","format":"standard","meta":{"spay_email":"","jetpack_publicize_message":"","jetpack_is_tweetstorm":false},"categories":[9,70,57,14,26],"tags":[194,727],"aioseo_notices":[],"jetpack_featured_media_url":"http:\/\/catolicasmexico.com\/blog\/wp-content\/uploads\/2013\/09\/20130925-1156321.jpg","jetpack_publicize_connections":[],"jetpack_shortlink":"https:\/\/wp.me\/p3B5XH-ut","jetpack-related-posts":[{"id":2881,"url":"http:\/\/catolicasmexico.com\/blog\/gran-marcha-provida-en-la-ciudad-de-puebla-mexico\/","url_meta":{"origin":1889,"position":0},"title":"Gran marcha provida en la ciudad de Puebla, Mexico.","date":"6 mayo 2014","format":false,"excerpt":"El movimiento de amor San Juan Diego de Italia, La Fundaci\u00f3n Santa Faz de Jesucristo A.C y el movimiento Maria por la vida invita a todos los cat\u00f3licos que est\u00e9n comprometidos con la vida a la marcha por la vida que se llevar\u00e1 a cabo este 17 de mayo a\u2026","rel":"","context":"En \u00abAborto\u00bb","img":{"alt_text":"","src":"https:\/\/i2.wp.com\/catolicasmexico.com\/blog\/wp-content\/uploads\/2014\/05\/20140506-102419.jpg?resize=350%2C200","width":350,"height":200},"classes":[]},{"id":2859,"url":"http:\/\/catolicasmexico.com\/blog\/marcha-por-la-vida-en-mexico-este-sabado\/","url_meta":{"origin":1889,"position":1},"title":"Marcha por la Vida en M\u00e9xico este s\u00e1bado","date":"26 abril 2014","format":false,"excerpt":"M\u00c9XICO D.F., 26 Abr. 13 \/ 04:12 pm (ACI\/EWTN Noticias).- Miles de personas marchar\u00e1n este s\u00e1bado 27 de abril en el Distrito Federal en M\u00e9xico, para exigir la derogaci\u00f3n de la ley que permite el aborto que fue aprobada por la Asamblea legislativa del pa\u00eds hace seis a\u00f1os y que\u2026","rel":"","context":"En \u00abAborto\u00bb","img":{"alt_text":"","src":"https:\/\/i0.wp.com\/catolicasmexico.com\/blog\/wp-content\/uploads\/2014\/04\/20140426-091046.jpg?resize=350%2C200","width":350,"height":200},"classes":[]},{"id":2208,"url":"http:\/\/catolicasmexico.com\/blog\/en-puebla-que-mexico-viva\/","url_meta":{"origin":1889,"position":2},"title":"En Puebla...\u00a1Que M\u00e9xico..Viva!","date":"10 diciembre 2013","format":false,"excerpt":"Este s\u00e1bado se llevo a cabo el Festival de la vida en Puebla, agradecemos a la Arquidi\u00f3cesis de Puebla, a los Sacerdotes participantes, a la pastoral familiar, a los grupos de oraci\u00f3n ,a los coordinadores y a mucha gente de convicci\u00f3n que no se detuvo ante las adversidades y el\u2026","rel":"","context":"En \u00abAborto\u00bb","img":{"alt_text":"","src":"https:\/\/i2.wp.com\/catolicasmexico.com\/blog\/wp-content\/uploads\/2013\/12\/20131210-142515.jpg?resize=350%2C200","width":350,"height":200},"classes":[]},{"id":1559,"url":"http:\/\/catolicasmexico.com\/blog\/pro-vidas-convocan-marcha-en-rechazo-al-aborto-en-bolivia\/","url_meta":{"origin":1889,"position":3},"title":"Pro-vidas convocan marcha en rechazo al aborto en Bolivia","date":"9 agosto 2013","format":false,"excerpt":"Unidos en oraci\u00f3n por la causa de la vida. LA PAZ, 08 Ago. 13 \/ 11:17 pm (ACI\/EWTN Noticias).- La Plataforma por La Vida, que re\u00fane a varias entidades y personalidades de Santa Cruz (Bolivia), convoc\u00f3 para el 22 de agosto a una marcha en rechazo a la posible despenalizaci\u00f3n\u2026","rel":"","context":"En \u00abAborto\u00bb","img":{"alt_text":"","src":"","width":0,"height":0},"classes":[]},{"id":2787,"url":"http:\/\/catolicasmexico.com\/blog\/piden-frenar-abominable-crimen-del-aborto-en-mexico\/","url_meta":{"origin":1889,"position":4},"title":"Piden frenar abominable crimen del aborto en M\u00e9xico","date":"31 marzo 2014","format":false,"excerpt":"Imagen referencial. Foto: Raphael Lopes Bernardino (CC BY-NY-SA 2.0) M\u00c9XICO D.F., 30 Mar. 14 \/ 10:30 pm (ACI\/EWTN Noticias).- En el marco de la festividad de Nuestra Se\u00f1ora de la Encarnaci\u00f3n, celebrada hace unos d\u00edas en M\u00e9xico, diversas organizaciones pro vida, convocadas por el movimiento social cat\u00f3lico \u201cUni\u00f3n de Voluntades\u201d,\u2026","rel":"","context":"En \u00abAborto\u00bb","img":{"alt_text":"","src":"https:\/\/i1.wp.com\/catolicasmexico.com\/blog\/wp-content\/uploads\/2014\/03\/20140331-173545.jpg?resize=350%2C200","width":350,"height":200},"classes":[]},{"id":2235,"url":"http:\/\/catolicasmexico.com\/blog\/mexico-el-movimiento-pro-familia-y-pro-vida-celebra-la-victoria-por-la-vida-en-coahuila\/","url_meta":{"origin":1889,"position":5},"title":"M\u00e9xico: El Movimiento Pro familia y Pro-vida celebra la Victoria por la vida en Coahuila .","date":"16 diciembre 2013","format":false,"excerpt":"MEXICO.-(AGENCIALAVOZ) Expresiones de diputados del PRI como \"estoy en contra de esta iniciativa, yo estoy a favor de la vida\", de Jos\u00e9 Luis Moreno, o \"esta iniciativa pretende legalizar el asesinato\", de Fernando de la Fuente y \"que quede claro que el Partido Verde se opone al aborto en nuestro\u2026","rel":"","context":"En \u00abAborto\u00bb","img":{"alt_text":"","src":"","width":0,"height":0},"classes":[]}],"jetpack_likes_enabled":false,"jetpack_sharing_enabled":true,"_links":{"self":[{"href":"http:\/\/catolicasmexico.com\/blog\/wp-json\/wp\/v2\/posts\/1889"}],"collection":[{"href":"http:\/\/catolicasmexico.com\/blog\/wp-json\/wp\/v2\/posts"}],"about":[{"href":"http:\/\/catolicasmexico.com\/blog\/wp-json\/wp\/v2\/types\/post"}],"author":[{"embeddable":true,"href":"http:\/\/catolicasmexico.com\/blog\/wp-json\/wp\/v2\/users\/6"}],"replies":[{"embeddable":true,"href":"http:\/\/catolicasmexico.com\/blog\/wp-json\/wp\/v2\/comments?post=1889"}],"version-history":[{"count":2,"href":"http:\/\/catolicasmexico.com\/blog\/wp-json\/wp\/v2\/posts\/1889\/revisions"}],"predecessor-version":[{"id":1920,"href":"http:\/\/catolicasmexico.com\/blog\/wp-json\/wp\/v2\/posts\/1889\/revisions\/1920"}],"wp:featuredmedia":[{"embeddable":true,"href":"http:\/\/catolicasmexico.com\/blog\/wp-json\/wp\/v2\/media\/1919"}],"wp:attachment":[{"href":"http:\/\/catolicasmexico.com\/blog\/wp-json\/wp\/v2\/media?parent=1889"}],"wp:term":[{"taxonomy":"category","embeddable":true,"href":"http:\/\/catolicasmexico.com\/blog\/wp-json\/wp\/v2\/categories?post=1889"},{"taxonomy":"post_tag","embeddable":true,"href":"http:\/\/catolicasmexico.com\/blog\/wp-json\/wp\/v2\/tags?post=1889"}],"curies":[{"name":"wp","href":"https:\/\/api.w.org\/{rel}","templated":true}]}}