{"id":1883,"date":"2013-09-23T18:22:19","date_gmt":"2013-09-23T23:22:19","guid":{"rendered":"http:\/\/catolicasmexico.com\/blog\/?p=1883"},"modified":"2013-09-23T18:22:19","modified_gmt":"2013-09-23T23:22:19","slug":"comunidad-hispanoamericana-los-40-dias-por-la-vida-comienzan-manana","status":"publish","type":"post","link":"http:\/\/catolicasmexico.com\/blog\/comunidad-hispanoamericana-los-40-dias-por-la-vida-comienzan-manana\/","title":{"rendered":"Comunidad hispanoamericana &#8230;\u00a1 Los 40 d\u00edas por la vida comienzan ma\u00f1ana!"},"content":{"rendered":"<p><a href=\"http:\/\/catolicasmexico.com\/blog\/wp-content\/uploads\/2013\/09\/20130923-192224.jpg\"><img src=\"http:\/\/catolicasmexico.com\/blog\/wp-content\/uploads\/2013\/09\/20130923-192224.jpg\" alt=\"20130923-192224.jpg\" class=\"alignnone size-full\"  \/> <\/a><\/p>\n<p>Redacci\u00f3n:  Alejandra Mu\u00f1oz.<br \/>\nReconociendo que con Dios todas las cosas son posibles, este oto\u00f1o, nuestra comunidad se est\u00e1 uniendo a cientos de otras comunidades a trav\u00e9s de todo el mundo para la movilizaci\u00f3n pro-vida m\u00e1s grande de la historia .<\/p>\n<p>40 D\u00edas por la Vida es una campa\u00f1a pro-vida pac\u00edfica y de oraci\u00f3n, que ha sido acogida mundialmente por m\u00e1s de un mill\u00f3n de personas, rescatando del aborto a miles de vidas, cerrando centros abortistas y convirtiendo m\u00e9dicos , enfermeras y personal administrativo.<\/p>\n<p>40 D\u00edas por la Vida tiene tres pilares:<\/p>\n<p>ORACION Y AYUNO: \u00danase a otros creyentes en 40 d\u00edas de oraci\u00f3n fervorosa y ayuno por el fin del aborto.<\/p>\n<p>VIGILIA PACIFICA: P\u00f3ngase de parte de la vida , con un testimonio p\u00fablico y pac\u00edfico de 40 d\u00edas en la v\u00eda p\u00fablica delante del local de una cl\u00ednica de aborto.<\/p>\n<p>DIFUSION COMUNITARIA: Lleve un mensaje pro-vida a cada rinc\u00f3n de nuestra ciudad a trav\u00e9s de iniciativas en los medios, promoci\u00f3n proactiva y visibilidad p\u00fablica.<\/p>\n<p>La vigilia comienza el 24 de septiembre con una misa a las 7:00 p.m. en la Iglesia del Santo Ni\u00f1o de Jes\u00fas en el 5039 Saint Dominique (esquina Boul. Saint Joseph y Boul. St-Laurent) Metro Laurier.<\/p>\n<p><a href=\"http:\/\/catolicasmexico.com\/blog\/wp-content\/uploads\/2013\/09\/20130923-192405.jpg\"><img src=\"http:\/\/catolicasmexico.com\/blog\/wp-content\/uploads\/2013\/09\/20130923-192405.jpg\" alt=\"20130923-192405.jpg\" class=\"alignnone size-full\"  \/> <\/a><\/p>\n","protected":false},"excerpt":{"rendered":"<p>Redacci\u00f3n: Alejandra Mu\u00f1oz. Reconociendo que con Dios todas las cosas son posibles, este oto\u00f1o, nuestra comunidad se est\u00e1 uniendo a cientos de otras comunidades a trav\u00e9s de todo el mundo para la movilizaci\u00f3n pro-vida m\u00e1s grande de la historia . 40 D\u00edas por la Vida es una campa\u00f1a pro-vida pac\u00edfica y de oraci\u00f3n, que ha [&hellip;]<\/p>\n","protected":false},"author":7,"featured_media":1894,"comment_status":"open","ping_status":"open","sticky":false,"template":"","format":"standard","meta":{"spay_email":"","jetpack_publicize_message":"","jetpack_is_tweetstorm":false},"categories":[8,9,84,14],"tags":[195,62],"aioseo_notices":[],"jetpack_featured_media_url":"http:\/\/catolicasmexico.com\/blog\/wp-content\/uploads\/2013\/09\/20130923-192224.jpg","jetpack_publicize_connections":[],"jetpack_shortlink":"https:\/\/wp.me\/p3B5XH-un","jetpack-related-posts":[{"id":4055,"url":"http:\/\/catolicasmexico.com\/blog\/el-poder-de-la-oracion-celebran-la-clausura-de-un-centro-de-aborto-con-27-anos-de-existencia\/","url_meta":{"origin":1883,"position":0},"title":"\u00a1EL PODER DE LA ORACION!... Celebran la clausura de un centro de aborto con 27 a\u00f1os de existencia.","date":"26 octubre 2015","format":false,"excerpt":"Noticia de www.lifesnews.com traduccion y edici\u00f3n libre CM En Virginia una comunidad celebra una victoria esta semana; algunos pensaban que este centro de aborto que permaneci\u00f3 abierto por 27 a\u00f1os nunca iba a cerrar. Gracias a Dios los l\u00edderes locales de la vigilia de 40 d\u00edas por la vida en\u2026","rel":"","context":"En \u00ab40 D\u00edas por la vida\u00bb","img":{"alt_text":"","src":"https:\/\/i2.wp.com\/catolicasmexico.com\/blog\/wp-content\/uploads\/2015\/10\/IMG_0321.png?resize=350%2C200","width":350,"height":200},"classes":[]},{"id":2790,"url":"http:\/\/catolicasmexico.com\/blog\/268-ninos-salvados-del-aborto\/","url_meta":{"origin":1883,"position":1},"title":"268 ni\u00f1os salvados del aborto.","date":"31 marzo 2014","format":false,"excerpt":"Esta es la buena noticia del d\u00eda! Ni el viento ni la nieve han podido detener al grupo de gente que reza frente a las cl\u00ednicas de aborto alrededor del mundo,en el vig\u00e9simo segundo d\u00eda de Cuaresma de la campa\u00f1a de 40 d\u00edas por la vida que fue lanzada el\u2026","rel":"","context":"En \u00ab40 D\u00edas por la vida\u00bb","img":{"alt_text":"","src":"https:\/\/i1.wp.com\/catolicasmexico.com\/blog\/wp-content\/uploads\/2014\/03\/20140331-175701.jpg?resize=350%2C200","width":350,"height":200},"classes":[]},{"id":2004,"url":"http:\/\/catolicasmexico.com\/blog\/pro-familias-y-pro-vida-de-peru-organizan-caminata-masiva-de-oracion-y-ayuno-por-chile-y-mexico\/","url_meta":{"origin":1883,"position":2},"title":"Pro familias y pro-vida de Per\u00fa : organizan caminata masiva de oraci\u00f3n y ayuno por Chile y M\u00e9xico","date":"3 noviembre 2013","format":false,"excerpt":"Todo el mundo esta al corriente de que en M\u00e9xico est\u00e1 por aprobarse esta ley, salvo los propios mexicanos, tenemos que unirnos y luchar por nuestro pa\u00eds, pues son nuestros hijos los que ser\u00e1n afectados con tan abominable y abyecta ley. ESPA\u00d1A.-(AGENCIALAVOZ) El pastor Jos\u00e9 Linares Cer\u00f3n Presidente de Ciprofam\u2026","rel":"","context":"En \u00abAborto\u00bb","img":{"alt_text":"","src":"","width":0,"height":0},"classes":[]},{"id":1693,"url":"http:\/\/catolicasmexico.com\/blog\/bolivia-podria-despenalizar-el-aborto-los-pro-vida-y-pro-familias-salen-a-las-calles-en-forma-masiva\/","url_meta":{"origin":1883,"position":3},"title":"Bolivia podr\u00eda despenalizar el aborto los pro-vida y pro-familias salen a las calles en forma masiva","date":"26 agosto 2013","format":false,"excerpt":"Noticia de AGENCIALA VOZ. Edici\u00f3n www.catolicasmexico.com LA PAZ, BOLIVIA .- (AGENCIALAVOZ) Miles de personas se manifestaron el jueves en cuatro regiones de Bolivia en contra del aborto despu\u00e9s que una legisladora present\u00f3 un proyecto para su despenalizaci\u00f3n. La protesta, denominada \"En defensa de la vida\", uni\u00f3 a personas en los\u2026","rel":"","context":"En \u00abAborto\u00bb","img":{"alt_text":"","src":"https:\/\/i0.wp.com\/catolicasmexico.com\/blog\/wp-content\/uploads\/2013\/08\/20130826-121724.jpg?resize=350%2C200","width":350,"height":200},"classes":[]},{"id":2677,"url":"http:\/\/catolicasmexico.com\/blog\/las-pro-muerte-universitarias-invitan-a-perturbar-el-evento-pacifista-40-dias-por-la-vida-blasfemas-violencia-y-pic-nic-vegetariano-en-el-menu\/","url_meta":{"origin":1883,"position":4},"title":"Las pro-muerte universitarias invitan a perturbar el evento pacifista 40 d\u00edas por la vida, blasfemas, violencia y pic-nic vegetariano en el men\u00fa.","date":"7 marzo 2014","format":false,"excerpt":"Como bien es sabido el d\u00eda de ma\u00f1ana se celebrara el d\u00eda internacional de la mujer y un grupo de feministas del UQAM, ha convocado v\u00eda mail a todos los pro muerte de Montreal y sus alrededores, con el objetivo ( como cada a\u00f1o) de bloquear la vigilia de oraci\u00f3n\u2026","rel":"","context":"En \u00ab40 D\u00edas por la vida\u00bb","img":{"alt_text":"","src":"https:\/\/i2.wp.com\/catolicasmexico.com\/blog\/wp-content\/uploads\/2014\/03\/20140308-115458.jpg?resize=350%2C200","width":350,"height":200},"classes":[]},{"id":1814,"url":"http:\/\/catolicasmexico.com\/blog\/excelente-noticia-provida-clinica-de-abortos-en-texas-fue-cerrada\/","url_meta":{"origin":1883,"position":5},"title":"\u00a1Excelente noticia provida! : Cl\u00ednica de abortos en Texas fue cerrada","date":"12 septiembre 2013","format":false,"excerpt":"Anunciamos llenos de alegr\u00eda que el centro donde se practicaban abortos \"Planned Parenthood abortion center Bryan\/College Station, en Texas donde los 40 Days for la vida comenz\u00f3 y donde la ex- directora de este instituto Abby Johnson se convirti\u00f3 en una aguerrida defensora de la vida est\u00e1 definitivamente cerrado. Como\u2026","rel":"","context":"En \u00ab40 D\u00edas por la vida\u00bb","img":{"alt_text":"","src":"https:\/\/i0.wp.com\/catolicasmexico.com\/blog\/wp-content\/uploads\/2013\/09\/20130912-115618.jpg?resize=350%2C200","width":350,"height":200},"classes":[]}],"jetpack_likes_enabled":false,"jetpack_sharing_enabled":true,"_links":{"self":[{"href":"http:\/\/catolicasmexico.com\/blog\/wp-json\/wp\/v2\/posts\/1883"}],"collection":[{"href":"http:\/\/catolicasmexico.com\/blog\/wp-json\/wp\/v2\/posts"}],"about":[{"href":"http:\/\/catolicasmexico.com\/blog\/wp-json\/wp\/v2\/types\/post"}],"author":[{"embeddable":true,"href":"http:\/\/catolicasmexico.com\/blog\/wp-json\/wp\/v2\/users\/7"}],"replies":[{"embeddable":true,"href":"http:\/\/catolicasmexico.com\/blog\/wp-json\/wp\/v2\/comments?post=1883"}],"version-history":[{"count":2,"href":"http:\/\/catolicasmexico.com\/blog\/wp-json\/wp\/v2\/posts\/1883\/revisions"}],"predecessor-version":[{"id":1896,"href":"http:\/\/catolicasmexico.com\/blog\/wp-json\/wp\/v2\/posts\/1883\/revisions\/1896"}],"wp:featuredmedia":[{"embeddable":true,"href":"http:\/\/catolicasmexico.com\/blog\/wp-json\/wp\/v2\/media\/1894"}],"wp:attachment":[{"href":"http:\/\/catolicasmexico.com\/blog\/wp-json\/wp\/v2\/media?parent=1883"}],"wp:term":[{"taxonomy":"category","embeddable":true,"href":"http:\/\/catolicasmexico.com\/blog\/wp-json\/wp\/v2\/categories?post=1883"},{"taxonomy":"post_tag","embeddable":true,"href":"http:\/\/catolicasmexico.com\/blog\/wp-json\/wp\/v2\/tags?post=1883"}],"curies":[{"name":"wp","href":"https:\/\/api.w.org\/{rel}","templated":true}]}}