{"id":188,"date":"2013-05-08T17:00:43","date_gmt":"2013-05-08T22:00:43","guid":{"rendered":"http:\/\/catolicasmexico.com\/blog\/?p=188"},"modified":"2013-05-08T14:50:10","modified_gmt":"2013-05-08T19:50:10","slug":"el-congreso-rechaza-con-el-voto-del-pp-upn-y-fac-pedir-al-gobierno-que-espere-al-tc-para-reformar-la-ley","status":"publish","type":"post","link":"http:\/\/catolicasmexico.com\/blog\/el-congreso-rechaza-con-el-voto-del-pp-upn-y-fac-pedir-al-gobierno-que-espere-al-tc-para-reformar-la-ley\/","title":{"rendered":"El Congreso rechaza con el voto del PP, UPN y FAC pedir al Gobierno que espere al TC para reformar la Ley."},"content":{"rendered":"<p><strong>CELIA VILLALOBOS SE DESMARCA EN SU VOTO DEL PP<\/strong><\/p>\n<p><a href=\"http:\/\/catolicasmexico.com\/blog\/wp-content\/uploads\/2013\/05\/image-5.jpeg\"><img data-attachment-id=\"189\" data-permalink=\"http:\/\/catolicasmexico.com\/blog\/el-congreso-rechaza-con-el-voto-del-pp-upn-y-fac-pedir-al-gobierno-que-espere-al-tc-para-reformar-la-ley\/image-5-2\/\" data-orig-file=\"http:\/\/catolicasmexico.com\/blog\/wp-content\/uploads\/2013\/05\/image-5.jpeg\" data-orig-size=\"500,333\" data-comments-opened=\"1\" data-image-meta=\"{&quot;aperture&quot;:&quot;0&quot;,&quot;credit&quot;:&quot;&quot;,&quot;camera&quot;:&quot;&quot;,&quot;caption&quot;:&quot;&quot;,&quot;created_timestamp&quot;:&quot;0&quot;,&quot;copyright&quot;:&quot;&quot;,&quot;focal_length&quot;:&quot;0&quot;,&quot;iso&quot;:&quot;0&quot;,&quot;shutter_speed&quot;:&quot;0&quot;,&quot;title&quot;:&quot;&quot;,&quot;orientation&quot;:&quot;0&quot;}\" data-image-title=\"image (5)\" data-image-description=\"\" data-medium-file=\"http:\/\/catolicasmexico.com\/blog\/wp-content\/uploads\/2013\/05\/image-5-300x200.jpeg\" data-large-file=\"http:\/\/catolicasmexico.com\/blog\/wp-content\/uploads\/2013\/05\/image-5.jpeg\" class=\"alignnone size-medium wp-image-189\" title=\"image (5)\" src=\"http:\/\/catolicasmexico.com\/blog\/wp-content\/uploads\/2013\/05\/image-5-300x199.jpg\" alt=\"\" width=\"300\" height=\"199\" srcset=\"http:\/\/catolicasmexico.com\/blog\/wp-content\/uploads\/2013\/05\/image-5-300x199.jpg 300w, http:\/\/catolicasmexico.com\/blog\/wp-content\/uploads\/2013\/05\/image-5-150x150.jpeg 150w\" sizes=\"100vw\" \/> <\/a><\/p>\n<p>MADRID, 7 May. (EUROPA PRESS) &#8211;<\/p>\n<p>El Pleno del Congreso de los Diputados ha rechazado, con el voto del PP, UPN y Foro de Asturias, una moci\u00f3n presentada por el PSOE que ped\u00eda al Gobierno que esperase al pronunciamiento del Tribunal Constitucional (TC) sobre los recursos presentados por el PP y el Gobierno de Navarra a la Ley del Aborto de 2010 para emprender una nueva reforma sobre la interrupci\u00f3n voluntaria del embarazo.<\/p>\n<p>Aunque la iniciativa no ha salido adelante, s\u00ed ha contado con el apoyo de los diputados de Converg\u00e9ncia, la Izquierda Plural (IU-ICV-CHA), PNV, ERC, BNG, Comprom\u00eds y Amaiur y la abstenci\u00f3n de los diputados de UPyD, de los de Uni\u00f2 y de Ana Oramas, de Coalici\u00f3n Canaria.<\/p>\n<p>\u00abQuieren que esperemos al recurso del TC cuando en 2010 hicieron una ley en contra del Alto Tribunal, de un informe del Consejo de Estado que era desfavorable, y sin un informe del Consejo General del Poder Judicial por primera vez en la Historia porque fueron incapaces de llegar al consenso\u00bb, ha subrayado la portavoz del PP en la materia, Beatriz Escudero, en defensa del voto en contra del Grupo Popular a esta moci\u00f3n.<\/p>\n<p>En su opini\u00f3n, los derechos s\u00f3lo pueden defenderse desde la verdad, que la ha dado el Tribunal Constitucional en 1985, y \u00abque dice que el concebido y no nacido tiene el mismo derecho que el que se le concede a todas las personas\u00bb, y que puntualiza que, desde el momento de la concepci\u00f3n se es un ser humano. \u00abNinguno de ellos tiene prevalencia y habr\u00e1 que decidir atendiendo a cada supuesto\u00bb, ha apuntado.<\/p>\n<h2><span style=\"font-size: small;\">EL CONGRESO VOT\u00d3 A FAVOR DE EMBRIONES DE PULPOS Y VACAS<\/span><\/h2>\n<p>Por otro lado, ha preguntado a los diputados presentes en el Hemiciclo c\u00f3mo se puede explicar hoy que el Congreso vot\u00f3 a favor porque sufr\u00edan de los embriones de cefal\u00f3podos, como los pulpos, y de mam\u00edferos, como las vacas y los caballos. Se trata de una intervenci\u00f3n que ha suscitado el revuelo de las diputadas de la Izquierda Plural y del PSOE, que protestaban sobre sus palabras.<\/p>\n<p>De hecho, ha subrayado que decidir sobre poner fin a un embarazo es un drama personal, que el a\u00f1o pasado afect\u00f3 a 118.000 mujeres. Es m\u00e1s, sostiene que, seg\u00fan un argumento \u00abs\u00f3lido y contundente\u00bb, las mujeres que se ven abocadas al aborto son las que menos formaci\u00f3n tienen, y abortan m\u00e1s las asalariadas.<\/p>\n<p>Adem\u00e1s, ha recordado que el Gobierno de Espa\u00f1a cuenta de plazo hasta 2016 para reformar la ley del Aborto de acuerdo con la Convenci\u00f3n de la ONU de personas con discapacidad, que recomienda la supresi\u00f3n del aborto libre en las primeras 14 semanas de gestaci\u00f3n en aquellos casos de malformaci\u00f3n.<\/p>\n<p>En este sentido, la vicepresidenta primera del Congreso, Celia Villalobos, se ha desmarcado este martes del Grupo Popular neg\u00e1ndose a participar en la votaci\u00f3n de una moci\u00f3n del PSOE contra la reforma de la Ley de Aborto que planea el Gobierno y que ha sido rechazada gracias a la mayor\u00eda absoluta del PP.<\/p>\n<p>Por parte de UPN, Carlos Salvador, que tambi\u00e9n ha votado en contra de la iniciativa del PSOE, cree que la moci\u00f3n deja \u00abindefenso al no nacido\u00bb frente al conflicto entre la maternidad no deseada y la vida de un individuo. Al mismo tiempo, ha pedido un trato \u00abm\u00e1s humano y solidario\u00bb a las cerca de \u00ab100.000 vidas que se truncan\u00bb cada a\u00f1o\u00bb. \u00abEl voto de UPN es a favor de la vida y de dar continuidad a la vida\u00bb, ha sentenciado.<\/p>\n<h2><span style=\"font-size: small;\">CIU TIENE LIBERTAD DE VOTO<\/span><\/h2>\n<p>Desde CiU, que tiene libertad de voto en materia de aborto, han comparecido Montserrat Surroca desde Uni\u00f2 y Lourdes Ciur\u00f3, desde Converg\u00e8ncia. Surroca ha criticado que el Gobierno en lugar de presentar el anteproyecto en Consejo de Ministros haya optado por acudir primero a los medios de comunicaci\u00f3n, a la vez que no comparte que desde el PSOE se quiera debatir esta cuesti\u00f3n tan sensible a trav\u00e9s de una moci\u00f3n. \u00abEs una reforma que a d\u00eda de hoy ni siquiera existe\u00bb, ha sentenciado.<\/p>\n<p>Por su parte, Lourdes Ciur\u00f2, cree innecesario abordar una reforma como la del Aborto desde una perspectiva serena, ni tampoco que esta cuesti\u00f3n se debata cada legislatura en funci\u00f3n de quien se encuentre en el Ejecutivo.<\/p>\n<p>\u00abNadie puede imponer su moral sobre otros\u00bb, ha destacado en palabras de su compa\u00f1era de Converg\u00e8ncia, Merce Pigem, al mismo tiempo que ha resaltado que hay que tener las razones de todas las personas, especialmente aquellas mujeres que deseen abortar.<\/p>\n<h2><span style=\"font-size: small;\">UNA INICIATIVA EN DEFENSA DE LAS MUJERES<\/span><\/h2>\n<p>En defensa de su moci\u00f3n, la portavoz socialista de Igualdad en el Congreso, Carmen Mont\u00f3n, ha lamentado que la reforma del Gobierno planea \u00abun retroceso m\u00e1s all\u00e1 de la legislaci\u00f3n de los a\u00f1os 80\u00bb y se ha preguntado si lo que en realidad pretende el PP no es acaso \u00abuna abolici\u00f3n encubierta\u00bb del aborto en Espa\u00f1a.<\/p>\n<p>\u00ab\u00bfD\u00f3nde est\u00e1n los argumentos de defensa de la vida? \u00bfO es que la vida de las mujeres es de segunda?\u00bb, ha continuado Mont\u00f3n, quien ha echado en cara al PP que no todos en el partido tenga la misma opini\u00f3n, destacando en este punto las declaraciones que el portavoz adjunto del Grupo Popular Rafael Hernando, quien rechaz\u00f3, en una entrevista con Europa Press, retroceder m\u00e1s all\u00e1 de la ley de supuestos de 1985 \u00abporque funcion\u00f3 razonablemente bien\u00bb.<\/p>\n<p>Tambi\u00e9n ha puesto de relieve la comparaci\u00f3n del aborto con el terrorismo de ETA realizada este martes por el ministro del Interior, Jorge Fern\u00e1ndez D\u00edaz, para dejar claro que las mujeres no son \u00abterroristas\u00bb, ni \u00abasesinas\u00bb, tras lo cual le ha exigido una disculpa y que el presidente del Gobierno, Mariano Rajoy, le desautorice porque, de lo contrario, ser\u00e1 \u00abc\u00f3mplice\u00bb de \u00abinsultar y criminalizar\u00bb a las mujeres.<\/p>\n<p>Por parte del PNV, Joseba Agirretxea, aunque s\u00ed ha respaldado al PSOE, ha avisado de que la Ley del Aborto sigue vigente y todav\u00eda no se conoce el anteproyecto del Gobierno. Es m\u00e1s, ha subrayado que al PNV le gustar\u00eda que el PSOE defendiera el derecho a decidir en todos los \u00e1mbitos, igual que lo hace en esta causa.<\/p>\n<p>Desde la Izquierda Plural (IU-ICV-CHA), Ascensi\u00f3n de las Heras, ha dicho que no va a consentir ni un paso atr\u00e1s en cuanto a la reforma que ha anunciado el Gobierno, a la vez que ha defendido que hay que avanzar m\u00e1s all\u00e1 y conseguir la despenalizaci\u00f3n del aborto en el C\u00f3digo Penal.<\/p>\n<p>\u00abEn el siglo XXI sigue siendo un tab\u00fa y nos falta educaci\u00f3n integral en las escuelas sobre m\u00e9todos anticonceptivos que deben ser gratuitos\u00bb, ha defendido, a la vez que ha recalcado que va a apoyar la iniciativa porque toca defender cualquier iniciativa contra los derechos de las mujeres.<\/p>\n<p>Joan Tard\u00e0, por su parte, ha criticado que la reforma del Gobierno responde a los mandatos del presidente de la Conferencia Episcopal Espa\u00f1ola (CEE), Antonio Mar\u00eda Rouco Varela, quien a su juicio es el representante del \u00abdiablo\u00bb en la Tierra.<\/p>\n<p>Desde Amaiur, Onintza Enbeitia, ha avisado de que cualquiera que es capaz de decidir que quiere tener un hijo tambi\u00e9n lo es de decidir que no quiere tenerlo. \u00abAbortar no es gusto de nadie\u00bb, ha recalcado.<\/p>\n<p>Desde UPyD, Irene Lozano ha justificado la abstenci\u00f3n de su grupo parlamentario en esta iniciativa en que la Ley vigente de 2010 todav\u00eda es \u00abjoven\u00bb y hay que revisarla, aparte de que se desconoce hasta el momento el texto de la reforma que planea el Gobierno.<\/p>\n","protected":false},"excerpt":{"rendered":"<p>CELIA VILLALOBOS SE DESMARCA EN SU VOTO DEL PP MADRID, 7 May. (EUROPA PRESS) &#8211; El Pleno del Congreso de los Diputados ha rechazado, con el voto del PP, UPN y Foro de Asturias, una moci\u00f3n presentada por el PSOE que ped\u00eda al Gobierno que esperase al pronunciamiento del Tribunal Constitucional (TC) sobre los recursos [&hellip;]<\/p>\n","protected":false},"author":2,"featured_media":189,"comment_status":"open","ping_status":"open","sticky":false,"template":"","format":"standard","meta":{"spay_email":"","jetpack_publicize_message":"","jetpack_is_tweetstorm":false},"categories":[9],"tags":[],"aioseo_notices":[],"jetpack_featured_media_url":"http:\/\/catolicasmexico.com\/blog\/wp-content\/uploads\/2013\/05\/image-5.jpeg","jetpack_publicize_connections":[],"jetpack_shortlink":"https:\/\/wp.me\/p3B5XH-32","jetpack-related-posts":[{"id":1455,"url":"http:\/\/catolicasmexico.com\/blog\/en-irlanda-los-senadores-no-quiere-saber-como-se-hace-un-aborto\/","url_meta":{"origin":188,"position":0},"title":"En Irlanda los senadores no quiere saber como se hace un aborto...","date":"29 julio 2013","format":false,"excerpt":"Del blog de www.cqv.cq.ca original del blog de Jeanne Smits. Traducci\u00f3n y edici\u00f3n libre Alejandro P. de www.catolicasmexico.com Jim Walsh, senador irland\u00e9s del partido Fianna F\u00e1il ,que form\u00f3 parte de aquellos que lucharon contra la aprobaci\u00f3n de la ley de aborto en Irlanda, hace una semana fue atacado fuertemente por\u2026","rel":"","context":"En \u00abAborto\u00bb","img":{"alt_text":"","src":"","width":0,"height":0},"classes":[]},{"id":2252,"url":"http:\/\/catolicasmexico.com\/blog\/la-camara-de-diputados-aprobo-el-articulo-5-el-estado-boliviano-protegera-la-vida-desde-su-concepcion\/","url_meta":{"origin":188,"position":1},"title":"La C\u00e1mara de Diputados aprob\u00f3 el art\u00edculo 5, el Estado boliviano proteger\u00e1 la vida desde su concepci\u00f3n.","date":"18 diciembre 2013","format":false,"excerpt":"BOLIVIA.-(AGENCIALAVOZ) La Presidenta de la C\u00e1mara de Diputados, Betty Tejada, present\u00f3 hoy la modificaci\u00f3n al art\u00edculo quinto del C\u00f3digo Ni\u00f1a, Ni\u00f1o y Adolescente que en su nueva redacci\u00f3n reconoce como sujetos de derecho a los ni\u00f1os y ni\u00f1as desde el momento de su concepci\u00f3n. En este sentido, el nuevo art\u00edculo\u2026","rel":"","context":"En \u00abAborto\u00bb","img":{"alt_text":"","src":"","width":0,"height":0},"classes":[]},{"id":452,"url":"http:\/\/catolicasmexico.com\/blog\/psoe-le-pidio-rectificacion\/","url_meta":{"origin":188,"position":2},"title":"PSOE le pidi\u00f3 \"rectificaci\u00f3n\"","date":"23 mayo 2013","format":false,"excerpt":"Ministro no cede a presiones y mantiene cr\u00edtica a \"matrimonio\" gay y aborto. MADRID, 22 May. 13 \/ 10:52 am (ACI\/Europa Press).- El ministro de Interior, Jorge Fern\u00e1ndez D\u00edaz, ha declinado disculparse sobre sus afirmaciones acerca de que el mal llamado\u00a0matrimonio homosexual \"pon\u00eda en peligro la supervivencia de la especie\"\u2026","rel":"","context":"En \u00abHomosexualidad\u00bb","img":{"alt_text":"","src":"https:\/\/i2.wp.com\/catolicasmexico.com\/blog\/wp-content\/uploads\/2013\/05\/image-42.jpeg?resize=350%2C200","width":350,"height":200},"classes":[]},{"id":1667,"url":"http:\/\/catolicasmexico.com\/blog\/mexicoel-congreso-veta-durante-7-anos-aborto-bodas-gay-y-muerte-asistida\/","url_meta":{"origin":188,"position":3},"title":"M\u00e9xico:El Congreso veta durante 7 a\u00f1os aborto, bodas gay y muerte asistida.","date":"22 agosto 2013","format":false,"excerpt":"( \u00a1Gloria a Dios! Nos damos cuenta que nuestras oraciones son escuchadas, pues no se ha cedido a pesar de todas la presiones internacionales, para pasar leyes contra Natura y contra Dios.; debemos pedir Misericordia, para nuestras familias, para nuestro pa\u00eds y el mundo y no dejarnos vencer por las\u2026","rel":"","context":"En \u00abAborto\u00bb","img":{"alt_text":"","src":"","width":0,"height":0},"classes":[]},{"id":2787,"url":"http:\/\/catolicasmexico.com\/blog\/piden-frenar-abominable-crimen-del-aborto-en-mexico\/","url_meta":{"origin":188,"position":4},"title":"Piden frenar abominable crimen del aborto en M\u00e9xico","date":"31 marzo 2014","format":false,"excerpt":"Imagen referencial. Foto: Raphael Lopes Bernardino (CC BY-NY-SA 2.0) M\u00c9XICO D.F., 30 Mar. 14 \/ 10:30 pm (ACI\/EWTN Noticias).- En el marco de la festividad de Nuestra Se\u00f1ora de la Encarnaci\u00f3n, celebrada hace unos d\u00edas en M\u00e9xico, diversas organizaciones pro vida, convocadas por el movimiento social cat\u00f3lico \u201cUni\u00f3n de Voluntades\u201d,\u2026","rel":"","context":"En \u00abAborto\u00bb","img":{"alt_text":"","src":"https:\/\/i1.wp.com\/catolicasmexico.com\/blog\/wp-content\/uploads\/2014\/03\/20140331-173545.jpg?resize=350%2C200","width":350,"height":200},"classes":[]},{"id":1169,"url":"http:\/\/catolicasmexico.com\/blog\/4-diputados-que-votaron-contra-el-proyecto-de-ley-para-legalizar-el-aborto-en-irlanda-han-sido-expulsados-de-su-partido\/","url_meta":{"origin":188,"position":5},"title":"4 Diputados que votaron contra el proyecto de ley para legalizar el aborto en Irlanda han sido expulsados de su partido","date":"10 julio 2013","format":false,"excerpt":"Del blog de www.cqv.qc.ca original del blog de Jeanne Smits. Traducci\u00f3n y edici\u00f3n libre www.catolicasmexico.com Tras la primera votaci\u00f3n que fue favorable (138 votos contra 24 en la c\u00e1mara baja) a la ley, que pone fin a la prohibici\u00f3n del aborto en Irlanda - en 24 horas - cuatro miembros\u2026","rel":"","context":"En \u00abAborto\u00bb","img":{"alt_text":"","src":"","width":0,"height":0},"classes":[]}],"jetpack_likes_enabled":false,"jetpack_sharing_enabled":true,"_links":{"self":[{"href":"http:\/\/catolicasmexico.com\/blog\/wp-json\/wp\/v2\/posts\/188"}],"collection":[{"href":"http:\/\/catolicasmexico.com\/blog\/wp-json\/wp\/v2\/posts"}],"about":[{"href":"http:\/\/catolicasmexico.com\/blog\/wp-json\/wp\/v2\/types\/post"}],"author":[{"embeddable":true,"href":"http:\/\/catolicasmexico.com\/blog\/wp-json\/wp\/v2\/users\/2"}],"replies":[{"embeddable":true,"href":"http:\/\/catolicasmexico.com\/blog\/wp-json\/wp\/v2\/comments?post=188"}],"version-history":[{"count":3,"href":"http:\/\/catolicasmexico.com\/blog\/wp-json\/wp\/v2\/posts\/188\/revisions"}],"predecessor-version":[{"id":207,"href":"http:\/\/catolicasmexico.com\/blog\/wp-json\/wp\/v2\/posts\/188\/revisions\/207"}],"wp:featuredmedia":[{"embeddable":true,"href":"http:\/\/catolicasmexico.com\/blog\/wp-json\/wp\/v2\/media\/189"}],"wp:attachment":[{"href":"http:\/\/catolicasmexico.com\/blog\/wp-json\/wp\/v2\/media?parent=188"}],"wp:term":[{"taxonomy":"category","embeddable":true,"href":"http:\/\/catolicasmexico.com\/blog\/wp-json\/wp\/v2\/categories?post=188"},{"taxonomy":"post_tag","embeddable":true,"href":"http:\/\/catolicasmexico.com\/blog\/wp-json\/wp\/v2\/tags?post=188"}],"curies":[{"name":"wp","href":"https:\/\/api.w.org\/{rel}","templated":true}]}}