{"id":1876,"date":"2013-09-23T12:55:53","date_gmt":"2013-09-23T17:55:53","guid":{"rendered":"http:\/\/catolicasmexico.com\/blog\/?p=1876"},"modified":"2013-09-23T12:55:53","modified_gmt":"2013-09-23T17:55:53","slug":"esta-bien-masturbarse-en-publico-segun-un-tribunal-sueco","status":"publish","type":"post","link":"http:\/\/catolicasmexico.com\/blog\/esta-bien-masturbarse-en-publico-segun-un-tribunal-sueco\/","title":{"rendered":"Est\u00e1 bien masturbarse en p\u00fablico, seg\u00fan un tribunal sueco"},"content":{"rendered":"<p><a href=\"http:\/\/catolicasmexico.com\/blog\/wp-content\/uploads\/2013\/09\/20130923-135836.jpg\"><img src=\"http:\/\/catolicasmexico.com\/blog\/wp-content\/uploads\/2013\/09\/20130923-135836.jpg\" alt=\"20130923-135836.jpg\" class=\"alignnone size-full\"  \/> <\/a><\/p>\n<p>Por Ben Johnson<br \/>\nTraducci\u00f3n libre y edici\u00f3n de Alejandro P. para catolicasmexico.com<br \/>\nMi\u00e9rcoles  18, 2013 11:27<\/p>\n<p>Estocolmo, 17 de septiembre de 2013 (LifeSiteNews.com) \u2013 La masturbaci\u00f3n p\u00fablica no viola necesariamente la ley, seg\u00fan dos sentencias distintas pronunciadas por un tribunal sueco.<\/p>\n<p>El 6 de junio, un hombre de 65 a\u00f1os de edad comenz\u00f3 a masturbarse en el agua en la playa de Drevviken, un lago al sur de Estocolmo, llevando a una acusaci\u00f3n de agresi\u00f3n sexual.<\/p>\n<p>El Tribunal de distrito de S\u00f6dert\u00f6rn dictamin\u00f3 que, aunque \u00abel hombre se ha expuesto y se masturbaba en esta ocasi\u00f3n,\u00bb no viol\u00f3 ninguna ley porque \u00e9l no se dirigi\u00f3 espec\u00edficamente a nadie.<\/p>\n<p>Olof Vrethammar, el fiscal, dijo a los medios suecos que no apelar\u00e1 la decisi\u00f3n y afirm\u00f3 que la masturbaci\u00f3n p\u00fablica es \u00abaceptable\u00bb.<\/p>\n<p>\u00abPara que esto sea un delito es necesario que la agresi\u00f3n sexual sea dirigida hacia una o m\u00e1s personas. Creo que la sentencia del Tribunal es razonable,\u00bb dijo.<\/p>\n<p>El mismo tribunal recientemente absolvi\u00f3 a un muchacho de 15 a\u00f1os por un cargo similar, despu\u00e9s de que expuso sus genitales a dos chicas menores de edad. Las chicas insistieron que el ni\u00f1o deb\u00eda ser acusado y enjuiciado.<\/p>\n","protected":false},"excerpt":{"rendered":"<p>Por Ben Johnson Traducci\u00f3n libre y edici\u00f3n de Alejandro P. para catolicasmexico.com Mi\u00e9rcoles 18, 2013 11:27 Estocolmo, 17 de septiembre de 2013 (LifeSiteNews.com) \u2013 La masturbaci\u00f3n p\u00fablica no viola necesariamente la ley, seg\u00fan dos sentencias distintas pronunciadas por un tribunal sueco. El 6 de junio, un hombre de 65 a\u00f1os de edad comenz\u00f3 a masturbarse [&hellip;]<\/p>\n","protected":false},"author":5,"featured_media":1878,"comment_status":"open","ping_status":"open","sticky":false,"template":"","format":"standard","meta":{"spay_email":"","jetpack_publicize_message":"","jetpack_is_tweetstorm":false},"categories":[70],"tags":[193,191,192],"aioseo_notices":[],"jetpack_featured_media_url":"http:\/\/catolicasmexico.com\/blog\/wp-content\/uploads\/2013\/09\/127063345.jpg","jetpack_publicize_connections":[],"jetpack_shortlink":"https:\/\/wp.me\/p3B5XH-ug","jetpack-related-posts":[{"id":4445,"url":"http:\/\/catolicasmexico.com\/blog\/agencias-de-la-onu-presionan-a-la-iglesia-catolica-sobre-contracepcion-homosexualidad-y-masturbacion\/","url_meta":{"origin":1876,"position":0},"title":"Agencias de la ONU presionan a la Iglesia cat\u00f3lica sobre contracepci\u00f3n, homosexualidad y masturbaci\u00f3n","date":"4 octubre 2016","format":false,"excerpt":"Austin Ruse | Nueva York | 15 de septiembre de 2016 (Atribuci\u00f3n: www.all-free-photos.com) (Nueva York, C-FAM) Tres poderosas agencias de la ONU patrocinan la publicaci\u00f3n de un documento, la semana que viene, en el que se llama a la Iglesia cat\u00f3lica a cambiar sus ense\u00f1anzas, no solo en cuanto a\u2026","rel":"","context":"En \u00abAborto\u00bb","img":{"alt_text":"","src":"https:\/\/i2.wp.com\/catolicasmexico.com\/blog\/wp-content\/uploads\/2016\/11\/PI44938-hr.jpg?resize=350%2C200","width":350,"height":200},"classes":[]},{"id":4220,"url":"http:\/\/catolicasmexico.com\/blog\/13000-dolares-de-multa-tras-haber-rechazado-la-celebracion-de-una-boda-homosexual-en-su-granja\/","url_meta":{"origin":1876,"position":1},"title":"13000 d\u00f3lares de multa tras haber rechazado la celebraci\u00f3n de una 'boda' homosexual en su granja","date":"1 febrero 2016","format":false,"excerpt":"\u00a0 \u00a0 \u00a0 \u00a0 \u00a0 \u00a0 \u00a0 \u00a0 Church Militant Original de\u00a0The Daily Signal Traducci\u00f3n libre para catolicasmexico.com \u00a0 NUEVA YORK (Kristiana Mork) - la Corte Suprema de Nueva York declar\u00f3 que una pareja cristiana viola una ley de derechos humanos tras negarse a albergar una boda de homosexuales en\u2026","rel":"","context":"En \u00abEEUU\u00bb","img":{"alt_text":"","src":"https:\/\/i2.wp.com\/catolicasmexico.com\/blog\/wp-content\/uploads\/2016\/01\/2016-01-25-niles-a.jpg?resize=350%2C200","width":350,"height":200},"classes":[]},{"id":1623,"url":"http:\/\/catolicasmexico.com\/blog\/un-par-de-lesbianas-intentan-invocar-el-privilegio-conyugal-para-evitar-testificar-en-un-juicio-por-el-asesinato-perpetrado-por-una-de-las-amantes\/","url_meta":{"origin":1876,"position":2},"title":"Un par de lesbianas intentan invocar el  privilegio conyugal para evitar testificar en un juicio por el asesinato perpetrado por una de las amantes.","date":"20 agosto 2013","format":false,"excerpt":"Louisville, KY, 13 de agosto de 2013 - Una mujer de Kentucky cuya amante es homosexual fue acusada por el crimen de asesinato y se ha negado a declarar en el juicio, citando el privilegio conyugal, a pesar de que Kentucky no reconoce los \"matrimonios homosexuales\u201d y las dos s\u00f3lo\u2026","rel":"","context":"En \u00abEEUU\u00bb","img":{"alt_text":"","src":"","width":0,"height":0},"classes":[]},{"id":1701,"url":"http:\/\/catolicasmexico.com\/blog\/un-juez-federal-obliga-al-estado-de-chihuahua-a-registrar-legalmente-un-matrimonio-homosexual\/","url_meta":{"origin":1876,"position":3},"title":"Un juez federal obliga al estado de Chihuahua a registrar legalmente un \u00abmatrimonio\u00bb homosexual","date":"26 agosto 2013","format":false,"excerpt":"Art\u00edculo de AGENCIALA VOZ. Edici\u00f3n y comentario www.catolicasmexico.com (\u00bfAlguien puede explicarnos porque leyes abyectas, son pronunciadas en el mundo, solo por el gusto y el inter\u00e9s de unos cuantos? Objetando los nuevos derechos del individuo, se esta destruyendo a la sociedad. Sabemos, por experiencia que el paso siguiente ser\u00e1 el\u2026","rel":"","context":"En \u00abHomosexualidad\u00bb","img":{"alt_text":"","src":"","width":0,"height":0},"classes":[]},{"id":3755,"url":"http:\/\/catolicasmexico.com\/blog\/diez-meses-de-prision-en-canada-por-intentar-salvar-vidas-la-ley-canadiense-permite-abortos-a-la-demanda-hasta-el-nacimiento-por-lo-tanto-la-vispera-de-su-nacimiento-un-nino-en-canada-puede-ser-as\/","url_meta":{"origin":1876,"position":4},"title":"Diez meses de prisi\u00f3n en Canad\u00e1 por intentar salvar vidas. La Ley canadiense permite abortos a la demanda hasta el nacimiento. Por lo tanto, la v\u00edspera de su nacimiento, un ni\u00f1o en Canad\u00e1 puede ser asesinado legalmente en una \"cl\u00ednica\"","date":"12 mayo 2015","format":false,"excerpt":"La canadiense Mary Wagner, quien ya hab\u00eda pasado 134 d\u00edas bajo custodia tras ser detenida ,el 23 de diciembre por introducirse en una cl\u00ednica para disuadir a las mujeres de un aborto, fue condenada el 5 de mayo por un tribunal en Toronto a 10 meses de prisi\u00f3n y le\u2026","rel":"","context":"En \u00abAborto\u00bb","img":{"alt_text":"","src":"https:\/\/i0.wp.com\/catolicasmexico.com\/blog\/wp-content\/uploads\/2015\/05\/20150512-105632.jpg?resize=350%2C200","width":350,"height":200},"classes":[]},{"id":478,"url":"http:\/\/catolicasmexico.com\/blog\/tribunal-aleman-respalda-educar-por-separado-a-hombres-y-mujeres\/","url_meta":{"origin":1876,"position":5},"title":"Tribunal alem\u00e1n respalda educar por separado a hombres y mujeres","date":"26 mayo 2013","format":false,"excerpt":"Noticia de ETWN. El juez presidente del 6\u00ba Senado del Tribunal Administrativo Federal con sede en Leipzig (Alemania), Werner Neumann, se\u00f1al\u00f3 que \u201cla Constituci\u00f3n de la Rep\u00fablica Federal de Alemania no proh\u00edbe la educaci\u00f3n diferenciada por sexos, sino que la admite\u201d, respaldando de esta manera el pedido de unos padres\u2026","rel":"","context":"En \u00abEducaci\u00f3n\u00bb","img":{"alt_text":"","src":"https:\/\/i0.wp.com\/catolicasmexico.com\/blog\/wp-content\/uploads\/2013\/05\/image-82.jpeg?resize=350%2C200","width":350,"height":200},"classes":[]}],"jetpack_likes_enabled":false,"jetpack_sharing_enabled":true,"_links":{"self":[{"href":"http:\/\/catolicasmexico.com\/blog\/wp-json\/wp\/v2\/posts\/1876"}],"collection":[{"href":"http:\/\/catolicasmexico.com\/blog\/wp-json\/wp\/v2\/posts"}],"about":[{"href":"http:\/\/catolicasmexico.com\/blog\/wp-json\/wp\/v2\/types\/post"}],"author":[{"embeddable":true,"href":"http:\/\/catolicasmexico.com\/blog\/wp-json\/wp\/v2\/users\/5"}],"replies":[{"embeddable":true,"href":"http:\/\/catolicasmexico.com\/blog\/wp-json\/wp\/v2\/comments?post=1876"}],"version-history":[{"count":5,"href":"http:\/\/catolicasmexico.com\/blog\/wp-json\/wp\/v2\/posts\/1876\/revisions"}],"predecessor-version":[{"id":1888,"href":"http:\/\/catolicasmexico.com\/blog\/wp-json\/wp\/v2\/posts\/1876\/revisions\/1888"}],"wp:featuredmedia":[{"embeddable":true,"href":"http:\/\/catolicasmexico.com\/blog\/wp-json\/wp\/v2\/media\/1878"}],"wp:attachment":[{"href":"http:\/\/catolicasmexico.com\/blog\/wp-json\/wp\/v2\/media?parent=1876"}],"wp:term":[{"taxonomy":"category","embeddable":true,"href":"http:\/\/catolicasmexico.com\/blog\/wp-json\/wp\/v2\/categories?post=1876"},{"taxonomy":"post_tag","embeddable":true,"href":"http:\/\/catolicasmexico.com\/blog\/wp-json\/wp\/v2\/tags?post=1876"}],"curies":[{"name":"wp","href":"https:\/\/api.w.org\/{rel}","templated":true}]}}