{"id":1871,"date":"2013-09-23T12:49:26","date_gmt":"2013-09-23T17:49:26","guid":{"rendered":"http:\/\/catolicasmexico.com\/blog\/?p=1871"},"modified":"2013-09-23T12:49:26","modified_gmt":"2013-09-23T17:49:26","slug":"el-hospital-shriners-para-ninos-en-montreal-es-francmason","status":"publish","type":"post","link":"http:\/\/catolicasmexico.com\/blog\/el-hospital-shriners-para-ninos-en-montreal-es-francmason\/","title":{"rendered":"El Hospital Shriners para ni\u00f1os en Montreal es Francmas\u00f3n"},"content":{"rendered":"<p><a href=\"http:\/\/catolicasmexico.com\/blog\/wp-content\/uploads\/2013\/09\/20130923-135233.jpg\"><img src=\"http:\/\/catolicasmexico.com\/blog\/wp-content\/uploads\/2013\/09\/20130923-135233.jpg\" alt=\"20130923-135233.jpg\" class=\"alignnone size-full\"  \/> <\/a><\/p>\n<p> Del sitio www.cqv.cq.ca En el sitio del CNW Telbec 18 de septiembre de 2013.<\/p>\n<p>(En la foto el Shriner Arthur Porter, ex Director del centro de Salud McGill, detenido por el UPAC, acusado de haber aceptado miles de millones en sobornos de SNC-Lavalin para la construcci\u00f3n del Hospital de ni\u00f1os, sostiene que el l\u00edder liberal Philippe Couillard es su amigo incondicional).<br \/>\nTraducci\u00f3n libre y edici\u00f3n de Alejandro P. para catolicasmexico.com<\/p>\n<p>Montreal, 18 de septiembre. 2013\/CNW Telbec \/ &#8211; a las 13.30 horas, Domingo, 22 de septiembre de 2013, el Gran Maestre de la Grand Logia de Quebec, los masones, los representantes del Hospital Shriners para ni\u00f1os &#8211; Canad\u00e1 en Montreal y Shriners de Am\u00e9rica del norte celebrar\u00e1n una ceremonia para conmemorar la colocaci\u00f3n de la primera piedra del futuro hospital en el campus Glen en presencia de pol\u00edticos, pacientes y donantes.<\/p>\n<p>Una ceremonia para conmemorar la colocaci\u00f3n de la primera piedra, presidida por el Gran Maestre de la Grand Logia de Quebec es un acontecimiento profundamente arraigado en la tradici\u00f3n. Aunque la mayor\u00eda de las ceremonias de la masoner\u00eda son privadas, este evento en particular es muy concurrido. Originalmente constructores, los Masones han organizado siempre ceremonias para marcar la colocaci\u00f3n de la primera piedra de los edificios nuevos.<\/p>\n<p>(&#8230;)<\/p>\n<p>La piedra es consagrada con ma\u00edz (o granos), vino y aceite \u2013 s\u00edmbolos mas\u00f3nicos de prosperidad, salud y paz.<\/p>\n<p>(&#8230;)<\/p>\n","protected":false},"excerpt":{"rendered":"<p>Del sitio www.cqv.cq.ca En el sitio del CNW Telbec 18 de septiembre de 2013. (En la foto el Shriner Arthur Porter, ex Director del centro de Salud McGill, detenido por el UPAC, acusado de haber aceptado miles de millones en sobornos de SNC-Lavalin para la construcci\u00f3n del Hospital de ni\u00f1os, sostiene que el l\u00edder liberal [&hellip;]<\/p>\n","protected":false},"author":5,"featured_media":1873,"comment_status":"open","ping_status":"open","sticky":false,"template":"","format":"standard","meta":{"spay_email":"","jetpack_publicize_message":"","jetpack_is_tweetstorm":false},"categories":[84,179],"tags":[],"aioseo_notices":[],"jetpack_featured_media_url":"http:\/\/catolicasmexico.com\/blog\/wp-content\/uploads\/2013\/09\/artur_porter.jpg","jetpack_publicize_connections":[],"jetpack_shortlink":"https:\/\/wp.me\/p3B5XH-ub","jetpack-related-posts":[{"id":2966,"url":"http:\/\/catolicasmexico.com\/blog\/arzobispo-de-montreal-exhorta-a-pronunciarse-contra-la-ley-que-aprobara-la-eutanasia\/","url_meta":{"origin":1871,"position":0},"title":"Arzobispo de Montreal exhorta a pronunciarse contra la ley que aprobar\u00e1 la eutanasia.","date":"29 mayo 2014","format":false,"excerpt":"En el sitio web de la di\u00f3cesis de Montreal del 28 de mayo de 2014: Del sitio www.cqv.cq.ca original del sitio Di\u00f3cesis de Montreal traducci\u00f3n y edici\u00f3n libre www.catolicas mexico.com Llamado del arzobispo de Montreal, obispo Christian L\u00e9pine, a negarse al Bill 52 (eutanasia) Una cuesti\u00f3n de vida o muerte:\u2026","rel":"","context":"En \u00abCanada.\u00bb","img":{"alt_text":"","src":"https:\/\/i2.wp.com\/catolicasmexico.com\/blog\/wp-content\/uploads\/2014\/05\/20140529-110806.jpg?resize=350%2C200","width":350,"height":200},"classes":[]},{"id":653,"url":"http:\/\/catolicasmexico.com\/blog\/hospital-de-toronto-para-los-ninos-enfermos-deshidrata-a-los-ninos-con-discapacidad-basandose-en-su-calidad-de-vida\/","url_meta":{"origin":1871,"position":1},"title":"Hospital de Toronto para los ni\u00f1os enfermos, deshidrata ,a los ni\u00f1os con discapacidad bas\u00e1ndose en su calidad de vida","date":"2 junio 2013","format":false,"excerpt":"POR ALEX SCHADENBERG Traducci\u00f3n y edici\u00f3n. Alejandro P. www.catolicasmexico.com Jue, 30 de mayo de 2013 18:52 TORONTO, 30 de mayo de 2013 (Alex Schadenberg) - Un estudio intitulado: Las Percepciones Parentales del cese de la nutrici\u00f3n Artificial e Hidrataci\u00f3n (FANH) al final de la vida fue publicado en la revista\u2026","rel":"","context":"En \u00abEutanasia\u00bb","img":{"alt_text":"","src":"","width":0,"height":0},"classes":[]},{"id":4000,"url":"http:\/\/catolicasmexico.com\/blog\/miles-de-padres-de-familia-de-ontario-retiraran-a-sus-hijos-de-las-escuelas-el-1o-de-octubre\/","url_meta":{"origin":1871,"position":2},"title":"Miles de padres de familia de Ontario retirar\u00e1n a sus hijos de las escuelas el 1o de Octubre","date":"1 octubre 2015","format":false,"excerpt":"TORONTO, 22 de septiembre de 2015 (LifeSiteNews) Traducci\u00f3n libre para catolicasmexico.com Varios grupos que militan por los derechos de los padres se est\u00e1n movilizando para una huelga de estudiantes de toda la provincia el 1o de octubre, inspirados los eventos \u00a0del parque de Thorncliffe. \u00a0 Esa singular protesta de 30\u2026","rel":"","context":"En \u00abCanada.\u00bb","img":{"alt_text":"","src":"https:\/\/i1.wp.com\/catolicasmexico.com\/blog\/wp-content\/uploads\/2015\/09\/IMG_0887_810_500_55_s_c1.jpg?resize=350%2C200","width":350,"height":200},"classes":[]},{"id":2616,"url":"http:\/\/catolicasmexico.com\/blog\/no-nuestros-hijos-no-pertenecen-al-estado\/","url_meta":{"origin":1871,"position":3},"title":"\u00a1No, nuestros hijos no pertenecen al estado!","date":"19 febrero 2014","format":false,"excerpt":"Del sitio www.cqv.cq.ca original del sitio traducci\u00f3n y edici\u00f3n libre www.catolicas mexico.com 1.\u00a1 No, nuestros hijos no pertenecen al estado! 2.\u00a1 No, rechazamos la prohibici\u00f3n de educaci\u00f3n en el hogar! 3.\u00a1No, rechazamos las escuelas que por estar fuera de contrato, el d\u00eda de ma\u00f1ana ser\u00e1n clausuradas.! 4.\u00a1 No, nos negamos\u2026","rel":"","context":"En \u00abEducaci\u00f3n\u00bb","img":{"alt_text":"","src":"","width":0,"height":0},"classes":[]},{"id":2082,"url":"http:\/\/catolicasmexico.com\/blog\/cuando-veas-las-barbas-de-tu-vecino-la-isla-del-principe-eduardo-canada-ofrece-educacion-sexual-a-los-ninos-que-es-mas-bien-una-puerta-abierta-a-la-pedofilia\/","url_meta":{"origin":1871,"position":4},"title":"Cuando veas las barbas de tu vecino: \u00a1La Isla del pr\u00edncipe Eduardo (Canad\u00e1) ofrece \"educaci\u00f3n sexual\" a los ni\u00f1os  que es m\u00e1s bien una puerta abierta a la pedofilia\u00a1","date":"19 noviembre 2013","format":false,"excerpt":"Delsitio de www.cqv.cq.cq En el sitio del Socon del 15 de noviembre de 2013 (Comentario sobre la informaci\u00f3n de LifeSiteNews) Traducci\u00f3n y edici\u00f3n libre www.catolicasmexico.com Resumen de dicha gu\u00eda: El Comportamiento \"Sano y natural\" para los ni\u00f1os menores de cinco a\u00f1os es el siguiente: -'Tocar las \"partes privadas\" de familiares\u2026","rel":"","context":"En \u00abCanada.\u00bb","img":{"alt_text":"","src":"","width":0,"height":0},"classes":[]},{"id":2021,"url":"http:\/\/catolicasmexico.com\/blog\/en-belgica-se-esta-tratando-el-tema-de-la-eutanasia-para-los-ninos\/","url_meta":{"origin":1871,"position":5},"title":"En B\u00e9lgica se est\u00e1 tratando el tema de la eutanasia para los ni\u00f1os.","date":"5 noviembre 2013","format":false,"excerpt":"Traducci\u00f3n y edici\u00f3n libre www.catolicasmexico.com Del sitio de campagne quebec-vie original del Sitio web de Radio-Canada de 02 de noviembre de 2013. (Foto: Fr\u00e9d\u00e9rique Laporte en flickr.com de Creative Commons) Mientras que en Quebec se ha comenzado a hablar de la ayuda a morir , B\u00e9lgica evoca la posibilidad de\u2026","rel":"","context":"En \u00abEutanasia\u00bb","img":{"alt_text":"","src":"https:\/\/i0.wp.com\/catolicasmexico.com\/blog\/wp-content\/uploads\/2013\/11\/20131105-125149.jpg?resize=350%2C200","width":350,"height":200},"classes":[]}],"jetpack_likes_enabled":false,"jetpack_sharing_enabled":true,"_links":{"self":[{"href":"http:\/\/catolicasmexico.com\/blog\/wp-json\/wp\/v2\/posts\/1871"}],"collection":[{"href":"http:\/\/catolicasmexico.com\/blog\/wp-json\/wp\/v2\/posts"}],"about":[{"href":"http:\/\/catolicasmexico.com\/blog\/wp-json\/wp\/v2\/types\/post"}],"author":[{"embeddable":true,"href":"http:\/\/catolicasmexico.com\/blog\/wp-json\/wp\/v2\/users\/5"}],"replies":[{"embeddable":true,"href":"http:\/\/catolicasmexico.com\/blog\/wp-json\/wp\/v2\/comments?post=1871"}],"version-history":[{"count":4,"href":"http:\/\/catolicasmexico.com\/blog\/wp-json\/wp\/v2\/posts\/1871\/revisions"}],"predecessor-version":[{"id":1885,"href":"http:\/\/catolicasmexico.com\/blog\/wp-json\/wp\/v2\/posts\/1871\/revisions\/1885"}],"wp:featuredmedia":[{"embeddable":true,"href":"http:\/\/catolicasmexico.com\/blog\/wp-json\/wp\/v2\/media\/1873"}],"wp:attachment":[{"href":"http:\/\/catolicasmexico.com\/blog\/wp-json\/wp\/v2\/media?parent=1871"}],"wp:term":[{"taxonomy":"category","embeddable":true,"href":"http:\/\/catolicasmexico.com\/blog\/wp-json\/wp\/v2\/categories?post=1871"},{"taxonomy":"post_tag","embeddable":true,"href":"http:\/\/catolicasmexico.com\/blog\/wp-json\/wp\/v2\/tags?post=1871"}],"curies":[{"name":"wp","href":"https:\/\/api.w.org\/{rel}","templated":true}]}}