{"id":1846,"date":"2013-09-18T13:41:09","date_gmt":"2013-09-18T18:41:09","guid":{"rendered":"http:\/\/catolicasmexico.com\/blog\/?p=1846"},"modified":"2013-09-18T13:43:09","modified_gmt":"2013-09-18T18:43:09","slug":"actor-frances-enfurece-al-lobby-gay-por-decir-no-me-gusta-mi-homosexualidad-y-no-reivindico-nada","status":"publish","type":"post","link":"http:\/\/catolicasmexico.com\/blog\/actor-frances-enfurece-al-lobby-gay-por-decir-no-me-gusta-mi-homosexualidad-y-no-reivindico-nada\/","title":{"rendered":"Actor franc\u00e9s enfurece al lobby gay por decir \u00abno me gusta mi homosexualidad y no reivindico nada\u00bb"},"content":{"rendered":"<p><a href=\"http:\/\/catolicasmexico.com\/blog\/wp-content\/uploads\/2013\/09\/20130918-144815.jpg\"><img src=\"http:\/\/catolicasmexico.com\/blog\/wp-content\/uploads\/2013\/09\/20130918-144815.jpg\" alt=\"20130918-144815.jpg\" class=\"alignnone size-full\"  \/> <\/a><\/p>\n<p>De \/forocatolico.wordpress.com<br \/>\nTraducci\u00f3n de Helena Faccia Serrano<\/p>\n<p>El actor c\u00f3mico franc\u00e9s Pierre Palmade, cuyas tendencias homosexuales son bien conocidas, ha sido acusado de homofobia por los activistas LGBT, \u00fanicamente por haber expresado sus opiniones sobre su propia condici\u00f3n y sobre la ley Taubira, que ha legalizado el matrimonio homosexual en su pa\u00eds.<\/p>\n<p>El actor Pierre Palmade enfurece al lobby por decir \u00abNo me gusta mi homosexualidad y como gay, no reivindico ning\u00fan derecho\u00bb<\/p>\n<p>\u00bb Mi homosexualidad es m\u00e1s distante\u201d<br \/>\n\u00abNo me gusta mi homosexualidad, estoy verdaderamente triste. Antes estaba enfadado, ahora estoy triste por ser gay\u00bb, ha confesado el c\u00f3mico a los micr\u00f3fonos de Radio Europe 1.<br \/>\nMi homosexualidad \u2013 ha a\u00f1adido Palmade \u2013 me parece m\u00e1s distante de la que veo que se expresa en la calle. No soy ni pro ni anti gay, yo no reivindico nada para esta causa\u00bb<\/p>\n<p>Pero hablando abiertamente de su malestar, el actor ha puesto en un brete al mundo del activismo.<\/p>\n<p>\u00abEs una verdadera tristeza ser gay\u00bb<\/p>\n<p>El lobby se pone \u201chist\u00e9rico\u201d<br \/>\nContra \u00e9l se ha manifestado tambi\u00e9n Olivier Ciappa, director y creador del sello con la Marianne francesa inspirada en la l\u00edder de las Femen, Inna Shevchenko: \u00abEstoy intentando controlarme, pero las \u00f1\u00f1\u00f1declaraciones auto-homof\u00f3bicas de Pierre Palmade son totalmente ego\u00edstas y egoc\u00e9ntricas, y me ponen hist\u00e9rico\u00bb.<\/p>\n<p>Ser gay \u201ca tiempo completo\u201d, \u00bfun deber?<br \/>\nM\u00e1s tarde, Palmade ha rebatido en Facebook: \u00abEs verdad, rechazo ser gay a tiempo completo, no quiero reducir mi identidad a la identidad sexual (\u2026). Y rechazo ser un militante\u00bb. <\/p>\n<p>Sin embargo, para el mundo LGBT, los homosexuales que no permanecen fieles a la l\u00ednea tambi\u00e9n deben ser considerados \u201chom\u00f3fobos\u201d<\/p>\n","protected":false},"excerpt":{"rendered":"<p>De \/forocatolico.wordpress.com Traducci\u00f3n de Helena Faccia Serrano El actor c\u00f3mico franc\u00e9s Pierre Palmade, cuyas tendencias homosexuales son bien conocidas, ha sido acusado de homofobia por los activistas LGBT, \u00fanicamente por haber expresado sus opiniones sobre su propia condici\u00f3n y sobre la ley Taubira, que ha legalizado el matrimonio homosexual en su pa\u00eds. El actor Pierre [&hellip;]<\/p>\n","protected":false},"author":5,"featured_media":1847,"comment_status":"open","ping_status":"open","sticky":false,"template":"","format":"standard","meta":{"spay_email":"","jetpack_publicize_message":"","jetpack_is_tweetstorm":false},"categories":[78,12,19],"tags":[],"aioseo_notices":[],"jetpack_featured_media_url":"http:\/\/catolicasmexico.com\/blog\/wp-content\/uploads\/2013\/09\/pierre-palmade.jpg","jetpack_publicize_connections":[],"jetpack_shortlink":"https:\/\/wp.me\/p3B5XH-tM","jetpack-related-posts":[{"id":1809,"url":"http:\/\/catolicasmexico.com\/blog\/un-comentarista-de-fox-sports-es-despedido-por-sus-comentarios-sobre-la-homosexualidad\/","url_meta":{"origin":1846,"position":0},"title":"Un comentarista de Fox Sports es despedido por sus comentarios sobre la homosexualidad","date":"11 septiembre 2013","format":false,"excerpt":"Por Kirsten Andersen Lun 09 de septiembre 2013 17:31 ESTT Traducci\u00f3n libre y edici\u00f3n de Alejandro P. para catolicasmexico.com LOS ANGELES, 09 de septiembre 2013 ( LifeSiteNews ) - No hablar\u00e1s de la homosexualidad como si se tratase de \" una elecci\u00f3n \" - a no ser que no quieras\u2026","rel":"","context":"En \u00abEEUU\u00bb","img":{"alt_text":"","src":"","width":0,"height":0},"classes":[]},{"id":3830,"url":"http:\/\/catolicasmexico.com\/blog\/linchamiento-publico-a-un-sacerdote-por-ofrecer-ayuda-a-los-homosexuales\/","url_meta":{"origin":1846,"position":1},"title":"Linchamiento p\u00fablico a un sacerdote por ofrecer ayuda a los homosexuales.","date":"30 junio 2015","format":false,"excerpt":"Art\u00edculo editado del Diario de Sevilla. El p\u00e1rroco de Bellavista ofrece ayuda para \"sanar\" la homosexualidad La portada de la web oficial del templo aconsejaba material, terapias y una gu\u00eda t\u00e9cnica. La entrada ha sido borrada y Santiago Gonz\u00e1lez pide perd\u00f3n y rechaza su autor\u00eda. \"La p\u00e1gina est\u00e1 administrada por\u2026","rel":"","context":"En \u00abataques contra la Iglesia Catolica\u00bb","img":{"alt_text":"","src":"https:\/\/i1.wp.com\/catolicasmexico.com\/blog\/wp-content\/uploads\/2015\/06\/20150630-135506.jpg?resize=350%2C200","width":350,"height":200},"classes":[]},{"id":2496,"url":"http:\/\/catolicasmexico.com\/blog\/arrestan-a-evangelico-pro-familia-por-decir-que-la-homosexualidad-es-un-pecado\/","url_meta":{"origin":1846,"position":2},"title":"Arrestan a evang\u00e9lico pro familia por decir que la homosexualidad \"es un pecado\"","date":"31 enero 2014","format":false,"excerpt":"ESCOCIA.-(AGENCIALAVOZ) Tony Miano, predicador evang\u00e9lico y expolic\u00eda, fue arrestado por gritar que la homosexualidad \"es un pecado\", mientras recorr\u00eda las calles de Escocia. La detenci\u00f3n del hombre se dio bajo la acusaci\u00f3n de presunta violaci\u00f3n de la paz con la agravante \"homof\u00f3bico\", despu\u00e9s que una mujer dio a conocer el\u2026","rel":"","context":"En \u00abHomosexualidad\u00bb","img":{"alt_text":"","src":"https:\/\/i0.wp.com\/catolicasmexico.com\/blog\/wp-content\/uploads\/2014\/01\/20140131-134631.jpg?resize=350%2C200","width":350,"height":200},"classes":[]},{"id":3841,"url":"http:\/\/catolicasmexico.com\/blog\/cardenal-caffarra-no-podemos-permanecer-callados-este-es-el-ultimo-reto-que-el-diablo-lanza-al-dios-creador-diciendole-te-voy-a-mostrar-como-construir-una-creacion-alternativa-a-la-tuya-y\/","url_meta":{"origin":1846,"position":3},"title":"Cardenal Caffarra: \"No podemos permanecer callados\"...\"Este es el \u00faltimo reto que el diablo lanza al Dios Creador, dici\u00e9ndole: \"te voy a mostrar c\u00f3mo construir una creaci\u00f3n alternativa a la tuya y ver\u00e1s que los hombres dir\u00e1n: es mejor as\u00ed. Tu les prometes libertad, yo les propongo ser \u00e1rbitros. Tu les das amor, yo les ofrezco emociones. Quieres justicia y yo, plena igualdad que anula cualquier diferencia\".","date":"8 julio 2015","format":false,"excerpt":"\u00a0 El cardenal Carlo Caffarra discuti\u00f3 largamente sobre la ideolog\u00eda de g\u00e9nero, el 'matrimonio' homosexual y la ' glorificaci\u00f3n de la homosexualidad \"que siempre anuncia el final de la civilizaci\u00f3n, en una entrevista que dio al diario italiano Il Tempo al d\u00eda siguiente de la marcha a favor de la\u2026","rel":"","context":"En \u00abIglesia cat\u00f3lica\u00bb","img":{"alt_text":"","src":"https:\/\/i1.wp.com\/catolicasmexico.com\/blog\/wp-content\/uploads\/2015\/07\/cardinal-caffarra.jpg?resize=350%2C200","width":350,"height":200},"classes":[]},{"id":1567,"url":"http:\/\/catolicasmexico.com\/blog\/obedezcan-lo-que-dice-la-fe-sobre-la-homosexualidad-o-vayan-a-otro-sitio\/","url_meta":{"origin":1846,"position":4},"title":"Obedezcan lo que dice la fe sobre la homosexualidad o vayan a otro sitio","date":"14 agosto 2013","format":false,"excerpt":"Por Kirsten Andersen Jueves 08 de agosto de 2013 18:42 EST (LifeSiteNews.com) ALTOONA, WI, 08 de agosto de 2013\u2013 Una parroquia Cat\u00f3lica en Wisconsin ha dicho a la tropa Boy Scout que ha patrocinado por los \u00faltimos 20 a\u00f1os que tendr\u00e1 que encontrar un nuevo hogar en respuesta a la\u2026","rel":"","context":"En \u00abHomosexualidad\u00bb","img":{"alt_text":"","src":"","width":0,"height":0},"classes":[]},{"id":2030,"url":"http:\/\/catolicasmexico.com\/blog\/paises-declaran-la-no-existencia-del-derecho-al-aborto-o-a-la-homosexualidad\/","url_meta":{"origin":1846,"position":5},"title":"Pa\u00edses declaran la no existencia del derecho al aborto o a la homosexualidad","date":"6 noviembre 2013","format":false,"excerpt":"Art\u00edculo de ForumVida. Rusia, Etiop\u00eda, Polonia y otros tomaron los micr\u00f3fonos en una reuni\u00f3n (transmitida en vivo v\u00eda Internet desde la sede de la ONU) para dejar claro que el aborto y la homosexualidad no son derechos humanos internacionales. Los diplom\u00e1ticos criticaron especialmente a la oficina de derechos humanos de\u2026","rel":"","context":"En \u00abAborto\u00bb","img":{"alt_text":"","src":"https:\/\/i1.wp.com\/catolicasmexico.com\/blog\/wp-content\/uploads\/2013\/11\/20131106-180029.jpg?resize=350%2C200","width":350,"height":200},"classes":[]}],"jetpack_likes_enabled":false,"jetpack_sharing_enabled":true,"_links":{"self":[{"href":"http:\/\/catolicasmexico.com\/blog\/wp-json\/wp\/v2\/posts\/1846"}],"collection":[{"href":"http:\/\/catolicasmexico.com\/blog\/wp-json\/wp\/v2\/posts"}],"about":[{"href":"http:\/\/catolicasmexico.com\/blog\/wp-json\/wp\/v2\/types\/post"}],"author":[{"embeddable":true,"href":"http:\/\/catolicasmexico.com\/blog\/wp-json\/wp\/v2\/users\/5"}],"replies":[{"embeddable":true,"href":"http:\/\/catolicasmexico.com\/blog\/wp-json\/wp\/v2\/comments?post=1846"}],"version-history":[{"count":5,"href":"http:\/\/catolicasmexico.com\/blog\/wp-json\/wp\/v2\/posts\/1846\/revisions"}],"predecessor-version":[{"id":1858,"href":"http:\/\/catolicasmexico.com\/blog\/wp-json\/wp\/v2\/posts\/1846\/revisions\/1858"}],"wp:featuredmedia":[{"embeddable":true,"href":"http:\/\/catolicasmexico.com\/blog\/wp-json\/wp\/v2\/media\/1847"}],"wp:attachment":[{"href":"http:\/\/catolicasmexico.com\/blog\/wp-json\/wp\/v2\/media?parent=1846"}],"wp:term":[{"taxonomy":"category","embeddable":true,"href":"http:\/\/catolicasmexico.com\/blog\/wp-json\/wp\/v2\/categories?post=1846"},{"taxonomy":"post_tag","embeddable":true,"href":"http:\/\/catolicasmexico.com\/blog\/wp-json\/wp\/v2\/tags?post=1846"}],"curies":[{"name":"wp","href":"https:\/\/api.w.org\/{rel}","templated":true}]}}