{"id":184,"date":"2013-05-08T08:28:58","date_gmt":"2013-05-08T13:28:58","guid":{"rendered":"http:\/\/catolicasmexico.com\/blog\/?p=184"},"modified":"2013-05-07T19:33:20","modified_gmt":"2013-05-08T00:33:20","slug":"padre-asesinado-en-barranquilla","status":"publish","type":"post","link":"http:\/\/catolicasmexico.com\/blog\/padre-asesinado-en-barranquilla\/","title":{"rendered":"Padre asesinado en barranquilla."},"content":{"rendered":"<p><a href=\"http:\/\/catolicasmexico.com\/blog\/wp-content\/uploads\/2013\/05\/image-4.jpeg\"><img data-attachment-id=\"185\" data-permalink=\"http:\/\/catolicasmexico.com\/blog\/padre-asesinado-en-barranquilla\/image-4-2\/\" data-orig-file=\"http:\/\/catolicasmexico.com\/blog\/wp-content\/uploads\/2013\/05\/image-4.jpeg\" data-orig-size=\"500,340\" data-comments-opened=\"1\" data-image-meta=\"{&quot;aperture&quot;:&quot;0&quot;,&quot;credit&quot;:&quot;&quot;,&quot;camera&quot;:&quot;&quot;,&quot;caption&quot;:&quot;&quot;,&quot;created_timestamp&quot;:&quot;0&quot;,&quot;copyright&quot;:&quot;&quot;,&quot;focal_length&quot;:&quot;0&quot;,&quot;iso&quot;:&quot;0&quot;,&quot;shutter_speed&quot;:&quot;0&quot;,&quot;title&quot;:&quot;&quot;,&quot;orientation&quot;:&quot;0&quot;}\" data-image-title=\"image (4)\" data-image-description=\"\" data-medium-file=\"http:\/\/catolicasmexico.com\/blog\/wp-content\/uploads\/2013\/05\/image-4-300x204.jpeg\" data-large-file=\"http:\/\/catolicasmexico.com\/blog\/wp-content\/uploads\/2013\/05\/image-4.jpeg\" class=\"alignnone size-medium wp-image-185\" title=\"image (4)\" src=\"http:\/\/catolicasmexico.com\/blog\/wp-content\/uploads\/2013\/05\/image-4-300x204.jpg\" alt=\"\" width=\"300\" height=\"204\" srcset=\"http:\/\/catolicasmexico.com\/blog\/wp-content\/uploads\/2013\/05\/image-4-300x204.jpg 300w, http:\/\/catolicasmexico.com\/blog\/wp-content\/uploads\/2013\/05\/image-4-150x150.jpeg 150w\" sizes=\"100vw\" \/> <\/a><\/p>\n<p>BOGOT\u00c1, 07 May. 13 \/ 04:05 pm (<a href=\"http:\/\/www.aciprensa.com\/\" target=\"_blank\"><strong>ACI\/EWTN Noticias<\/strong><\/a>).- La Conferencia Episcopal de Colombia (CEC) lament\u00f3 el \u00abatroz\u00bb asesinato del P. Jos\u00e9 Antonio Valle Bayona, que recibi\u00f3 17 pu\u00f1aladas -la mayor\u00eda en la cara y el cuello- y cuyo cuerpo fue encontrado en una acequia en una zona rural de Barranquilla.<\/p>\n<p>En un comunicado publicado hoy, la CEC record\u00f3 que el sacerdote de 48 a\u00f1os era p\u00e1rroco de la Parroquia\u00a0<a href=\"http:\/\/www.aciprensa.com\/fiestas\/cristorey\/index.html\" target=\"_blank\">Cristo Rey<\/a>, del barrio Lipaya, en la Arquidi\u00f3cesis de Barranquilla.<\/p>\n<p>La polic\u00eda metropolitana de Barranquilla ha ofrecido una recompensa de 20 millones de pesos (alrededor de 11 mil d\u00f3lares) a quien brinde informaci\u00f3n sobre la identidad y la ubicaci\u00f3n de los asesinos que acabaron con la\u00a0<a href=\"http:\/\/www.aciprensa.com\/vida\" target=\"_blank\">vida<\/a>\u00a0del sacerdote el 6 de mayo.<\/p>\n<p>La Arquidi\u00f3cesis de Barranquilla, gobernada por Mons. Jairo Jaramillo Monsalve, se\u00f1al\u00f3 en un mensaje que \u00abcon amor de pastores, el Arzobispo, su Obispo Auxiliar y los presb\u00edteros, en comuni\u00f3n con todos los miembros de la<a href=\"http:\/\/www.aciprensa.com\/iglesia\/index.html\" target=\"_blank\">Iglesia<\/a>\u00a0Cat\u00f3lica que peregrina en la Arquidi\u00f3cesis de Barranquilla, repudiamos con vehemencia este acto atroz que seg\u00f3 la vida del presb\u00edtero Valle Bayona, ocasionando un profundo dolor en el seno de la Iglesia y en las comunidades donde mision\u00f3 como Ministro Ordenado del Se\u00f1or\u00bb.<\/p>\n<p>Este crimen, se\u00f1al\u00f3 el comunicado de la arquidi\u00f3cesis colombiana, \u00abmuestra, una vez m\u00e1s, la dif\u00edcil situaci\u00f3n que enfrenta nuestra sociedad, lejana a la verdadera vivencia en comuni\u00f3n y fraternidad, desencadenando una violencia generalizada que causa un n\u00famero alarmante de v\u00edctimas en el pa\u00eds\u00bb.<\/p>\n<p>Este asesinato sin embargo, expres\u00f3 la Arquidi\u00f3cesis de Barranquilla, impulsa \u00abcon m\u00e1s fuerza\u00bb y \u00abcon mayor sentido\u00bb, la convocatoria a la \u00abMarcha por la Vida\u00bb, que se realizar\u00e1 el domingo 19 de mayo desde las 3:00 p.m., hora local.<\/p>\n<p>El objetivo fundamental de esta manifestaci\u00f3n, remarc\u00f3 el mensaje, \u00abes el rechazo a toda clase de violencia que atente contra la vida humana\u00bb.<\/p>\n<p>\u00abAgradecemos el apoyo brindado por parte de la Polic\u00eda Metropolitana y de todas las autoridades e invitamos a que los victimarios asuman desde la fe un ejercicio de arrepentimiento sincero que los conlleve al perd\u00f3n misericordioso de Dios\u00bb, expres\u00f3 el mensaje.<\/p>\n<p>Los restos del P. Jos\u00e9 Antonio Valle Bayona ser\u00e1n velados desde las 4:00 p.m. de hoy en la Catedral Metropolitana Mar\u00eda Reina, de Barranquilla.<\/p>\n<p>La\u00a0<a href=\"http:\/\/www.aciprensa.com\/Eucaristia\/index.html\" target=\"_blank\">Misa<\/a>\u00a0de exequias, presidida por Mons. Jaramillo Monsalve, se realizar\u00e1 el 8 de mayo a las 9:00 a.m.<\/p>\n","protected":false},"excerpt":{"rendered":"<p>BOGOT\u00c1, 07 May. 13 \/ 04:05 pm (ACI\/EWTN Noticias).- La Conferencia Episcopal de Colombia (CEC) lament\u00f3 el \u00abatroz\u00bb asesinato del P. Jos\u00e9 Antonio Valle Bayona, que recibi\u00f3 17 pu\u00f1aladas -la mayor\u00eda en la cara y el cuello- y cuyo cuerpo fue encontrado en una acequia en una zona rural de Barranquilla. En un comunicado publicado [&hellip;]<\/p>\n","protected":false},"author":2,"featured_media":185,"comment_status":"open","ping_status":"open","sticky":false,"template":"","format":"standard","meta":{"spay_email":"","jetpack_publicize_message":"","jetpack_is_tweetstorm":false},"categories":[13],"tags":[],"aioseo_notices":[],"jetpack_featured_media_url":"http:\/\/catolicasmexico.com\/blog\/wp-content\/uploads\/2013\/05\/image-4.jpeg","jetpack_publicize_connections":[],"jetpack_shortlink":"https:\/\/wp.me\/p3B5XH-2Y","jetpack-related-posts":[{"id":96,"url":"http:\/\/catolicasmexico.com\/blog\/bebe-colombiana-sobrevivio-a-aborto-y-la-llaman-milagro\/","url_meta":{"origin":184,"position":0},"title":"Beb\u00e9 colombiana sobrevivi\u00f3 a aborto y la llaman \"Milagro\"","date":"29 abril 2013","format":false,"excerpt":"BOGOT\u00c1, 26 Abr. 13 \/ 01:05 pm (ACI\/EWTN Noticias).- Una beb\u00e9 que fue dada por muerta en el Hospital General de Barranquilla (Colombia), luego de que su madre se indujera un\u00a0aborto\u00a0con f\u00e1rmacos, sorprendi\u00f3 a los m\u00e9dicos mientras la llevaban a la morgue donde despert\u00f3. Seg\u00fan informa la prensa local, la\u2026","rel":"","context":"En \u00abAborto\u00bb","img":{"alt_text":"","src":"https:\/\/i1.wp.com\/catolicasmexico.com\/blog\/wp-content\/uploads\/2013\/04\/image-5.jpeg?resize=350%2C200","width":350,"height":200},"classes":[]},{"id":1363,"url":"http:\/\/catolicasmexico.com\/blog\/una-mujer-en-irlanda-recibe-fuertes-presiones-para-abortar\/","url_meta":{"origin":184,"position":1},"title":"Una mujer en Irlanda recibe fuertes presiones para abortar.","date":"23 julio 2013","format":false,"excerpt":"Del blog de www.cqv.qc.ca original del blog de Jeanne Smits. Traducci\u00f3n y edici\u00f3n libre www.catolicasmexico.com Un residente de Dubl\u00edn se present\u00f3 ante los tribunales de justicia la semana pasada,alegando que su novia estaba teniendo fuertes presiones para practicarse un aborto, seg\u00fan la prensa irlandesa que LifeSite hace referencia, el demandante\u2026","rel":"","context":"En \u00abAborto\u00bb","img":{"alt_text":"","src":"","width":0,"height":0},"classes":[]},{"id":2422,"url":"http:\/\/catolicasmexico.com\/blog\/la-policia-de-pensamiento-es-una-realidad-ideologia-de-genero-la-iglesia-no-puede-callar\/","url_meta":{"origin":184,"position":2},"title":"La polic\u00eda de pensamiento es una realidad. Ideolog\u00eda de g\u00e9nero: la Iglesia no puede callar","date":"21 enero 2014","format":false,"excerpt":"Articulo de Religi\u00f3n en libertad. Editado www.catolicasmexico.com Del Pr\u00f3logo de monse\u00f1or Luigi Negri, arzobispo de Ferrara-Comacchio, al libro Omofobia o Eterofobia, de Gianfranco Amato (Fede & Cultura, 2014). (Traducci\u00f3n de Helena Faccia Serrano.) (...) Una campa\u00f1a medi\u00e1tica poderosa y bien orquestada intenta, inducir a la opini\u00f3n p\u00fablica a creer que\u2026","rel":"","context":"En \u00abEducaci\u00f3n\u00bb","img":{"alt_text":"","src":"https:\/\/i1.wp.com\/catolicasmexico.com\/blog\/wp-content\/uploads\/2014\/01\/20140121-132247.jpg?resize=350%2C200","width":350,"height":200},"classes":[]},{"id":743,"url":"http:\/\/catolicasmexico.com\/blog\/contra-el-aborto-y-el-lobby-gay-miles-marchan-por-la-vida-y-la-familia-en-brasil\/","url_meta":{"origin":184,"position":3},"title":"Contra el aborto y el lobby gay Miles marchan por la vida y la familia en Brasil","date":"6 junio 2013","format":false,"excerpt":"BRASILIA, 05 Jun. 13 \/ 03:51 pm (ACI).- El 4 de junio miles de brasile\u00f1os participaron en una marcha de protesta en la capital del pa\u00eds, Brasilia, contra proyectos de ley que proponen la legalizaci\u00f3n del aborto en el pa\u00eds, as\u00ed como contra una reciente decisi\u00f3n judicial que autoriz\u00f3 el\u2026","rel":"","context":"En \u00abAborto\u00bb","img":{"alt_text":"","src":"","width":0,"height":0},"classes":[]},{"id":188,"url":"http:\/\/catolicasmexico.com\/blog\/el-congreso-rechaza-con-el-voto-del-pp-upn-y-fac-pedir-al-gobierno-que-espere-al-tc-para-reformar-la-ley\/","url_meta":{"origin":184,"position":4},"title":"El Congreso rechaza con el voto del PP, UPN y FAC pedir al Gobierno que espere al TC para reformar la Ley.","date":"8 mayo 2013","format":false,"excerpt":"CELIA VILLALOBOS SE DESMARCA EN SU VOTO DEL PP MADRID, 7 May. (EUROPA PRESS) - El Pleno del Congreso de los Diputados ha rechazado, con el voto del PP, UPN y Foro de Asturias, una moci\u00f3n presentada por el PSOE que ped\u00eda al Gobierno que esperase al pronunciamiento del Tribunal\u2026","rel":"","context":"En \u00abAborto\u00bb","img":{"alt_text":"","src":"https:\/\/i0.wp.com\/catolicasmexico.com\/blog\/wp-content\/uploads\/2013\/05\/image-5.jpeg?resize=350%2C200","width":350,"height":200},"classes":[]},{"id":217,"url":"http:\/\/catolicasmexico.com\/blog\/una-consagrada-es-madre-y-no-una-solterona-dice-el-papa-a-religiosas\/","url_meta":{"origin":184,"position":5},"title":"Una consagrada es madre y no una solterona, dice el Papa a religiosas.","date":"9 mayo 2013","format":false,"excerpt":"VATICANO, 08 May. 13 \/ 12:01 pm (ACI\/EWTN Noticias).- Esta ma\u00f1ana el Papa Francisco se reuni\u00f3 con unas 900 religiosas de la Uni\u00f3n Internacional de Superioras Generales y les dijo que \"la consagrada es una madre y no una solterona\", al referirse a la castidad fecunda que genera hijos espirituales\u2026","rel":"","context":"En \u00abFe\u00bb","img":{"alt_text":"","src":"https:\/\/i0.wp.com\/catolicasmexico.com\/blog\/wp-content\/uploads\/2013\/05\/image-9.jpeg?resize=350%2C200","width":350,"height":200},"classes":[]}],"jetpack_likes_enabled":false,"jetpack_sharing_enabled":true,"_links":{"self":[{"href":"http:\/\/catolicasmexico.com\/blog\/wp-json\/wp\/v2\/posts\/184"}],"collection":[{"href":"http:\/\/catolicasmexico.com\/blog\/wp-json\/wp\/v2\/posts"}],"about":[{"href":"http:\/\/catolicasmexico.com\/blog\/wp-json\/wp\/v2\/types\/post"}],"author":[{"embeddable":true,"href":"http:\/\/catolicasmexico.com\/blog\/wp-json\/wp\/v2\/users\/2"}],"replies":[{"embeddable":true,"href":"http:\/\/catolicasmexico.com\/blog\/wp-json\/wp\/v2\/comments?post=184"}],"version-history":[{"count":2,"href":"http:\/\/catolicasmexico.com\/blog\/wp-json\/wp\/v2\/posts\/184\/revisions"}],"predecessor-version":[{"id":187,"href":"http:\/\/catolicasmexico.com\/blog\/wp-json\/wp\/v2\/posts\/184\/revisions\/187"}],"wp:featuredmedia":[{"embeddable":true,"href":"http:\/\/catolicasmexico.com\/blog\/wp-json\/wp\/v2\/media\/185"}],"wp:attachment":[{"href":"http:\/\/catolicasmexico.com\/blog\/wp-json\/wp\/v2\/media?parent=184"}],"wp:term":[{"taxonomy":"category","embeddable":true,"href":"http:\/\/catolicasmexico.com\/blog\/wp-json\/wp\/v2\/categories?post=184"},{"taxonomy":"post_tag","embeddable":true,"href":"http:\/\/catolicasmexico.com\/blog\/wp-json\/wp\/v2\/tags?post=184"}],"curies":[{"name":"wp","href":"https:\/\/api.w.org\/{rel}","templated":true}]}}