{"id":181,"date":"2013-05-08T08:00:26","date_gmt":"2013-05-08T13:00:26","guid":{"rendered":"http:\/\/catolicasmexico.com\/blog\/?p=181"},"modified":"2013-05-07T19:28:21","modified_gmt":"2013-05-08T00:28:21","slug":"es-moralmente-inadmisible-retiro-de-hidratacion-y-nutricion-a-enfermos-terminales","status":"publish","type":"post","link":"http:\/\/catolicasmexico.com\/blog\/es-moralmente-inadmisible-retiro-de-hidratacion-y-nutricion-a-enfermos-terminales\/","title":{"rendered":"Es moralmente inadmisible retiro de hidrataci\u00f3n y nutrici\u00f3n a enfermos terminales."},"content":{"rendered":"<p><a href=\"http:\/\/catolicasmexico.com\/blog\/wp-content\/uploads\/2013\/05\/image-3.jpeg\"><img data-attachment-id=\"182\" data-permalink=\"http:\/\/catolicasmexico.com\/blog\/es-moralmente-inadmisible-retiro-de-hidratacion-y-nutricion-a-enfermos-terminales\/image-3-2\/\" data-orig-file=\"http:\/\/catolicasmexico.com\/blog\/wp-content\/uploads\/2013\/05\/image-3.jpeg\" data-orig-size=\"340,270\" data-comments-opened=\"1\" data-image-meta=\"{&quot;aperture&quot;:&quot;0&quot;,&quot;credit&quot;:&quot;&quot;,&quot;camera&quot;:&quot;&quot;,&quot;caption&quot;:&quot;&quot;,&quot;created_timestamp&quot;:&quot;0&quot;,&quot;copyright&quot;:&quot;&quot;,&quot;focal_length&quot;:&quot;0&quot;,&quot;iso&quot;:&quot;0&quot;,&quot;shutter_speed&quot;:&quot;0&quot;,&quot;title&quot;:&quot;&quot;,&quot;orientation&quot;:&quot;0&quot;}\" data-image-title=\"image (3)\" data-image-description=\"\" data-medium-file=\"http:\/\/catolicasmexico.com\/blog\/wp-content\/uploads\/2013\/05\/image-3-300x238.jpeg\" data-large-file=\"http:\/\/catolicasmexico.com\/blog\/wp-content\/uploads\/2013\/05\/image-3.jpeg\" class=\"alignnone  wp-image-182\" title=\"image (3)\" src=\"http:\/\/catolicasmexico.com\/blog\/wp-content\/uploads\/2013\/05\/image-3-300x238.jpg\" alt=\"\" width=\"240\" height=\"190\" srcset=\"http:\/\/catolicasmexico.com\/blog\/wp-content\/uploads\/2013\/05\/image-3-300x238.jpg 240w, http:\/\/catolicasmexico.com\/blog\/wp-content\/uploads\/2013\/05\/image-3-150x150.jpeg 150w\" sizes=\"100vw\" \/> <\/a><\/p>\n<p>BUENOS AIRES, 17 May. 12 \/ 11:08 pm (<a href=\"http:\/\/www.aciprensa.com\/\" target=\"_blank\"><strong>ACI\/EWTN Noticias<\/strong><\/a>).- La Corporaci\u00f3n de Abogados Cat\u00f3licos, que preside el doctor Eduardo A. Sambrizzi emiti\u00f3 un comunicado en el que calific\u00f3 de \u00abmoralmente inadmisible\u00bb que se prive a los enfermos terminales de hidrataci\u00f3n y nutrici\u00f3n, porque ello<strong>constituir\u00eda un claro acto de\u00a0<a href=\"http:\/\/www.aciprensa.com\/eutanasia\/index.html\" target=\"_blank\">eutanasia<\/a>\u00a0por omisi\u00f3n<\/strong>, que la misma ley de \u00abmuerte digna\u00bb condena y que fue aprobada el 9 de mayo.<\/p>\n<p>A continuaci\u00f3n el comunicado:<\/p>\n<p>La Corporaci\u00f3n de Abogados Cat\u00f3licos declara lo siguiente con respecto a la reciente sanci\u00f3n por el Congreso de la Naci\u00f3n de una norma conocida como \u00abley de muerte digna\u00bb \u2013modificatoria de la ley 26.529 sobre Derechos del Paciente\u2013 que admite la posibilidad de rechazar los tratamientos m\u00e9dicos considerados extraordinarios o desproporcionados, as\u00ed como tambi\u00e9n los procedimientos de hidrataci\u00f3n y alimentaci\u00f3n:<\/p>\n<p>Que coincidimos con el contenido de la norma en cuanto la misma admite el derecho que tiene el paciente que presente una enfermedad irreversible o incurable, o se encuentra en estadio terminal, o haya sufrido lesiones que lo coloquen en igual situaci\u00f3n, a rechazar tratamientos extraordinarios o desproporcionados.<\/p>\n<p>Que, en cambio, aun en el supuesto de que se considere irreversible en un per\u00edodo de tiempo mayor o menor la muerte de un enfermo terminal,\u00a0<strong>resulta moralmente inadmisible la discontinuaci\u00f3n de la nutrici\u00f3n e hidrataci\u00f3n<\/strong>, dado que se trata de un medio ordinario y proporcionado para la conservaci\u00f3n de la\u00a0<a href=\"http:\/\/www.aciprensa.com\/vida\" target=\"_blank\">vida<\/a>.<\/p>\n<p>Que aun practicada en forma artificial, la alimentaci\u00f3n y la hidrataci\u00f3n de un paciente no constituyen un tratamiento m\u00e9dico de car\u00e1cter extraordinario o desproporcionado.<\/p>\n<p>Que, en consecuencia, en la medida y mientras se demuestre que cumplen su propia finalidad de procurar la hidrataci\u00f3n y la nutrici\u00f3n, tales elementos deben continuar suministr\u00e1ndoseles al paciente hasta que sobrevenga su muerte en forma natural, la que no debe ser artificialmente adelantada por medio de su supresi\u00f3n, lo que constituir\u00eda un claro acto de eutanasia por omisi\u00f3n, debiendo se\u00f1alarse al respecto que la propia ley condena en forma expresa las que denomina pr\u00e1cticas eutan\u00e1sicas\u00bb.<\/p>\n","protected":false},"excerpt":{"rendered":"<p>BUENOS AIRES, 17 May. 12 \/ 11:08 pm (ACI\/EWTN Noticias).- La Corporaci\u00f3n de Abogados Cat\u00f3licos, que preside el doctor Eduardo A. Sambrizzi emiti\u00f3 un comunicado en el que calific\u00f3 de \u00abmoralmente inadmisible\u00bb que se prive a los enfermos terminales de hidrataci\u00f3n y nutrici\u00f3n, porque elloconstituir\u00eda un claro acto de\u00a0eutanasia\u00a0por omisi\u00f3n, que la misma ley de [&hellip;]<\/p>\n","protected":false},"author":2,"featured_media":182,"comment_status":"open","ping_status":"open","sticky":false,"template":"","format":"standard","meta":{"spay_email":"","jetpack_publicize_message":"","jetpack_is_tweetstorm":false},"categories":[10],"tags":[],"aioseo_notices":[],"jetpack_featured_media_url":"http:\/\/catolicasmexico.com\/blog\/wp-content\/uploads\/2013\/05\/image-3.jpeg","jetpack_publicize_connections":[],"jetpack_shortlink":"https:\/\/wp.me\/p3B5XH-2V","jetpack-related-posts":[{"id":2565,"url":"http:\/\/catolicasmexico.com\/blog\/unete-a-la-jornada-de-ayuno-y-de-oracion-por-quebec\/","url_meta":{"origin":181,"position":0},"title":"\u00a1Unete a la jornada de ayuno y de oraci\u00f3n por Quebec!","date":"10 febrero 2014","format":false,"excerpt":"Monse\u00f1or Lepine hizo un llamado a la oraci\u00f3n y al ayuno para evitar la adopci\u00f3n de la ley que permite la eutanasia. Este 11 de febrero d\u00eda de la Virgen de Lourdes y d\u00eda mundial de los enfermos un\u00e1monos por medio de la oraci\u00f3n y el ayuno con todos aquellos\u2026","rel":"","context":"En \u00abCanada.\u00bb","img":{"alt_text":"","src":"https:\/\/i2.wp.com\/catolicasmexico.com\/blog\/wp-content\/uploads\/2014\/02\/20140210-194830.jpg?resize=350%2C200","width":350,"height":200},"classes":[]},{"id":1115,"url":"http:\/\/catolicasmexico.com\/blog\/el-comite-de-etica-del-gobierno-de-francia-rechaza-la-legalizacion-del-suicidio-asistido\/","url_meta":{"origin":181,"position":1},"title":"El Comit\u00e9 de \u00c9tica del gobierno de Francia rechaza la legalizaci\u00f3n del suicidio asistido.","date":"8 julio 2013","format":false,"excerpt":"Por Alex Schadenberg. Traducci\u00f3n y edici\u00f3n libre Alejandro P. de www.catolicasmexico.com Coalici\u00f3n de prevenci\u00f3n de la eutanasia El Comit\u00e9 Consultivo Oficial de \u00c9tica de Francia(CCNE de Francia) ha rechazado la legalizaci\u00f3n del suicidio asistido despu\u00e9s de un voto mayoritario. La Comisi\u00f3n encargada de investigar la cuesti\u00f3n de la eutanasia y\u2026","rel":"","context":"En \u00abEutanasia\u00bb","img":{"alt_text":"","src":"","width":0,"height":0},"classes":[]},{"id":2667,"url":"http:\/\/catolicasmexico.com\/blog\/criminales-con-batas-practican-la-eutanasia-pasiva-de-recien-nacidos-en-francia\/","url_meta":{"origin":181,"position":2},"title":"Criminales con batas  practican la eutanasia pasiva de reci\u00e9n nacidos en Francia.","date":"6 marzo 2014","format":false,"excerpt":"Del sitio www.cqv.cq.ca original del sitio www.actusoins.com del 06 de marzo de 2014 traducci\u00f3n y edici\u00f3n libre www.catolicas mexico.com las diferentes maneras de matar de hambre a los beb\u00e9s son explicadas: (...) El segundo modelo es mucho m\u00e1s activo. El equipo detiene todo cuidado, nutrici\u00f3n e hidrataci\u00f3n, pero acompa\u00f1a al\u2026","rel":"","context":"En \u00abEutanasia\u00bb","img":{"alt_text":"","src":"","width":0,"height":0},"classes":[]},{"id":2937,"url":"http:\/\/catolicasmexico.com\/blog\/en-quebec-paso-el-proyecto-de-ley-para-legalizar-la-eutanasia-el-colectivo-de-medicos-ira-a-la-corte-superior\/","url_meta":{"origin":181,"position":3},"title":"En Quebec pas\u00f3 el proyecto de ley para legalizar la eutanasia, el colectivo de m\u00e9dicos ir\u00e1 a la Corte Superior.","date":"23 mayo 2014","format":false,"excerpt":"Del sitio www.cqv.cq.ca traducci\u00f3n y edici\u00f3n libre www.catolicas mexico.com(...)el colectivo de m\u00e9dicos contra la eutanasia y la red de ciudadanos vivir con dignidad est\u00e1n cuestionando la validez de la Ley 52 en la asistencia m\u00e9dica para morir, consider\u00e1ndola inconstitucional. Las dos organizaciones dijeron este jueves estar listos para enfrentarla ,la\u2026","rel":"","context":"En \u00abCanada.\u00bb","img":{"alt_text":"","src":"https:\/\/i0.wp.com\/catolicasmexico.com\/blog\/wp-content\/uploads\/2014\/05\/20140523-151928.jpg?resize=350%2C200","width":350,"height":200},"classes":[]},{"id":653,"url":"http:\/\/catolicasmexico.com\/blog\/hospital-de-toronto-para-los-ninos-enfermos-deshidrata-a-los-ninos-con-discapacidad-basandose-en-su-calidad-de-vida\/","url_meta":{"origin":181,"position":4},"title":"Hospital de Toronto para los ni\u00f1os enfermos, deshidrata ,a los ni\u00f1os con discapacidad bas\u00e1ndose en su calidad de vida","date":"2 junio 2013","format":false,"excerpt":"POR ALEX SCHADENBERG Traducci\u00f3n y edici\u00f3n. Alejandro P. www.catolicasmexico.com Jue, 30 de mayo de 2013 18:52 TORONTO, 30 de mayo de 2013 (Alex Schadenberg) - Un estudio intitulado: Las Percepciones Parentales del cese de la nutrici\u00f3n Artificial e Hidrataci\u00f3n (FANH) al final de la vida fue publicado en la revista\u2026","rel":"","context":"En \u00abEutanasia\u00bb","img":{"alt_text":"","src":"","width":0,"height":0},"classes":[]},{"id":2966,"url":"http:\/\/catolicasmexico.com\/blog\/arzobispo-de-montreal-exhorta-a-pronunciarse-contra-la-ley-que-aprobara-la-eutanasia\/","url_meta":{"origin":181,"position":5},"title":"Arzobispo de Montreal exhorta a pronunciarse contra la ley que aprobar\u00e1 la eutanasia.","date":"29 mayo 2014","format":false,"excerpt":"En el sitio web de la di\u00f3cesis de Montreal del 28 de mayo de 2014: Del sitio www.cqv.cq.ca original del sitio Di\u00f3cesis de Montreal traducci\u00f3n y edici\u00f3n libre www.catolicas mexico.com Llamado del arzobispo de Montreal, obispo Christian L\u00e9pine, a negarse al Bill 52 (eutanasia) Una cuesti\u00f3n de vida o muerte:\u2026","rel":"","context":"En \u00abCanada.\u00bb","img":{"alt_text":"","src":"https:\/\/i2.wp.com\/catolicasmexico.com\/blog\/wp-content\/uploads\/2014\/05\/20140529-110806.jpg?resize=350%2C200","width":350,"height":200},"classes":[]}],"jetpack_likes_enabled":false,"jetpack_sharing_enabled":true,"_links":{"self":[{"href":"http:\/\/catolicasmexico.com\/blog\/wp-json\/wp\/v2\/posts\/181"}],"collection":[{"href":"http:\/\/catolicasmexico.com\/blog\/wp-json\/wp\/v2\/posts"}],"about":[{"href":"http:\/\/catolicasmexico.com\/blog\/wp-json\/wp\/v2\/types\/post"}],"author":[{"embeddable":true,"href":"http:\/\/catolicasmexico.com\/blog\/wp-json\/wp\/v2\/users\/2"}],"replies":[{"embeddable":true,"href":"http:\/\/catolicasmexico.com\/blog\/wp-json\/wp\/v2\/comments?post=181"}],"version-history":[{"count":1,"href":"http:\/\/catolicasmexico.com\/blog\/wp-json\/wp\/v2\/posts\/181\/revisions"}],"predecessor-version":[{"id":183,"href":"http:\/\/catolicasmexico.com\/blog\/wp-json\/wp\/v2\/posts\/181\/revisions\/183"}],"wp:featuredmedia":[{"embeddable":true,"href":"http:\/\/catolicasmexico.com\/blog\/wp-json\/wp\/v2\/media\/182"}],"wp:attachment":[{"href":"http:\/\/catolicasmexico.com\/blog\/wp-json\/wp\/v2\/media?parent=181"}],"wp:term":[{"taxonomy":"category","embeddable":true,"href":"http:\/\/catolicasmexico.com\/blog\/wp-json\/wp\/v2\/categories?post=181"},{"taxonomy":"post_tag","embeddable":true,"href":"http:\/\/catolicasmexico.com\/blog\/wp-json\/wp\/v2\/tags?post=181"}],"curies":[{"name":"wp","href":"https:\/\/api.w.org\/{rel}","templated":true}]}}