{"id":177,"date":"2013-05-08T07:30:01","date_gmt":"2013-05-08T12:30:01","guid":{"rendered":"http:\/\/catolicasmexico.com\/blog\/?p=177"},"modified":"2013-05-07T19:26:21","modified_gmt":"2013-05-08T00:26:21","slug":"argentina-apoyan-a-obispo-que-defiende-vida-de-joven-con-inconsciencia-permanente","status":"publish","type":"post","link":"http:\/\/catolicasmexico.com\/blog\/argentina-apoyan-a-obispo-que-defiende-vida-de-joven-con-inconsciencia-permanente\/","title":{"rendered":"Argentina: Apoyan a Obispo que defiende vida de joven con inconsciencia permanente"},"content":{"rendered":"<p>&nbsp;<\/p>\n<p><a href=\"http:\/\/catolicasmexico.com\/blog\/wp-content\/uploads\/2013\/05\/image-2.jpeg\"><img data-attachment-id=\"178\" data-permalink=\"http:\/\/catolicasmexico.com\/blog\/argentina-apoyan-a-obispo-que-defiende-vida-de-joven-con-inconsciencia-permanente\/image-2-2\/\" data-orig-file=\"http:\/\/catolicasmexico.com\/blog\/wp-content\/uploads\/2013\/05\/image-2.jpeg\" data-orig-size=\"500,340\" data-comments-opened=\"1\" data-image-meta=\"{&quot;aperture&quot;:&quot;0&quot;,&quot;credit&quot;:&quot;&quot;,&quot;camera&quot;:&quot;&quot;,&quot;caption&quot;:&quot;&quot;,&quot;created_timestamp&quot;:&quot;0&quot;,&quot;copyright&quot;:&quot;&quot;,&quot;focal_length&quot;:&quot;0&quot;,&quot;iso&quot;:&quot;0&quot;,&quot;shutter_speed&quot;:&quot;0&quot;,&quot;title&quot;:&quot;&quot;,&quot;orientation&quot;:&quot;0&quot;}\" data-image-title=\"image (2)\" data-image-description=\"\" data-medium-file=\"http:\/\/catolicasmexico.com\/blog\/wp-content\/uploads\/2013\/05\/image-2-300x204.jpeg\" data-large-file=\"http:\/\/catolicasmexico.com\/blog\/wp-content\/uploads\/2013\/05\/image-2.jpeg\" class=\"alignnone size-medium wp-image-178\" title=\"image (2)\" src=\"http:\/\/catolicasmexico.com\/blog\/wp-content\/uploads\/2013\/05\/image-2-300x204.jpg\" alt=\"\" width=\"300\" height=\"204\" srcset=\"http:\/\/catolicasmexico.com\/blog\/wp-content\/uploads\/2013\/05\/image-2-300x204.jpg 300w, http:\/\/catolicasmexico.com\/blog\/wp-content\/uploads\/2013\/05\/image-2-150x150.jpeg 150w\" sizes=\"100vw\" \/> <\/a><\/p>\n<p>BUENOS AIRES, 07 May. 13 \/ 03:45 pm (<a href=\"http:\/\/www.aciprensa.com\/\" target=\"_blank\"><strong>ACI\/EWTN Noticias<\/strong><\/a>).- El director de la plataforma pro-<a href=\"http:\/\/www.aciprensa.com\/vida\" target=\"_blank\">vida<\/a>\u00a0argentina Para Hacerse O\u00edr-Hablemos Claro, Martin Viano, invit\u00f3 a enviar un mensaje de apoyo al Obispo de Neuqu\u00e9n, Mons. Virginio Bressanelli, quien defendi\u00f3 el derecho a la vida del joven Marcelo Diez, quien se encuentra en estado de inconsciencia permanente desde hace 19 a\u00f1os.<\/p>\n<p>Mons. Bressanelli pidi\u00f3 recientemente a la\u00a0<a href=\"http:\/\/www.aciprensa.com\/Familia\/index.html\" target=\"_blank\">familia<\/a>\u00a0de Diez que \u00abconf\u00eden a la<a href=\"http:\/\/www.aciprensa.com\/iglesia\/index.html\" target=\"_blank\">Iglesia<\/a>\u00bb y al centro asistencial Lucha Neuquina contra el C\u00e1ncer (LUNCEC), donde es atendido actualmente, el cuidado del joven, \u00abhasta que su curso en esta tierra se cierre naturalmente\u00bb.<\/p>\n<p>El Obispo de Neuqu\u00e9n hizo este pedido luego de que el Tribunal Superior de Justicia de Neuqu\u00e9n dejara a la decisi\u00f3n de las hermanas de Marcelo Diez la posibilidad de suspender todas las medidas de sost\u00e9n vital que actualmente recibe el joven, caus\u00e1ndole la muerte con grandes sufrimientos.<\/p>\n<p>En una carta remitida a los integrantes y suscriptores de la plataforma, Martin Viano calific\u00f3 de \u00abgeneroso ofrecimiento\u00bb el realizado por el Obispo de Neuqu\u00e9n.<\/p>\n<p>El director de Para Hacerse O\u00edr-Hablemos Claro se\u00f1al\u00f3 que ellos ya mandaro una carta, en la que le desearon al Prelado \u00abpor la intercesi\u00f3n de la Virgen de Luj\u00e1n, Reina y Patrona de la Argentina, \u00e9xito en su gesti\u00f3n y abundantes bendiciones para Marcelo y sus familiares\u00bb.<\/p>\n<p>Viano sugiri\u00f3 enviar tambi\u00e9n una misiva de apoyo a Mons. Bressanelli \u00abpara fortalecer la defensa de la vida humana, en conformidad a las ense\u00f1anzas del Magisterio de la Iglesia sobre la vida desde la concepci\u00f3n hasta la muerte y la gravedad\u00a0<a href=\"http:\/\/www.aciprensa.com\/moral\/index.html\" target=\"_blank\">moral<\/a>\u00a0de la\u00a0<a href=\"http:\/\/www.aciprensa.com\/eutanasia\/index.html\" target=\"_blank\">eutanasia<\/a>\u00ab.<\/p>\n<p>Para enviar la carta de apoyo al Obispo de Neuqu\u00e9n, puede ingresar a:<a href=\"http:\/\/www.hacerseoir.org\/peticiones.php?id=28\" target=\"_blank\">http:\/\/www.hacerseoir.org\/<wbr>peticiones.php?id=28<\/wbr><\/a><\/p>\n","protected":false},"excerpt":{"rendered":"<p>&nbsp; BUENOS AIRES, 07 May. 13 \/ 03:45 pm (ACI\/EWTN Noticias).- El director de la plataforma pro-vida\u00a0argentina Para Hacerse O\u00edr-Hablemos Claro, Martin Viano, invit\u00f3 a enviar un mensaje de apoyo al Obispo de Neuqu\u00e9n, Mons. Virginio Bressanelli, quien defendi\u00f3 el derecho a la vida del joven Marcelo Diez, quien se encuentra en estado de inconsciencia [&hellip;]<\/p>\n","protected":false},"author":2,"featured_media":178,"comment_status":"open","ping_status":"open","sticky":false,"template":"","format":"standard","meta":{"spay_email":"","jetpack_publicize_message":"","jetpack_is_tweetstorm":false},"categories":[10,13],"tags":[],"aioseo_notices":[],"jetpack_featured_media_url":"http:\/\/catolicasmexico.com\/blog\/wp-content\/uploads\/2013\/05\/image-2.jpeg","jetpack_publicize_connections":[],"jetpack_shortlink":"https:\/\/wp.me\/p3B5XH-2R","jetpack-related-posts":[{"id":785,"url":"http:\/\/catolicasmexico.com\/blog\/obispo-resalta-coraje-de-madre-catolica-asesinada-por-joven-gay-en-eeuu\/","url_meta":{"origin":177,"position":0},"title":"Obispo resalta coraje de madre cat\u00f3lica asesinada por joven gay en EEUU","date":"10 junio 2013","format":false,"excerpt":"PHOENIX, 07 Jun. 13 \/ 08:14 pm (ACI\/EWTN Noticias).- Mons. John Paprocki, Obispo de Springfield en Estados Unidos, record\u00f3 el testimonio de una madre de familia que fue asesinada por un joven gay en el a\u00f1o 2002, y explic\u00f3Obispo resalta coraje de madre cat\u00f3lica asesinada por joven gay en EEUU\u2026","rel":"","context":"En \u00abFamilia\u00bb","img":{"alt_text":"","src":"","width":0,"height":0},"classes":[]},{"id":449,"url":"http:\/\/catolicasmexico.com\/blog\/lanzan-campana-para-liberar-al-obispo-de-shanghai-en-china\/","url_meta":{"origin":177,"position":1},"title":"Lanzan campa\u00f1a para liberar al Obispo de Shanghai en China","date":"23 mayo 2013","format":false,"excerpt":"MADRID, 22 May. 13 \/ 11:38 am (ACI\/Europa Press).- La asociaci\u00f3n Enraizados y el Observatorio para la Libertad Religiosa y de Conciencia han lanzado una campa\u00f1a para pedir la liberaci\u00f3n del Obispo cat\u00f3lico chino Mons. Tadeo Ma Daqin que fue recluido hace diez meses, al d\u00eda siguiente de ser ordenado\u2026","rel":"","context":"En \u00abFe\u00bb","img":{"alt_text":"","src":"https:\/\/i1.wp.com\/catolicasmexico.com\/blog\/wp-content\/uploads\/2013\/05\/image-34.jpeg?resize=350%2C200","width":350,"height":200},"classes":[]},{"id":524,"url":"http:\/\/catolicasmexico.com\/blog\/espana-joven-sacerdote-gana-concurso-de-videos-pro-vida\/","url_meta":{"origin":177,"position":2},"title":"Espa\u00f1a: Joven sacerdote gana concurso de videos pro-vida","date":"27 mayo 2013","format":false,"excerpt":"\u00a0 El joven Borja Uriarte Corral ha obtenido el primer premio del concurso de la Conferencia Episcopal Espa\u00f1ola 'Este soy yo', lanzado en el marco de la campa\u00f1a de la Jornada por la vida 2013, por un v\u00eddeo en el que cuenta qui\u00e9n es, desde que estaba en el vientre\u2026","rel":"","context":"En \u00abAborto\u00bb","img":{"alt_text":"","src":"","width":0,"height":0},"classes":[]},{"id":1729,"url":"http:\/\/catolicasmexico.com\/blog\/que-mexico-viva-magno-evento-provida-en-queretaro\/","url_meta":{"origin":177,"position":3},"title":"\u00a1Que M\u00e9xico...Viva! Magno evento provida en Quer\u00e9taro","date":"30 agosto 2013","format":false,"excerpt":"1. Habr\u00e1 venta de alimentos y se recomienda llevar sombrilla para el sol y agua para hidratarse 2. Las puertas del estadio abrir\u00e1n desde las 6:00 am 3. EL EVENTO NO TIENE BOLETOS Y ES GRATUITO 4. Marino Restrepo y el Padre Luis de Moya participan en formato video, todas\u2026","rel":"","context":"En \u00abAborto\u00bb","img":{"alt_text":"","src":"https:\/\/i2.wp.com\/catolicasmexico.com\/blog\/wp-content\/uploads\/2013\/08\/20130830-1248581.jpg?resize=350%2C200","width":350,"height":200},"classes":[]},{"id":184,"url":"http:\/\/catolicasmexico.com\/blog\/padre-asesinado-en-barranquilla\/","url_meta":{"origin":177,"position":4},"title":"Padre asesinado en barranquilla.","date":"8 mayo 2013","format":false,"excerpt":"BOGOT\u00c1, 07 May. 13 \/ 04:05 pm (ACI\/EWTN Noticias).- La Conferencia Episcopal de Colombia (CEC) lament\u00f3 el \"atroz\" asesinato del P. Jos\u00e9 Antonio Valle Bayona, que recibi\u00f3 17 pu\u00f1aladas -la mayor\u00eda en la cara y el cuello- y cuyo cuerpo fue encontrado en una acequia en una zona rural de\u2026","rel":"","context":"En \u00abIglesia cat\u00f3lica\u00bb","img":{"alt_text":"","src":"https:\/\/i2.wp.com\/catolicasmexico.com\/blog\/wp-content\/uploads\/2013\/05\/image-4.jpeg?resize=350%2C200","width":350,"height":200},"classes":[]},{"id":2746,"url":"http:\/\/catolicasmexico.com\/blog\/demanda-contra-obispo-de-malaga-responderia-a-voluntad-de-mantener-popularidad-en-el-caso-de-nino-transexual\/","url_meta":{"origin":177,"position":5},"title":"Demanda contra Obispo de M\u00e1laga responder\u00eda a voluntad de mantener popularidad en el caso de \u201cni\u00f1o transexual\u201d","date":"19 marzo 2014","format":false,"excerpt":"Mons. Jes\u00fas Catal\u00e1. Foto: Sitio web diocesismalaga.es MADRID, 19 Mar. 14 \/ 06:17 am (ACI\/EWTN Noticias).- La familia del ni\u00f1o de seis a\u00f1os \u201cque se siente ni\u00f1a\u201d present\u00f3 el viernes una \u201cdemanda de conciliaci\u00f3n\u201d, paso previo a la \u201cquerella\u201d contra la directora del colegio San Patricio y contra el Obispo\u2026","rel":"","context":"En \u00abataques contra la Iglesia Catolica\u00bb","img":{"alt_text":"","src":"https:\/\/i0.wp.com\/catolicasmexico.com\/blog\/wp-content\/uploads\/2014\/03\/20140319-115445.jpg?resize=350%2C200","width":350,"height":200},"classes":[]}],"jetpack_likes_enabled":false,"jetpack_sharing_enabled":true,"_links":{"self":[{"href":"http:\/\/catolicasmexico.com\/blog\/wp-json\/wp\/v2\/posts\/177"}],"collection":[{"href":"http:\/\/catolicasmexico.com\/blog\/wp-json\/wp\/v2\/posts"}],"about":[{"href":"http:\/\/catolicasmexico.com\/blog\/wp-json\/wp\/v2\/types\/post"}],"author":[{"embeddable":true,"href":"http:\/\/catolicasmexico.com\/blog\/wp-json\/wp\/v2\/users\/2"}],"replies":[{"embeddable":true,"href":"http:\/\/catolicasmexico.com\/blog\/wp-json\/wp\/v2\/comments?post=177"}],"version-history":[{"count":2,"href":"http:\/\/catolicasmexico.com\/blog\/wp-json\/wp\/v2\/posts\/177\/revisions"}],"predecessor-version":[{"id":180,"href":"http:\/\/catolicasmexico.com\/blog\/wp-json\/wp\/v2\/posts\/177\/revisions\/180"}],"wp:featuredmedia":[{"embeddable":true,"href":"http:\/\/catolicasmexico.com\/blog\/wp-json\/wp\/v2\/media\/178"}],"wp:attachment":[{"href":"http:\/\/catolicasmexico.com\/blog\/wp-json\/wp\/v2\/media?parent=177"}],"wp:term":[{"taxonomy":"category","embeddable":true,"href":"http:\/\/catolicasmexico.com\/blog\/wp-json\/wp\/v2\/categories?post=177"},{"taxonomy":"post_tag","embeddable":true,"href":"http:\/\/catolicasmexico.com\/blog\/wp-json\/wp\/v2\/tags?post=177"}],"curies":[{"name":"wp","href":"https:\/\/api.w.org\/{rel}","templated":true}]}}