{"id":1749,"date":"2013-09-04T11:47:15","date_gmt":"2013-09-04T16:47:15","guid":{"rendered":"http:\/\/catolicasmexico.com\/blog\/?p=1749"},"modified":"2013-09-04T11:47:15","modified_gmt":"2013-09-04T16:47:15","slug":"terrorifico-en-espana-se-financia-evento-satanico","status":"publish","type":"post","link":"http:\/\/catolicasmexico.com\/blog\/terrorifico-en-espana-se-financia-evento-satanico\/","title":{"rendered":"Terror\u00edfico, en Espa\u00f1a se financia evento sat\u00e1nico."},"content":{"rendered":"<p><a href=\"http:\/\/catolicasmexico.com\/blog\/wp-content\/uploads\/2013\/09\/20130904-125122.jpg\"><img src=\"http:\/\/catolicasmexico.com\/blog\/wp-content\/uploads\/2013\/09\/20130904-125122.jpg\" alt=\"20130904-125122.jpg\" class=\"alignnone size-full\"  \/> <\/a><\/p>\n<p>Original de Agencialavoz.<br \/>\nEdici\u00f3n www.catolicasmexico.com<\/p>\n<p>ESPA\u00d1A.-(AGENCIALAVOZ) No hay nada nuevo bajo el sol. Ya lo dec\u00eda Chesterton \u00abcuando se deja de creer en Dios, enseguida se cree en cualquier cosa\u00bb. Y as\u00ed sucede en Cervera, una localidad de la provincia de L\u00e9rida (Catalu\u00f1a) que organizar cada  a\u00f1o el conocido evento \u00abAquelarre de Cervera\u00bb, una fiesta popular en defensa de las brujas, quiromantes, echadores de cartas y todo lo que acompa\u00f1a al mundo esot\u00e9rico.<br \/>\n(&#8230;)M\u00e1s de 20.000 personas acudieron \u00aba la fiesta\u00bb el pasado fin de semana (30 y 31 de agosto, y 1 de septiembre) la mitad que el a\u00f1o pasado, con una financiaci\u00f3n p\u00fablica por parte del consistorio de 170.000 euros. <\/p>\n<p>El Ayuntamiento ha precisado que ese dinero de los contribuyentes se justifica de sobra ya que \u00abun estudio encargado por la Generalitat, se\u00f1ala que el impacto econ\u00f3mico que deja el Aquelarre en la ciudad supera los 700.000 euros\u00bb. <\/p>\n<p> (&#8230;)<br \/>\nS\u00edlvia Pons, directora art\u00edstica del evento, se\u00f1ala que \u201cel objetivo es continuar con la esencia que ha consolidado la fiesta, pero adapt\u00e1ndola a la representaci\u00f3n de las brujas al siglo XXI\u201d. La nvocaci\u00f3n al Macho Cabr\u00edo durante todo el fin de semana el olor a azufre, la p\u00f3lvora y el fuego ha impregnado la atm\u00f3sfera del pueblo de la Segarra. <\/p>\n<p>El zenit de este evento esot\u00e9rico se produjo el s\u00e1bado por la noche con la corrida del Macho Cabr\u00edo, el demonio protagonista del Aquelarre. Las brujas y los diablos mostraban su adoraci\u00f3n al demonio, desfilando por las calles de la ciudad entre el griterio de la gente. En el acto central de la representaci\u00f3n, a eso de las tres de la madrugada, el Macho Cabr\u00edo, protagonista de la fiesta, saca un enorme falo, y ayudado por las brujas lanza a la multitud espuma que representa el esperma del demonio.<\/p>\n<p>\u00abAkerralets\u00bb para los ni\u00f1os.<br \/>\nLos responsables del Aquelarre de Cervera tambi\u00e9n han pensado en los ni\u00f1os y para ello han organizado unos \u00abakerralets\u00bb (aquelarre para los m\u00e1s peque\u00f1os) con la idea de ir iniciando a los infantes en el mundo de la magia y el esoterismo.<\/p>\n<p>(&#8230;)<\/p>\n<p>Los diablos del infierno se van a Cervera&#8230;El Consistorio leridano intensific\u00f3 la promoci\u00f3n del Aquelarre con la presentaci\u00f3n de una canci\u00f3n sobre la fiesta, interpretada por el grupo de ska Kayo Malayo. <\/p>\n<p>Adem\u00e1s, fue contratado la realizaci\u00f3n de un videoclip, en el que se narra como los diablos del infierno se van de vacaciones y se reencuentran en el Aquelarre de Cervera.<\/p>\n","protected":false},"excerpt":{"rendered":"<p>Original de Agencialavoz. Edici\u00f3n www.catolicasmexico.com ESPA\u00d1A.-(AGENCIALAVOZ) No hay nada nuevo bajo el sol. Ya lo dec\u00eda Chesterton \u00abcuando se deja de creer en Dios, enseguida se cree en cualquier cosa\u00bb. Y as\u00ed sucede en Cervera, una localidad de la provincia de L\u00e9rida (Catalu\u00f1a) que organizar cada a\u00f1o el conocido evento \u00abAquelarre de Cervera\u00bb, una fiesta [&hellip;]<\/p>\n","protected":false},"author":2,"featured_media":1748,"comment_status":"open","ping_status":"open","sticky":false,"template":"","format":"standard","meta":{"spay_email":"","jetpack_publicize_message":"","jetpack_is_tweetstorm":false},"categories":[63],"tags":[152,728,154,155,153],"aioseo_notices":[],"jetpack_featured_media_url":"http:\/\/catolicasmexico.com\/blog\/wp-content\/uploads\/2013\/09\/20130904-125122.jpg","jetpack_publicize_connections":[],"jetpack_shortlink":"https:\/\/wp.me\/p3B5XH-sd","jetpack-related-posts":[{"id":1708,"url":"http:\/\/catolicasmexico.com\/blog\/el-felgtb-amenaza-con-demandar-al-presidente-de-ciprofam-internacional-por-respaldar-a-rusia\/","url_meta":{"origin":1749,"position":0},"title":"El Felgtb amenaza con demandar al presidente de Ciprofam Internacional por respaldar a Rusia.","date":"28 agosto 2013","format":false,"excerpt":"Pastor Jose Linares Cer\u00f3n presidente de Ciprofam Internacional. Comentario www.catolicasmexico.com Noticia AgenciaLaVoz. (Como es costumbre este grupo de personas que pregonan la tolerancia, son los primeros en ser intransigentes, intolerantes y hasta violentos, cuando existimos personas que pensamos diferente, Es un hecho que con la ayuda de diferentes organismos y\u2026","rel":"","context":"En \u00abEspa\u00f1a\u00bb","img":{"alt_text":"","src":"","width":0,"height":0},"classes":[]},{"id":2475,"url":"http:\/\/catolicasmexico.com\/blog\/el-partido-abortista-psoe-combatira-la-reforma-del-aborto-por-tierra-mar-y-aire\/","url_meta":{"origin":1749,"position":1},"title":"El PARTIDO ABORTISTA PSOE combatir\u00e1 la reforma del aborto \"por tierra, mar y aire\"","date":"28 enero 2014","format":false,"excerpt":"ESPA\u00d1A-.(AGENCIALAVOZ) El PSOE anunci\u00f3 hoy una ofensiva contra la reforma de la ley del aborto del Gobierno \"por tierra, mar y aire\", fueron las palabras del portavoz \u00d3scar L\u00f3pez, que compareci\u00f3 en rueda de prensa en compa\u00f1\u00eda de la secretaria de Igualdad, Purificaci\u00f3n Causapi\u00e9. Causapi\u00e9 pidi\u00f3 que se retire la\u2026","rel":"","context":"En \u00abAborto\u00bb","img":{"alt_text":"","src":"https:\/\/i0.wp.com\/catolicasmexico.com\/blog\/wp-content\/uploads\/2014\/01\/20140128-125011.jpg?resize=350%2C200","width":350,"height":200},"classes":[]},{"id":2240,"url":"http:\/\/catolicasmexico.com\/blog\/en-espana-el-psoe-se-compromete-a-volver-a-legislar-a-favor-del-aborto-libre\/","url_meta":{"origin":1749,"position":2},"title":"En Espa\u00f1a el PSOE se compromete a volver a legislar a favor del aborto libre.","date":"16 diciembre 2013","format":false,"excerpt":"ESPA\u00d1A-.(AGENCIALAVOZ) La vicesecretaria general del PSOE, Elena Valenciano, se comprometi\u00f3 este jueves con la Asociaci\u00f3n de Cl\u00ednicas Acreditadas para la Interrupci\u00f3n Voluntaria del Embarazo (ACAI) -es decir, para acabar con la vida de los no nacidos- a buscar un acuerdo parlamentario entre los grupos de la oposici\u00f3n para derogar la\u2026","rel":"","context":"En \u00abAborto\u00bb","img":{"alt_text":"","src":"","width":0,"height":0},"classes":[]},{"id":1841,"url":"http:\/\/catolicasmexico.com\/blog\/rusia-bloquea-adopciones-a-parejas-gays-en-espana\/","url_meta":{"origin":1749,"position":3},"title":"Rusia bloquea adopciones a parejas gays en Espa\u00f1a","date":"17 septiembre 2013","format":false,"excerpt":"ESPA\u00d1A-.(AGENCIALAVOZ) Como consecuencia de las ley que proh\u00edbe la adopci\u00f3n de ni\u00f1os rusos por parte de parejas extranjeras, Rusia ha bloqueado el proceso de adopci\u00f3n para parejas gays en Espa\u00f1a. Rusia ha paralizado las adopciones de familias espa\u00f1olas a causa de un cambio legislativo que impide que las parejas gays\u2026","rel":"","context":"En \u00abHomosexualidad\u00bb","img":{"alt_text":"","src":"","width":0,"height":0},"classes":[]},{"id":1125,"url":"http:\/\/catolicasmexico.com\/blog\/mientras-la-vieja-europa-celebra-el-dia-del-orgullo-gay-rusia-festeja-el-dia-de-la-familia-el-amor-y-la-fidelidad\/","url_meta":{"origin":1749,"position":4},"title":"Mientras la vieja Europa celebra el D\u00eda del Orgullo Gay, Rusia festeja el D\u00eda de la Familia, el Amor y la Fidelidad.","date":"8 julio 2013","format":false,"excerpt":"Art\u00edculo de alertadigital VR.- En Rusia comienzan hoy las actividades festivas por el D\u00eda Nacional de la Familia, el Amor y la Fidelidad. Tradicionalmente, esta fiesta, que se celebra a escala nacional desde 2008, coincide en el calendario ortodoxo con el D\u00eda de San Pedro y Santa Fevronia: el 8\u2026","rel":"","context":"En \u00abFamilia\u00bb","img":{"alt_text":"","src":"","width":0,"height":0},"classes":[]},{"id":3041,"url":"http:\/\/catolicasmexico.com\/blog\/hoy-celebramos-a-san-juan-de-san-facundosan-basil-san-cyrano-san-nabor-y-san-nazario\/","url_meta":{"origin":1749,"position":5},"title":"Hoy celebramos a San Juan de San Facundo,San Basil, San Cyrano, San Nabor y San Nazario.","date":"12 junio 2014","format":false,"excerpt":"Missel Qvotidien et Vesperal traducci\u00f3n y edici\u00f3n libre www.catolicasmexico.com informaci\u00f3n suplementaria fuente pregunta santoral. Confesor. Fiesta de tercera clase-Blanco. Naci\u00f3 en 1430 en Sn. facundo, Espa\u00f1a. Can\u00f3nigo de la catedral de Burgos, entra a la orden de los Ermitas de Sn Agustin. Es un hombre remarcable por su devoci\u00f3n al\u2026","rel":"","context":"En \u00abFe\u00bb","img":{"alt_text":"","src":"https:\/\/i2.wp.com\/catolicasmexico.com\/blog\/wp-content\/uploads\/2014\/06\/20140612-142616.jpg?resize=350%2C200","width":350,"height":200},"classes":[]}],"jetpack_likes_enabled":false,"jetpack_sharing_enabled":true,"_links":{"self":[{"href":"http:\/\/catolicasmexico.com\/blog\/wp-json\/wp\/v2\/posts\/1749"}],"collection":[{"href":"http:\/\/catolicasmexico.com\/blog\/wp-json\/wp\/v2\/posts"}],"about":[{"href":"http:\/\/catolicasmexico.com\/blog\/wp-json\/wp\/v2\/types\/post"}],"author":[{"embeddable":true,"href":"http:\/\/catolicasmexico.com\/blog\/wp-json\/wp\/v2\/users\/2"}],"replies":[{"embeddable":true,"href":"http:\/\/catolicasmexico.com\/blog\/wp-json\/wp\/v2\/comments?post=1749"}],"version-history":[{"count":1,"href":"http:\/\/catolicasmexico.com\/blog\/wp-json\/wp\/v2\/posts\/1749\/revisions"}],"predecessor-version":[{"id":1750,"href":"http:\/\/catolicasmexico.com\/blog\/wp-json\/wp\/v2\/posts\/1749\/revisions\/1750"}],"wp:featuredmedia":[{"embeddable":true,"href":"http:\/\/catolicasmexico.com\/blog\/wp-json\/wp\/v2\/media\/1748"}],"wp:attachment":[{"href":"http:\/\/catolicasmexico.com\/blog\/wp-json\/wp\/v2\/media?parent=1749"}],"wp:term":[{"taxonomy":"category","embeddable":true,"href":"http:\/\/catolicasmexico.com\/blog\/wp-json\/wp\/v2\/categories?post=1749"},{"taxonomy":"post_tag","embeddable":true,"href":"http:\/\/catolicasmexico.com\/blog\/wp-json\/wp\/v2\/tags?post=1749"}],"curies":[{"name":"wp","href":"https:\/\/api.w.org\/{rel}","templated":true}]}}