{"id":1746,"date":"2013-09-04T11:17:29","date_gmt":"2013-09-04T16:17:29","guid":{"rendered":"http:\/\/catolicasmexico.com\/blog\/?p=1746"},"modified":"2013-09-04T11:17:29","modified_gmt":"2013-09-04T16:17:29","slug":"rusia-quiere-nuevas-leyes-para-restringir-al-aborto","status":"publish","type":"post","link":"http:\/\/catolicasmexico.com\/blog\/rusia-quiere-nuevas-leyes-para-restringir-al-aborto\/","title":{"rendered":"Rusia quiere  nuevas leyes para restringir al aborto."},"content":{"rendered":"<p><a href=\"http:\/\/catolicasmexico.com\/blog\/wp-content\/uploads\/2013\/09\/20130904-121759.jpg\"><img src=\"http:\/\/catolicasmexico.com\/blog\/wp-content\/uploads\/2013\/09\/20130904-121759.jpg\" alt=\"20130904-121759.jpg\" class=\"alignnone size-full\"  \/> <\/a><\/p>\n<p>Del sitio www.cqv.cq.ca original del sitio de la voz de Rusia. 03 de septiembre de 2013.<br \/>\nTraducci\u00f3n y edici\u00f3n libre www.catolicasmexico.com<\/p>\n<p>La l\u00edder del Comit\u00e9 de la Duma Estatal de la familia prepara  las enmiendas para endurecer la ley sobre el aborto. La elegida propone regular el procedimiento del aborto, para imponer la responsabilidad administrativa  correspondiente si este se ha violado.<\/p>\n<p>El aborto es un tema de actualidad no s\u00f3lo en Rusia sino en todo el mundo. En Rusia, se ha tratado en varias ocasiones de luchar contra este mal social. Esta vez, la jefe del Comit\u00e9 de la Duma del estado Elena Mizoulina propone introducir algunas modificaciones a la legislaci\u00f3n  que prev\u00e9 multas para los m\u00e9dicos  que est\u00e9n involucrados en abortos  a pesar de las recomendaciones de la ley \u00absobre la base de la protecci\u00f3n de la salud de los ciudadanas rusas\u00bb Una declaraci\u00f3n de hace unos d\u00edas en las p\u00e1ginas del diario Izvestia indica que seg\u00fan las estad\u00edsticas, el tercer aborto en Rusia es ilegal, en el 30% de los casos, una tal intervenci\u00f3n causa problemas de salud, infertilidad e incluso la muerte.  La Legislaci\u00f3n rusa estipula que el aborto despu\u00e9s de la duod\u00e9cima semana de embarazo est\u00e1 prohibida, excepto en el caso de recomendaci\u00f3n m\u00e9dica. A menudo, las cl\u00ednicas comerciales \u00abolvidan\u00bb este hecho. (&#8230;)<\/p>\n","protected":false},"excerpt":{"rendered":"<p>Del sitio www.cqv.cq.ca original del sitio de la voz de Rusia. 03 de septiembre de 2013. Traducci\u00f3n y edici\u00f3n libre www.catolicasmexico.com La l\u00edder del Comit\u00e9 de la Duma Estatal de la familia prepara las enmiendas para endurecer la ley sobre el aborto. La elegida propone regular el procedimiento del aborto, para imponer la responsabilidad administrativa [&hellip;]<\/p>\n","protected":false},"author":2,"featured_media":1745,"comment_status":"open","ping_status":"open","sticky":false,"template":"","format":"standard","meta":{"spay_email":"","jetpack_publicize_message":"","jetpack_is_tweetstorm":false},"categories":[9,70],"tags":[718,151,150],"aioseo_notices":[],"jetpack_featured_media_url":"http:\/\/catolicasmexico.com\/blog\/wp-content\/uploads\/2013\/09\/20130904-121759.jpg","jetpack_publicize_connections":[],"jetpack_shortlink":"https:\/\/wp.me\/p3B5XH-sa","jetpack-related-posts":[{"id":2992,"url":"http:\/\/catolicasmexico.com\/blog\/rusia-los-ortodoxos-reclaman-la-prohibicion-del-aborto\/","url_meta":{"origin":1746,"position":0},"title":"Rusia: Los ortodoxos reclaman la prohibici\u00f3n del aborto.","date":"3 junio 2014","format":false,"excerpt":"Del sitio www.media-presse-info traducci\u00f3n y edici\u00f3n libre www.catolicas mexico.com El jueves pasado, en la fiesta de la ascensi\u00f3n de Jesucristo, el Departamento sinodal ruso para las obras de caridad de la iglesia ortodoxa anunci\u00f3 que los fieles hab\u00edan reunido 100.000 firmas para prohibir el aborto. \"La gente no ha solo\u2026","rel":"","context":"En \u00abAborto\u00bb","img":{"alt_text":"","src":"","width":0,"height":0},"classes":[]},{"id":2148,"url":"http:\/\/catolicasmexico.com\/blog\/putin-promulga-ley-que-prohibe-hacer-publicidad-de-clinicas-abortivas\/","url_meta":{"origin":1746,"position":1},"title":"Putin promulga ley que proh\u00edbe hacer publicidad de cl\u00ednicas abortivas","date":"28 noviembre 2013","format":false,"excerpt":"(Infocatolica)El presidente ruso, Vlad\u00edmir Putin, promulg\u00f3 hoy una ley que proh\u00edbe la publicidad del aborto en un intento de incrementar la natalidad en un pa\u00eds afectado por el alarmante envejecimiento de su poblaci\u00f3n. La nueva ley proh\u00edbe la publicidad de todos los servicios m\u00e9dicos destinados a acabar con la vida\u2026","rel":"","context":"En \u00abAborto\u00bb","img":{"alt_text":"","src":"https:\/\/i0.wp.com\/catolicasmexico.com\/blog\/wp-content\/uploads\/2013\/11\/putin2.jpg?resize=350%2C200","width":350,"height":200},"classes":[]},{"id":2030,"url":"http:\/\/catolicasmexico.com\/blog\/paises-declaran-la-no-existencia-del-derecho-al-aborto-o-a-la-homosexualidad\/","url_meta":{"origin":1746,"position":2},"title":"Pa\u00edses declaran la no existencia del derecho al aborto o a la homosexualidad","date":"6 noviembre 2013","format":false,"excerpt":"Art\u00edculo de ForumVida. Rusia, Etiop\u00eda, Polonia y otros tomaron los micr\u00f3fonos en una reuni\u00f3n (transmitida en vivo v\u00eda Internet desde la sede de la ONU) para dejar claro que el aborto y la homosexualidad no son derechos humanos internacionales. Los diplom\u00e1ticos criticaron especialmente a la oficina de derechos humanos de\u2026","rel":"","context":"En \u00abAborto\u00bb","img":{"alt_text":"","src":"https:\/\/i1.wp.com\/catolicasmexico.com\/blog\/wp-content\/uploads\/2013\/11\/20131106-180029.jpg?resize=350%2C200","width":350,"height":200},"classes":[]},{"id":1255,"url":"http:\/\/catolicasmexico.com\/blog\/texas-esta-por-adoptar-una-legislacion-que-restringe-el-aborto\/","url_meta":{"origin":1746,"position":3},"title":"Texas est\u00e1 por adoptar una legislaci\u00f3n que restringe el aborto.","date":"12 julio 2013","format":false,"excerpt":"En el sitio de Journal La Presse del 10 de julio. Traducci\u00f3n libre www.catolicasmexico.com La c\u00e1mara de representantes de Texas ha adoptado nuevas restricciones sobre el aborto, este mi\u00e9rcoles, en el segundo per\u00edodo extraordinario de sesiones. Hace poco menos de dos semanas, los republicanos en el Senado no pudieron completar\u2026","rel":"","context":"En \u00abAborto\u00bb","img":{"alt_text":"","src":"https:\/\/i2.wp.com\/catolicasmexico.com\/blog\/wp-content\/uploads\/2013\/07\/20130712-115613.jpg?resize=350%2C200","width":350,"height":200},"classes":[]},{"id":1867,"url":"http:\/\/catolicasmexico.com\/blog\/el-gobierno-frances-propone-procesar-a-los-sitios-web-pro-vida-que-proporcionan-ambigua-informacion-acerca-del-aborto-el-gobierno\/","url_meta":{"origin":1746,"position":4},"title":"El gobierno franc\u00e9s propone: Procesar a los sitios web pro-vida que proporcionan \u201cambigua\u201d informaci\u00f3n acerca del aborto: El gobierno","date":"20 septiembre 2013","format":false,"excerpt":"Del sitio Lifesitenews. Traducci\u00f3n y edici\u00f3n libre Monica Y.A. De www.catolicasmexico.com (Pronto seremos perseguidos por defender el derecho a la vida...) Paris, Francia, 17 de septiembre de 2013 (LifeSiteNews.com) - El gobierno franc\u00e9s deber\u00eda crear un sitio web oficial para ofrecer a las mujeres informaci\u00f3n \"correcta\" sobre el aborto, y\u2026","rel":"","context":"En \u00abAborto\u00bb","img":{"alt_text":"","src":"","width":0,"height":0},"classes":[]},{"id":2439,"url":"http:\/\/catolicasmexico.com\/blog\/el-nuevo-delito-en-francia-obstaculizar-el-derecho-al-aborto\/","url_meta":{"origin":1746,"position":5},"title":"El nuevo delito en Francia : \"obstaculizar el derecho al aborto\"","date":"24 enero 2014","format":false,"excerpt":"Articulo de Religi\u00f3n en Libertad. Se debate en estos momentos en Francia la que se da en llamar, en uno de esos \u201cdivertidos\u201d juegos de palabras que tanto gustan al autodenominado progresismo europeo, la \u201cLey de igualdad hombre-mujer\u201d, en la que lo mismo cabe un roto que un descos\u00edo, con\u2026","rel":"","context":"En \u00abAborto\u00bb","img":{"alt_text":"","src":"https:\/\/i0.wp.com\/catolicasmexico.com\/blog\/wp-content\/uploads\/2014\/01\/20140124-132909.jpg?resize=350%2C200","width":350,"height":200},"classes":[]}],"jetpack_likes_enabled":false,"jetpack_sharing_enabled":true,"_links":{"self":[{"href":"http:\/\/catolicasmexico.com\/blog\/wp-json\/wp\/v2\/posts\/1746"}],"collection":[{"href":"http:\/\/catolicasmexico.com\/blog\/wp-json\/wp\/v2\/posts"}],"about":[{"href":"http:\/\/catolicasmexico.com\/blog\/wp-json\/wp\/v2\/types\/post"}],"author":[{"embeddable":true,"href":"http:\/\/catolicasmexico.com\/blog\/wp-json\/wp\/v2\/users\/2"}],"replies":[{"embeddable":true,"href":"http:\/\/catolicasmexico.com\/blog\/wp-json\/wp\/v2\/comments?post=1746"}],"version-history":[{"count":1,"href":"http:\/\/catolicasmexico.com\/blog\/wp-json\/wp\/v2\/posts\/1746\/revisions"}],"predecessor-version":[{"id":1747,"href":"http:\/\/catolicasmexico.com\/blog\/wp-json\/wp\/v2\/posts\/1746\/revisions\/1747"}],"wp:featuredmedia":[{"embeddable":true,"href":"http:\/\/catolicasmexico.com\/blog\/wp-json\/wp\/v2\/media\/1745"}],"wp:attachment":[{"href":"http:\/\/catolicasmexico.com\/blog\/wp-json\/wp\/v2\/media?parent=1746"}],"wp:term":[{"taxonomy":"category","embeddable":true,"href":"http:\/\/catolicasmexico.com\/blog\/wp-json\/wp\/v2\/categories?post=1746"},{"taxonomy":"post_tag","embeddable":true,"href":"http:\/\/catolicasmexico.com\/blog\/wp-json\/wp\/v2\/tags?post=1746"}],"curies":[{"name":"wp","href":"https:\/\/api.w.org\/{rel}","templated":true}]}}