{"id":1708,"date":"2013-08-28T11:34:06","date_gmt":"2013-08-28T16:34:06","guid":{"rendered":"http:\/\/catolicasmexico.com\/blog\/?p=1708"},"modified":"2013-08-28T11:34:06","modified_gmt":"2013-08-28T16:34:06","slug":"el-felgtb-amenaza-con-demandar-al-presidente-de-ciprofam-internacional-por-respaldar-a-rusia","status":"publish","type":"post","link":"http:\/\/catolicasmexico.com\/blog\/el-felgtb-amenaza-con-demandar-al-presidente-de-ciprofam-internacional-por-respaldar-a-rusia\/","title":{"rendered":"El Felgtb amenaza con demandar al presidente de Ciprofam Internacional por respaldar a Rusia."},"content":{"rendered":"<p><a href=\"http:\/\/catolicasmexico.com\/blog\/wp-content\/uploads\/2013\/08\/20130828-121955.jpg\"><img src=\"http:\/\/catolicasmexico.com\/blog\/wp-content\/uploads\/2013\/08\/20130828-121955.jpg\" alt=\"20130828-121955.jpg\" class=\"alignnone size-full\"  \/> <\/a><\/p>\n<p>Pastor Jose Linares Cer\u00f3n presidente de Ciprofam Internacional.<br \/>\nComentario www.catolicasmexico.com<br \/>\nNoticia AgenciaLaVoz.<br \/>\n(Como es costumbre este grupo de personas que pregonan la tolerancia, son los primeros en ser intransigentes, intolerantes y hasta violentos, cuando existimos personas que pensamos diferente, Es un hecho que con la ayuda de diferentes organismos y gobiernos tratan de instalar una polic\u00eda del pensamiento, en donde todos reflexionemos y actuemos uniformemente&#8230; Les tendremos que recordar  que  comiencen a practicar sus  propios discursos y sus palabras preferidas&#8230;\u00bbtolerancia y diversidad\u00bb)<\/p>\n<p>ESPA\u00d1A.-(AGENCIALAVOZ) La Federaci\u00f3n Estatal de Lesbianas, Gais, Transexuales y Bisexuales (Felgtb) anuncio la participaci\u00f3n en la Movilizaci\u00f3n Global que se va a celebrar con motivo de la pr\u00f3xima cumbre del G-20, denunciando ante los principales l\u00edderes mundiales la situaci\u00f3n del colectivo en Rusia. La concentraci\u00f3n tendr\u00e1 lugar el 3 septiembre en diferentes ciudades de todo el mundo.<\/p>\n<p>La organizaci\u00f3n  dijo a un medio de comunicaci\u00f3n que la organizaci\u00f3n  ultra conservadora Ciprofam Internacional  est\u00e1 financiando y respaldando movilizaciones pol\u00edticas en el orbe del mundo  para respaldar con movilizaciones a las medidas anti derechos del gobierno Ruso<\/p>\n<p>Anuncian tambi\u00e9n de iniciarle demandas a su presidente por atentar contra los derechos humanos de las minor\u00edas. Ciprofam Internacional anuncio en una nota de prensa que no teme a las demandas intolerantes, que atentan contra la libertad de expresi\u00f3n. Tambien denuncio que colectivos gay anuncian desde las redes sociales la prisi\u00f3n o muerte de su fundador y presidente el Dr. Jos\u00e9 Linares. La cual es un verdadero atentado contra la vida y los derechos humanos.<\/p>\n","protected":false},"excerpt":{"rendered":"<p>Pastor Jose Linares Cer\u00f3n presidente de Ciprofam Internacional. Comentario www.catolicasmexico.com Noticia AgenciaLaVoz. (Como es costumbre este grupo de personas que pregonan la tolerancia, son los primeros en ser intransigentes, intolerantes y hasta violentos, cuando existimos personas que pensamos diferente, Es un hecho que con la ayuda de diferentes organismos y gobiernos tratan de instalar una [&hellip;]<\/p>\n","protected":false},"author":2,"featured_media":1707,"comment_status":"open","ping_status":"open","sticky":false,"template":"","format":"standard","meta":{"spay_email":"","jetpack_publicize_message":"","jetpack_is_tweetstorm":false},"categories":[63,12,19,21],"tags":[139,728,138,140],"aioseo_notices":[],"jetpack_featured_media_url":"http:\/\/catolicasmexico.com\/blog\/wp-content\/uploads\/2013\/08\/20130828-121955.jpg","jetpack_publicize_connections":[],"jetpack_shortlink":"https:\/\/wp.me\/p3B5XH-ry","jetpack-related-posts":[{"id":2027,"url":"http:\/\/catolicasmexico.com\/blog\/ciprofam-internacional-victoria-pro-familia-el-apa-retira-como-orientacion-sexual-la-pedofilia-la-perversion-retrocede\/","url_meta":{"origin":1708,"position":0},"title":"Ciprofam Internacional: \u00a1Victoria pro familia! el APA retira como \u201corientaci\u00f3n sexual\u201d la pedofilia \u00a1La perversi\u00f3n retrocede!","date":"5 noviembre 2013","format":false,"excerpt":"EE.UU.-(AGENCIALAVOZ) Despu\u00e9s de una reacci\u00f3n de los conservadores pro familia, la American Psychiatric Association (APA) ha retirado la designaci\u00f3n de la pedofilia como una \"orientaci\u00f3n sexual\". En mayo, la APA public\u00f3 la quinta edici\u00f3n del Manual Diagn\u00f3stico y Estad\u00edstico de los Trastornos Mentales (DSM-5). En este documento, la primera nueva\u2026","rel":"","context":"En \u00abLegislaci\u00f3n\u00bb","img":{"alt_text":"","src":"https:\/\/i1.wp.com\/catolicasmexico.com\/blog\/wp-content\/uploads\/2013\/11\/20131105-1301511.jpg?resize=350%2C200","width":350,"height":200},"classes":[]},{"id":2055,"url":"http:\/\/catolicasmexico.com\/blog\/ciprofam-internacional-anuncia-que-croacia-haran-un-referendum-para-prohibir-el-matrimonio-homosexual\/","url_meta":{"origin":1708,"position":1},"title":"Ciprofam Internacional anuncia que Croacia har\u00e1n un refer\u00e9ndum para prohibir el matrimonio homosexual","date":"12 noviembre 2013","format":false,"excerpt":"ESPA\u00d1A-.(AGENCIALAVOZ) Pese a que las uniones no est\u00e1n autorizadas, grupos conservadores quieren que se incluya en la Constituci\u00f3n una menci\u00f3n expl\u00edcita sobre el tema. Militantes de derechos humanos dicen que la consulta es \"discriminatoria\". Los croatas votar\u00e1n a primeros de diciembre si permitir\u00e1n que parejas del mismo sexo puedan casarse.\u2026","rel":"","context":"En \u00abHomosexualidad\u00bb","img":{"alt_text":"","src":"https:\/\/i1.wp.com\/catolicasmexico.com\/blog\/wp-content\/uploads\/2013\/11\/20131112-1744181.jpg?resize=350%2C200","width":350,"height":200},"classes":[]},{"id":2004,"url":"http:\/\/catolicasmexico.com\/blog\/pro-familias-y-pro-vida-de-peru-organizan-caminata-masiva-de-oracion-y-ayuno-por-chile-y-mexico\/","url_meta":{"origin":1708,"position":2},"title":"Pro familias y pro-vida de Per\u00fa : organizan caminata masiva de oraci\u00f3n y ayuno por Chile y M\u00e9xico","date":"3 noviembre 2013","format":false,"excerpt":"Todo el mundo esta al corriente de que en M\u00e9xico est\u00e1 por aprobarse esta ley, salvo los propios mexicanos, tenemos que unirnos y luchar por nuestro pa\u00eds, pues son nuestros hijos los que ser\u00e1n afectados con tan abominable y abyecta ley. ESPA\u00d1A.-(AGENCIALAVOZ) El pastor Jos\u00e9 Linares Cer\u00f3n Presidente de Ciprofam\u2026","rel":"","context":"En \u00abAborto\u00bb","img":{"alt_text":"","src":"","width":0,"height":0},"classes":[]},{"id":1693,"url":"http:\/\/catolicasmexico.com\/blog\/bolivia-podria-despenalizar-el-aborto-los-pro-vida-y-pro-familias-salen-a-las-calles-en-forma-masiva\/","url_meta":{"origin":1708,"position":3},"title":"Bolivia podr\u00eda despenalizar el aborto los pro-vida y pro-familias salen a las calles en forma masiva","date":"26 agosto 2013","format":false,"excerpt":"Noticia de AGENCIALA VOZ. Edici\u00f3n www.catolicasmexico.com LA PAZ, BOLIVIA .- (AGENCIALAVOZ) Miles de personas se manifestaron el jueves en cuatro regiones de Bolivia en contra del aborto despu\u00e9s que una legisladora present\u00f3 un proyecto para su despenalizaci\u00f3n. La protesta, denominada \"En defensa de la vida\", uni\u00f3 a personas en los\u2026","rel":"","context":"En \u00abAborto\u00bb","img":{"alt_text":"","src":"https:\/\/i0.wp.com\/catolicasmexico.com\/blog\/wp-content\/uploads\/2013\/08\/20130826-121724.jpg?resize=350%2C200","width":350,"height":200},"classes":[]},{"id":1793,"url":"http:\/\/catolicasmexico.com\/blog\/los-pro-familias-daran-el-primer-paso-para-revocar-a-los-congresistas-anti-familia-anti-vida-y-corruptos\/","url_meta":{"origin":1708,"position":4},"title":"Los pro familias dar\u00e1n el primer paso para revocar a los congresistas anti familia, anti vida y corruptos","date":"9 septiembre 2013","format":false,"excerpt":"PERU.-(AGENCIALAVOZ) El reconocido Pastor Jos\u00e9 Linares Cer\u00f3n presidente del Movimiento Internacional Pro-familia inform\u00f3 desde su twiter que estar\u00e1 hoy a las 11Am en la Oficina Nacional de Procesos Electorales (ONPE) junto a Marco Tulio Guti\u00e9rrez, para recibir los planillones que consignar\u00e1n las 2 millones de firmas necesarias para promover la\u2026","rel":"","context":"En \u00abAborto\u00bb","img":{"alt_text":"","src":"https:\/\/i1.wp.com\/catolicasmexico.com\/blog\/wp-content\/uploads\/2013\/09\/20130909-174009.jpg?resize=350%2C200","width":350,"height":200},"classes":[]},{"id":2587,"url":"http:\/\/catolicasmexico.com\/blog\/mexico-ciprofam-internacional-denuncia-que-homosexuales-coahuila-podran-adoptar\/","url_meta":{"origin":1708,"position":5},"title":"M\u00e9xico: Ciprofam Internacional denuncia que homosexuales de Coahuila podr\u00e1n adoptar","date":"13 febrero 2014","format":false,"excerpt":"(...) MEXICO.-(AGENCIALAVOZ) El Congreso de Coahuila derog\u00f3 el art\u00edculo del C\u00f3digo Penal de dicha entidad mexicana en el que se proh\u00edbe expresamente la adopci\u00f3n para parejas de homosexuales. El diputado local Ricardo L\u00f3pez Campos, explic\u00f3 que entre las iniciativas presentadas por el gobierno de Coahuila, est\u00e1 el de abrir la\u2026","rel":"","context":"En \u00abLegislaci\u00f3n\u00bb","img":{"alt_text":"","src":"https:\/\/i0.wp.com\/catolicasmexico.com\/blog\/wp-content\/uploads\/2014\/02\/20140213-141416.jpg?resize=350%2C200","width":350,"height":200},"classes":[]}],"jetpack_likes_enabled":false,"jetpack_sharing_enabled":true,"_links":{"self":[{"href":"http:\/\/catolicasmexico.com\/blog\/wp-json\/wp\/v2\/posts\/1708"}],"collection":[{"href":"http:\/\/catolicasmexico.com\/blog\/wp-json\/wp\/v2\/posts"}],"about":[{"href":"http:\/\/catolicasmexico.com\/blog\/wp-json\/wp\/v2\/types\/post"}],"author":[{"embeddable":true,"href":"http:\/\/catolicasmexico.com\/blog\/wp-json\/wp\/v2\/users\/2"}],"replies":[{"embeddable":true,"href":"http:\/\/catolicasmexico.com\/blog\/wp-json\/wp\/v2\/comments?post=1708"}],"version-history":[{"count":1,"href":"http:\/\/catolicasmexico.com\/blog\/wp-json\/wp\/v2\/posts\/1708\/revisions"}],"predecessor-version":[{"id":1709,"href":"http:\/\/catolicasmexico.com\/blog\/wp-json\/wp\/v2\/posts\/1708\/revisions\/1709"}],"wp:featuredmedia":[{"embeddable":true,"href":"http:\/\/catolicasmexico.com\/blog\/wp-json\/wp\/v2\/media\/1707"}],"wp:attachment":[{"href":"http:\/\/catolicasmexico.com\/blog\/wp-json\/wp\/v2\/media?parent=1708"}],"wp:term":[{"taxonomy":"category","embeddable":true,"href":"http:\/\/catolicasmexico.com\/blog\/wp-json\/wp\/v2\/categories?post=1708"},{"taxonomy":"post_tag","embeddable":true,"href":"http:\/\/catolicasmexico.com\/blog\/wp-json\/wp\/v2\/tags?post=1708"}],"curies":[{"name":"wp","href":"https:\/\/api.w.org\/{rel}","templated":true}]}}