{"id":1703,"date":"2013-08-27T13:27:30","date_gmt":"2013-08-27T18:27:30","guid":{"rendered":"http:\/\/catolicasmexico.com\/blog\/?p=1703"},"modified":"2017-07-22T00:50:33","modified_gmt":"2017-07-22T05:50:33","slug":"los-cristeros-y-su-viril-ideal","status":"publish","type":"post","link":"http:\/\/catolicasmexico.com\/blog\/los-cristeros-y-su-viril-ideal\/","title":{"rendered":"LOS CRISTEROS Y SU VIRIL IDEAL"},"content":{"rendered":"<p><a href=\"http:\/\/catolicasmexico.com\/blog\/wp-content\/uploads\/2013\/08\/christusrex.jpg\"><img data-attachment-id=\"4667\" data-permalink=\"http:\/\/catolicasmexico.com\/blog\/los-cristeros-y-su-viril-ideal\/christusrex\/\" data-orig-file=\"http:\/\/catolicasmexico.com\/blog\/wp-content\/uploads\/2013\/08\/christusrex.jpg\" data-orig-size=\"444,727\" data-comments-opened=\"1\" data-image-meta=\"{&quot;aperture&quot;:&quot;0&quot;,&quot;credit&quot;:&quot;&quot;,&quot;camera&quot;:&quot;&quot;,&quot;caption&quot;:&quot;&quot;,&quot;created_timestamp&quot;:&quot;0&quot;,&quot;copyright&quot;:&quot;&quot;,&quot;focal_length&quot;:&quot;0&quot;,&quot;iso&quot;:&quot;0&quot;,&quot;shutter_speed&quot;:&quot;0&quot;,&quot;title&quot;:&quot;&quot;,&quot;orientation&quot;:&quot;0&quot;}\" data-image-title=\"christusrex\" data-image-description=\"\" data-medium-file=\"http:\/\/catolicasmexico.com\/blog\/wp-content\/uploads\/2013\/08\/christusrex-183x300.jpg\" data-large-file=\"http:\/\/catolicasmexico.com\/blog\/wp-content\/uploads\/2013\/08\/christusrex.jpg\" class=\"alignleft size-full wp-image-4667\" src=\"http:\/\/catolicasmexico.com\/blog\/wp-content\/uploads\/2013\/08\/christusrex.jpg\" alt=\"\" width=\"444\" height=\"727\" srcset=\"http:\/\/catolicasmexico.com\/blog\/wp-content\/uploads\/2013\/08\/christusrex.jpg 444w, http:\/\/catolicasmexico.com\/blog\/wp-content\/uploads\/2013\/08\/christusrex-183x300.jpg 300w, http:\/\/catolicasmexico.com\/blog\/wp-content\/uploads\/2013\/08\/christusrex-150x150.jpg 150w\" sizes=\"100vw\" \/> <\/a><\/p>\n<h3 id=\"aeaoofnhgocdbnbeljkmbjdmhbcokfdb-mousedown\">Art\u00edculo original de\u00a0<a href=\"http:\/\/radiocristiandad.wordpress.com\/\">http:\/\/radiocristiandad.wordpress.com<\/a>\u00a0comentario de Alejandro P. para catolicasmexico.com<\/h3>\n<h3>NECESITAMOS QUE \u00c9L REINE<\/h3>\n<div>Aqu\u00e9l por el que M\u00e9xico luch\u00f3 y muri\u00f3 hace 84 a\u00f1os. Sus enemigos los llamaron \u201cCristeros\u201d por su grito de guerra:\u00a0<strong><em>\u00a1Viva Cristo Rey!\u00a0<\/em><\/strong>Ese bendito grito que empez\u00f3 a o\u00edrse en nuestra Patria por primera vez en 1854, cuando los valientes soldados del cat\u00f3lico\u00a0General Miram\u00f3n\u00a0peleaban contra el ej\u00e9rcito liberal de J\u00faarez.<\/div>\n<div><\/div>\n<div id=\"aeaoofnhgocdbnbeljkmbjdmhbcokfdb-mousedown\">Ese grito viril de\u00a0<strong><em>\u00a1Viva Cristo Rey!<\/em><\/strong>\u00a0fue tomado por cada mexicano en 1914 , cuando se realiz\u00f3 el primer acto de\u00a0culto p\u00fablico\u00a0a Cristo Rey, con la bendici\u00f3n de San P\u00edo X. Ese fue el grito que los Cristeros, soldados de Cristo, con su martirio lo esparcieron a todo el mundo.<\/div>\n<div><\/div>\n<div>\u00bfY porqu\u00e9 luch\u00f3 y muri\u00f3 mi pueblo? Porque era necesario defender a la Religi\u00f3n Cat\u00f3lica de la masoner\u00eda que quer\u00edan quitar a Cristo de sus altares y de nuestros corazones. Ante los atentados cometidos contra la Iglesia y ante Dios contra quien se rebelaron criaturas enga\u00f1adas e hijos ingratos, con un lujo de tiran\u00eda y despotismo insoportables. La respuesta a este abuso fue:<em><strong>\u00a0\u00a1Viva Cristo Rey!<\/strong><\/em>\u00a0al luchar y al morir. El \u00faltimo aliento estaba dirigido a Aqu\u00e9l qui\u00e9n deber\u00eda de ser el Rey de nuestra Patria, de nuestros hogares, de nuestros hijos y de los siglos venideros. Esa fue su herencia. A ellos debemos que aunque martirizada subsista \u00a0en la conciencia de los mexicanos el amor a Dios, a la Sant\u00edsima Virgen de Guadalupe y a la Religi\u00f3n Cat\u00f3lica.<\/div>\n<div><\/div>\n<div>\u00bfY porqu\u00e9 no se habla de los Cristeros? Porque la historia la escriben los \u201cvencedores\u201d. Y fue la masoner\u00eda la que se impuso. \u00bfPorque permiti\u00f3 Dios que los Cristeros fueran vencidos? \u00a0No perdieron, consiguieron detener los planes anticat\u00f3licos de la masoner\u00eda y la lucha contin\u00faa de diferente forma. En vez de dar la cara, el mal ahora se esconde, ataca a traici\u00f3n; en vez de matar sacerdotes, a muchos los pasa a su bando. La ideolog\u00eda liberal sustituye a Cristo en los corazones, con los vicios, con la incitaci\u00f3n al mal, con la deformaci\u00f3n de la educaci\u00f3n. Mundo, demonio y carne hoy est\u00e1n reinando.<\/div>\n<div><\/div>\n<div><strong>Hoy m\u00e1s que nunca debemos ponernos de pie delante de las\u00a0injusticias y\u00a0oprobios\u00a0hacia la Iglesia de Dios, en un mundo relativista, alimentado por pol\u00edticas que atentan contra la naturaleza humana. Pol\u00edticas que quieren borrar toda herencia cristiana, toda consciencia moral y toda santidad en el mundo. Pidamos pues a Nuestra\u00a0Se\u00f1ora, quien combati\u00f3 al lado de los soldados de Cristo, que nos de fuerzas en el combate contra el mundo. Vence al mundo, demonio y carne<strong>\u00a0\u00a1G<\/strong>uerra,\u00a0guerra contra Lucifer!<\/strong><\/div>\n<div><\/div>\n<div>Ella dar\u00e1 la victoria y el Cielo.<\/div>\n<div>\n<h3>\u00a1Viva Cristo Rey!<\/h3>\n<\/div>\n","protected":false},"excerpt":{"rendered":"<p>Art\u00edculo original de\u00a0http:\/\/radiocristiandad.wordpress.com\u00a0comentario de Alejandro P. para catolicasmexico.com NECESITAMOS QUE \u00c9L REINE Aqu\u00e9l por el que M\u00e9xico luch\u00f3 y muri\u00f3 hace 84 a\u00f1os. Sus enemigos los llamaron \u201cCristeros\u201d por su grito de guerra:\u00a0\u00a1Viva Cristo Rey!\u00a0Ese bendito grito que empez\u00f3 a o\u00edrse en nuestra Patria por primera vez en 1854, cuando los valientes soldados del cat\u00f3lico\u00a0General [&hellip;]<\/p>\n","protected":false},"author":5,"featured_media":4667,"comment_status":"open","ping_status":"open","sticky":false,"template":"","format":"standard","meta":{"spay_email":"","jetpack_publicize_message":"","jetpack_is_tweetstorm":false},"categories":[25,13,19,57],"tags":[],"aioseo_notices":[],"jetpack_featured_media_url":"http:\/\/catolicasmexico.com\/blog\/wp-content\/uploads\/2013\/08\/christusrex.jpg","jetpack_publicize_connections":[],"jetpack_shortlink":"https:\/\/wp.me\/p3B5XH-rt","jetpack-related-posts":[{"id":3695,"url":"http:\/\/catolicasmexico.com\/blog\/gloria-a-dios-viva-cristo-rey-viva-la-santisima-virgen-de-guadalupe-2-centros-de-exterminio-prenatal-fueron-cerrados\/","url_meta":{"origin":1703,"position":0},"title":"\u00a1Gloria a Dios, Viva Cristo Rey, Viva la Sant\u00edsima Virgen de Guadalupe! 2 centros de exterminio prenatal fueron cerrados.\u00a0","date":"13 abril 2015","format":false,"excerpt":"En el sitio de 40 days for life internacional se puede leer : noticia de \u00faltimo minuto dos de las tres cl\u00ednicas de aborto en la regi\u00f3n metropolitana de m\u00e9xico city acaban de cerrar.Una de las cl\u00ednicas era l\u00edder en la rep\u00fablica Marie stopes en la colonia roma. La cl\u00ednica\u2026","rel":"","context":"En \u00ab40 D\u00edas por la vida\u00bb","img":{"alt_text":"","src":"https:\/\/i0.wp.com\/catolicasmexico.com\/blog\/wp-content\/uploads\/2015\/04\/IMG_0238.jpg?resize=350%2C200","width":350,"height":200},"classes":[]},{"id":2244,"url":"http:\/\/catolicasmexico.com\/blog\/no-olvides-mexico-la-consagracion-al-sacratisimo-corazon-de-cristo-rey\/","url_meta":{"origin":1703,"position":1},"title":"No olvides M\u00e9xico La Consagraci\u00f3n al Sacrat\u00edsimo Coraz\u00f3n de Cristo Rey.","date":"16 diciembre 2013","format":false,"excerpt":"Consagraci\u00f3n al Sacrat\u00edsimo Coraz\u00f3n de Cristo Rey Acto de proclamaci\u00f3n del Sagrado Coraz\u00f3n de Jes\u00fas como Rey de M\u00e9xico y juramento de fidelidad y vasallaje. Coraz\u00f3n Sacrat\u00edsimo del Rey pac\u00edfico: radiante de j\u00fabilo como fieles vasallos, venimos hoy a postrarnos al pie de tu trono y gozosos te proclamamos a\u2026","rel":"","context":"En \u00abFe\u00bb","img":{"alt_text":"","src":"","width":0,"height":0},"classes":[]},{"id":3034,"url":"http:\/\/catolicasmexico.com\/blog\/la-pelicula-cristeros-en-francia\/","url_meta":{"origin":1703,"position":2},"title":"La pel\u00edcula \"cristeros\" en Francia.","date":"11 junio 2014","format":false,"excerpt":"Los productores de la pel\u00edcula de los Cristeros anuncia que en la tercera semana de presentaci\u00f3n, la pel\u00edcula ha tenido m\u00e1s de 55.000 entradas. Todav\u00eda ser\u00e1 proyectada por una cuarta semana en 67 salas de cine en Francia. Despu\u00e9s de este periodo los productores proponen proyectar la pel\u00edcula en una\u2026","rel":"","context":"En \u00abataques contra la Iglesia Catolica\u00bb","img":{"alt_text":"","src":"","width":0,"height":0},"classes":[]},{"id":2963,"url":"http:\/\/catolicasmexico.com\/blog\/acto-de-proclamacion-del-sagrado-corazon-de-jesus-como-rey-de-mexico-y-juramento-de-fidelidad-y-vasallaje\/","url_meta":{"origin":1703,"position":3},"title":"Acto de proclamaci\u00f3n del Sagrado Coraz\u00f3n de Jes\u00fas como Rey de Mexico y juramento de fidelidad y vasallaje.","date":"29 mayo 2014","format":false,"excerpt":"Coraz\u00f3n Sacrat\u00edsimo del Rey pac\u00edfico: radiante de j\u00fabilo como fieles vasallos, venimos hoy a postrarnos al pie de tu trono y gozosos te proclamamos a la faz del mundo, REY INMORTAL DE LA NACI\u00d3N MEXICANA, al acatar tu Soberan\u00eda sobre todos los pueblos. Quermos coronar tu frente, \u00a1oh Cristo Rey!\u2026","rel":"","context":"En \u00abFe\u00bb","img":{"alt_text":"","src":"","width":0,"height":0},"classes":[]},{"id":1073,"url":"http:\/\/catolicasmexico.com\/blog\/las-fotos-de-la-peregrinacion-a-la-basilica-de-nuestra-senora-de-guadalupe\/","url_meta":{"origin":1703,"position":4},"title":"Las fotos de la peregrinaci\u00f3n a la Bas\u00edlica de Nuestra Se\u00f1ora de Guadalupe.","date":"4 julio 2013","format":false,"excerpt":"Las fotos fueron fueron compartidas por los organizadores del evento \"Union de voluntades\". Agradecemos, profundamente el poder constatar la fe de un pueblo profundamente cat\u00f3lico. Nos llena de orgullo, el hecho de ver que los ni\u00f1os participan entusiastas a la peregrinaci\u00f3n, felicitamos a aquellos padres que han sabido sembrar en\u2026","rel":"","context":"En \u00abFe\u00bb","img":{"alt_text":"","src":"","width":0,"height":0},"classes":[]},{"id":2416,"url":"http:\/\/catolicasmexico.com\/blog\/los-provida-40-000-los-abortistas-200-exito-mediatico-espanol-de-la-marcha-por-la-vida-en-paris-rel\/","url_meta":{"origin":1703,"position":5},"title":"Los provida, 40.000; los abortistas, 200: \u00e9xito medi\u00e1tico espa\u00f1ol de la Marcha por la Vida en Par\u00eds - ReL","date":"20 enero 2014","format":false,"excerpt":"Articulo de religi\u00f3n en libertad. La Marcha por la Vida del domingo 19 de enero en Par\u00eds (la explicamos con detalle aqu\u00ed) fue la m\u00e1s numerosa desde que se volvieron a convocar estos actos en 2005, con unos 40.000 manifestantes que salieron de la plaza Denfert-Rochereau (la polic\u00eda, despu\u00e9s de\u2026","rel":"","context":"En \u00abAborto\u00bb","img":{"alt_text":"","src":"https:\/\/i0.wp.com\/catolicasmexico.com\/blog\/wp-content\/uploads\/2014\/01\/20140120-1858201.jpg?resize=350%2C200","width":350,"height":200},"classes":[]}],"jetpack_likes_enabled":false,"jetpack_sharing_enabled":true,"_links":{"self":[{"href":"http:\/\/catolicasmexico.com\/blog\/wp-json\/wp\/v2\/posts\/1703"}],"collection":[{"href":"http:\/\/catolicasmexico.com\/blog\/wp-json\/wp\/v2\/posts"}],"about":[{"href":"http:\/\/catolicasmexico.com\/blog\/wp-json\/wp\/v2\/types\/post"}],"author":[{"embeddable":true,"href":"http:\/\/catolicasmexico.com\/blog\/wp-json\/wp\/v2\/users\/5"}],"replies":[{"embeddable":true,"href":"http:\/\/catolicasmexico.com\/blog\/wp-json\/wp\/v2\/comments?post=1703"}],"version-history":[{"count":4,"href":"http:\/\/catolicasmexico.com\/blog\/wp-json\/wp\/v2\/posts\/1703\/revisions"}],"predecessor-version":[{"id":4668,"href":"http:\/\/catolicasmexico.com\/blog\/wp-json\/wp\/v2\/posts\/1703\/revisions\/4668"}],"wp:featuredmedia":[{"embeddable":true,"href":"http:\/\/catolicasmexico.com\/blog\/wp-json\/wp\/v2\/media\/4667"}],"wp:attachment":[{"href":"http:\/\/catolicasmexico.com\/blog\/wp-json\/wp\/v2\/media?parent=1703"}],"wp:term":[{"taxonomy":"category","embeddable":true,"href":"http:\/\/catolicasmexico.com\/blog\/wp-json\/wp\/v2\/categories?post=1703"},{"taxonomy":"post_tag","embeddable":true,"href":"http:\/\/catolicasmexico.com\/blog\/wp-json\/wp\/v2\/tags?post=1703"}],"curies":[{"name":"wp","href":"https:\/\/api.w.org\/{rel}","templated":true}]}}