{"id":168,"date":"2013-05-07T13:08:04","date_gmt":"2013-05-07T18:08:04","guid":{"rendered":"http:\/\/catolicasmexico.com\/blog\/?p=168"},"modified":"2013-05-07T13:11:03","modified_gmt":"2013-05-07T18:11:03","slug":"organizan-jornada-de-quince-dias-por-la-libertad-religiosa-en-ee-uu","status":"publish","type":"post","link":"http:\/\/catolicasmexico.com\/blog\/organizan-jornada-de-quince-dias-por-la-libertad-religiosa-en-ee-uu\/","title":{"rendered":"Organizan jornada de quince d\u00edas por la libertad religiosa en EE.UU."},"content":{"rendered":"<p><a href=\"http:\/\/catolicasmexico.com\/blog\/wp-content\/uploads\/2013\/05\/image-8.jpeg\"><img data-attachment-id=\"169\" data-permalink=\"http:\/\/catolicasmexico.com\/blog\/organizan-jornada-de-quince-dias-por-la-libertad-religiosa-en-ee-uu\/image-8\/\" data-orig-file=\"http:\/\/catolicasmexico.com\/blog\/wp-content\/uploads\/2013\/05\/image-8.jpeg\" data-orig-size=\"500,340\" data-comments-opened=\"1\" data-image-meta=\"{&quot;aperture&quot;:&quot;0&quot;,&quot;credit&quot;:&quot;&quot;,&quot;camera&quot;:&quot;&quot;,&quot;caption&quot;:&quot;&quot;,&quot;created_timestamp&quot;:&quot;0&quot;,&quot;copyright&quot;:&quot;&quot;,&quot;focal_length&quot;:&quot;0&quot;,&quot;iso&quot;:&quot;0&quot;,&quot;shutter_speed&quot;:&quot;0&quot;,&quot;title&quot;:&quot;&quot;,&quot;orientation&quot;:&quot;0&quot;}\" data-image-title=\"image (8)\" data-image-description=\"\" data-medium-file=\"http:\/\/catolicasmexico.com\/blog\/wp-content\/uploads\/2013\/05\/image-8-300x204.jpeg\" data-large-file=\"http:\/\/catolicasmexico.com\/blog\/wp-content\/uploads\/2013\/05\/image-8.jpeg\" class=\" wp-image-169 alignleft\" title=\"image (8)\" src=\"http:\/\/catolicasmexico.com\/blog\/wp-content\/uploads\/2013\/05\/image-8-300x204.jpg\" alt=\"\" width=\"270\" height=\"184\" srcset=\"http:\/\/catolicasmexico.com\/blog\/wp-content\/uploads\/2013\/05\/image-8-300x204.jpg 270w, http:\/\/catolicasmexico.com\/blog\/wp-content\/uploads\/2013\/05\/image-8-150x150.jpeg 150w\" sizes=\"100vw\" \/> <\/a><\/p>\n<p>WASHINGTON D.C., 07 May. 13 \/ 06:20 am (<a href=\"http:\/\/www.aciprensa.com\/\" target=\"_blank\"><strong>ACI\/EWTN Noticias<\/strong><\/a>).- Con el fin de promover la libertad religiosa y recordar la importancia de preservar este derecho fundamental en todo el pa\u00eds, la Conferencia de Obispos Cat\u00f3licos de los Estados Unidos (USCCB por sus siglas en ingl\u00e9s) ha convocado a la segunda Quincena por la Libertad 2013.<\/p>\n<p>&nbsp;<br \/>\nA trav\u00e9s de la oraci\u00f3n, el estudio y manifestaciones p\u00fablicas pac\u00edficas, la Quincena por la Libertad se realizar\u00e1 del 21 de junio en el marco de la vigilia de las fiestas de San Juan Fisher y Santo Tom\u00e1s Moro al 4 de julio que se celebra la Independencia de Estados Unidos, seg\u00fan inform\u00f3 la USCCB a trav\u00e9s de un comunicado en su sitio web.<\/p>\n<p>Tambi\u00e9n resaltaron que durante esas fechas el calendario lit\u00fargico recuerda la memoria de m\u00e1rtires que permanecieron fieles a pesar de la persecuci\u00f3n pol\u00edtica, como San Juan Bautista,\u00a0<a href=\"http:\/\/www.aciprensa.com\/fiestas\/pedropablo\/index.html\" target=\"_blank\">San Pedro y San Pablo<\/a>.<\/p>\n<p>Esta jornada se llevar\u00e1 a cabo en medio de muchos desaf\u00edos que enfrenta la<a href=\"http:\/\/www.aciprensa.com\/iglesia\/index.html\" target=\"_blank\">Iglesia<\/a>\u00a0Cat\u00f3lica en el pa\u00eds, entre ellos, est\u00e1 la fecha l\u00edmite del 01 de agosto para las organizaciones religiosas en acatar la norma que obliga a brindar planes de salud que incluyan esterilizaciones,\u00a0<a href=\"http:\/\/www.aciprensa.com\/vida\/control.htm\" target=\"_blank\">anticoncepti<wbr>vos<\/wbr><\/a>\u00a0y f\u00e1rmacos abortivos.<\/p>\n<p>Por otro lado, est\u00e1 el posible fallo que la Corte Suprema podr\u00eda emitir en junio que incluye la redefinici\u00f3n del\u00a0<a href=\"http:\/\/www.aciprensa.com\/Familia\/matrimonio.htm\" target=\"_blank\">matrimonio<\/a>\u00a0que causar\u00eda serios problemas de libertad religiosa para las agencias de adopci\u00f3n cat\u00f3licas y para otras \u00e1reas de de sus organizaciones tales como las de inmigraci\u00f3n y servicios humanitarios.<\/p>\n<p>La USCCB pidi\u00f3 a todos los fieles que contin\u00faen en oraci\u00f3n y acci\u00f3n por la libertad religiosa y que se unan a su p\u00e1gina de la red social facebook para estar al d\u00eda con las noticias de los \u00faltimos eventos de la Jornada.<\/p>\n","protected":false},"excerpt":{"rendered":"<p>WASHINGTON D.C., 07 May. 13 \/ 06:20 am (ACI\/EWTN Noticias).- Con el fin de promover la libertad religiosa y recordar la importancia de preservar este derecho fundamental en todo el pa\u00eds, la Conferencia de Obispos Cat\u00f3licos de los Estados Unidos (USCCB por sus siglas en ingl\u00e9s) ha convocado a la segunda Quincena por la Libertad [&hellip;]<\/p>\n","protected":false},"author":2,"featured_media":169,"comment_status":"open","ping_status":"open","sticky":false,"template":"","format":"standard","meta":{"spay_email":"","jetpack_publicize_message":"","jetpack_is_tweetstorm":false},"categories":[13,19],"tags":[],"aioseo_notices":[],"jetpack_featured_media_url":"http:\/\/catolicasmexico.com\/blog\/wp-content\/uploads\/2013\/05\/image-8.jpeg","jetpack_publicize_connections":[],"jetpack_shortlink":"https:\/\/wp.me\/p3B5XH-2I","jetpack-related-posts":[{"id":322,"url":"http:\/\/catolicasmexico.com\/blog\/empresa-pionera-de-alimentos-organicos-demanda-mandato-abortista-de-obama-en-eeuu\/","url_meta":{"origin":168,"position":0},"title":"Empresa pionera de alimentos org\u00e1nicos, demanda mandato abortista de Obama en EEUU","date":"15 mayo 2013","format":false,"excerpt":"MICHIGAN, 25 Abr. 13 \/ 06:02 am (ACI\/EWTN Noticias).- Eden Foods, la empresa pionera en alimentos naturales y org\u00e1nicos de los Estados Unidos con sede en Michigan, present\u00f3 una demanda en contra del mandato abortista del Presidente Barack Omaba que obliga a las empresas a brindar planes de salud que\u2026","rel":"","context":"En \u00abContracepci\u00f3n\u00bb","img":{"alt_text":"","src":"https:\/\/i0.wp.com\/catolicasmexico.com\/blog\/wp-content\/uploads\/2013\/05\/image-18.jpeg?resize=350%2C200","width":350,"height":200},"classes":[]},{"id":1080,"url":"http:\/\/catolicasmexico.com\/blog\/continua-la-lucha-por-la-libertad-de-conciencia-en-los-estados-unidos\/","url_meta":{"origin":168,"position":1},"title":"Contin\u00faa la lucha por la libertad de conciencia en los Estados Unidos.","date":"4 julio 2013","format":false,"excerpt":"En el blog de www.cqv.qc.ca original de genethique.org Traducci\u00f3n y edici\u00f3n libre www.catolicasmexico.com El 2 de julio, cerca de 70 grupos religiosos, liderados por la Conferencia de obispos cat\u00f3licos, han publicado una carta abierta para rebelarse contra la reforma de salud del Presidente Obama en la que se estipula que\u2026","rel":"","context":"En \u00abEEUU\u00bb","img":{"alt_text":"","src":"","width":0,"height":0},"classes":[]},{"id":919,"url":"http:\/\/catolicasmexico.com\/blog\/piden-presionar-a-paises-islamicos-para-que-respeten-libertad-religiosa-de-cristianos-en-el-mundo\/","url_meta":{"origin":168,"position":2},"title":"Piden presionar a pa\u00edses isl\u00e1micos para que respeten libertad religiosa de cristianos  en el mundo.","date":"20 junio 2013","format":false,"excerpt":"M\u00c9XICO D.F., 20 Jun. 13 \/ 07:23 am (ACI\/EWTN Noticias).- El semanario Desde la Fe, de la Arquidi\u00f3cesis de M\u00e9xico (M\u00e9xico), expres\u00f3 la necesidad de una presi\u00f3n internacional para que se respete el derecho a la libertad religiosa de las minor\u00edas en los pa\u00edses isl\u00e1micos donde son v\u00edctimas de abusos,\u2026","rel":"","context":"En \u00abIglesia cat\u00f3lica\u00bb","img":{"alt_text":"","src":"","width":0,"height":0},"classes":[]},{"id":812,"url":"http:\/\/catolicasmexico.com\/blog\/convencion-pro-gay-de-oea-atenta-contra-libertad-de-expresion-advierten\/","url_meta":{"origin":168,"position":3},"title":"Convenci\u00f3n pro gay de OEA atenta contra libertad de expresi\u00f3n, advierten","date":"12 junio 2013","format":false,"excerpt":"REDACCI\u00d3N CENTRAL, 12 Jun. 13 \/ 03:48 am (ACI\/EWTN Noticias).- Neydy Casillas, asesora jur\u00eddica de la Alliance Defending Freedom (ADF), denunci\u00f3 que la abiertamente pro-gay Convenci\u00f3n Interamericana contra el Racismo y Toda Forma de Discriminaci\u00f3n e Intolerancia, aprobada en la 43\u00ba Asamblea General de la Organizaci\u00f3n de Estados Americanos (OEA),\u2026","rel":"","context":"En \u00abHomosexualidad\u00bb","img":{"alt_text":"","src":"","width":0,"height":0},"classes":[]},{"id":2777,"url":"http:\/\/catolicasmexico.com\/blog\/onu-y-oea-son-titeres-de-la-agenda-pro-gay-y-pro-aborto-denuncia-experta\/","url_meta":{"origin":168,"position":4},"title":"ONU y OEA son t\u00edteres de la agenda pro gay y pro aborto, denuncia experta","date":"27 marzo 2014","format":false,"excerpt":"Neydi Casillas. Foto: adfmedia.org ROMA, 26 Mar. 14 \/ 01:35 pm (ACI\/EWTN Noticias).- La abogada Neydi Casillas Padr\u00f3n, experta en monitoreo de organizaciones internacionales en temas de vida, libertad religiosa y familia, asegur\u00f3 que tanto la Organizaci\u00f3n de Naciones Unidas (ONU) y la Organizaci\u00f3n de los Estados Americanos (OEA), son\u2026","rel":"","context":"En \u00abAborto\u00bb","img":{"alt_text":"","src":"https:\/\/i1.wp.com\/catolicasmexico.com\/blog\/wp-content\/uploads\/2014\/03\/20140327-172131.jpg?resize=350%2C200","width":350,"height":200},"classes":[]},{"id":2111,"url":"http:\/\/catolicasmexico.com\/blog\/en-navidad-eeuu-prohibe-el-nombre-de-jesus-en-las-escuelas\/","url_meta":{"origin":168,"position":5},"title":"En navidad EEUU prohibe el nombre de Jes\u00fas en las escuelas.","date":"22 noviembre 2013","format":false,"excerpt":"Del sitio http:\/\/www.christianophobie.fr, traducci\u00f3n y edici\u00f3n libre www.catolicasmexico.com Darril Woods que vive en College Park, Georgia (Estados Unidos) y su peque\u00f1o hijo que estudia en la Main Street Academy se llevaron una gran sorpresa al leer en su libreta el recado del profesor de m\u00fasica anunciando el programa \"de festividades\"\u2026","rel":"","context":"En \u00abEEUU\u00bb","img":{"alt_text":"","src":"https:\/\/i1.wp.com\/catolicasmexico.com\/blog\/wp-content\/uploads\/2013\/11\/20131125-134804.jpg?resize=350%2C200","width":350,"height":200},"classes":[]}],"jetpack_likes_enabled":false,"jetpack_sharing_enabled":true,"_links":{"self":[{"href":"http:\/\/catolicasmexico.com\/blog\/wp-json\/wp\/v2\/posts\/168"}],"collection":[{"href":"http:\/\/catolicasmexico.com\/blog\/wp-json\/wp\/v2\/posts"}],"about":[{"href":"http:\/\/catolicasmexico.com\/blog\/wp-json\/wp\/v2\/types\/post"}],"author":[{"embeddable":true,"href":"http:\/\/catolicasmexico.com\/blog\/wp-json\/wp\/v2\/users\/2"}],"replies":[{"embeddable":true,"href":"http:\/\/catolicasmexico.com\/blog\/wp-json\/wp\/v2\/comments?post=168"}],"version-history":[{"count":4,"href":"http:\/\/catolicasmexico.com\/blog\/wp-json\/wp\/v2\/posts\/168\/revisions"}],"predecessor-version":[{"id":173,"href":"http:\/\/catolicasmexico.com\/blog\/wp-json\/wp\/v2\/posts\/168\/revisions\/173"}],"wp:featuredmedia":[{"embeddable":true,"href":"http:\/\/catolicasmexico.com\/blog\/wp-json\/wp\/v2\/media\/169"}],"wp:attachment":[{"href":"http:\/\/catolicasmexico.com\/blog\/wp-json\/wp\/v2\/media?parent=168"}],"wp:term":[{"taxonomy":"category","embeddable":true,"href":"http:\/\/catolicasmexico.com\/blog\/wp-json\/wp\/v2\/categories?post=168"},{"taxonomy":"post_tag","embeddable":true,"href":"http:\/\/catolicasmexico.com\/blog\/wp-json\/wp\/v2\/tags?post=168"}],"curies":[{"name":"wp","href":"https:\/\/api.w.org\/{rel}","templated":true}]}}