{"id":1679,"date":"2013-08-26T10:35:09","date_gmt":"2013-08-26T15:35:09","guid":{"rendered":"http:\/\/catolicasmexico.com\/blog\/?p=1679"},"modified":"2013-08-26T11:02:15","modified_gmt":"2013-08-26T16:02:15","slug":"catolicas-por-el-derecho-a-decidir-en-relidad-anticatolicas-por-el-derecho-a-matar","status":"publish","type":"post","link":"http:\/\/catolicasmexico.com\/blog\/catolicas-por-el-derecho-a-decidir-en-relidad-anticatolicas-por-el-derecho-a-matar\/","title":{"rendered":"\u00abCat\u00f3licas por el derecho a Decidir\u00bb: En relidad anticat\u00f3licas por el derecho a MATAR"},"content":{"rendered":"<p><img class=\"alignnone\" src=\"http:\/\/www.rnw.nl\/data\/files\/imagecache\/must_carry\/images\/lead\/cato.jpg\" alt=\"\" width=\"390\" height=\"198\"  \/> <\/p>\n<p>&nbsp;<\/p>\n<p>Gracias a Esteban Arce por desenmascarar a este grupo que confunde a los cat\u00f3licos:<\/p>\n<p>&nbsp;<\/p>\n<p><iframe loading=\"lazy\" src=\"\/\/www.youtube.com\/embed\/QFyWBBlnXE4\" frameborder=\"0\" width=\"560\" height=\"315\"><\/iframe><\/p>\n","protected":false},"excerpt":{"rendered":"<p>&nbsp; Gracias a Esteban Arce por desenmascarar a este grupo que confunde a los cat\u00f3licos: &nbsp;<\/p>\n","protected":false},"author":5,"featured_media":3893,"comment_status":"open","ping_status":"open","sticky":false,"template":"","format":"video","meta":{"spay_email":"","jetpack_publicize_message":"","jetpack_is_tweetstorm":false},"categories":[9,16,17,20,12,13,14,28],"tags":[],"aioseo_notices":[],"jetpack_featured_media_url":"http:\/\/catolicasmexico.com\/blog\/wp-content\/uploads\/2015\/07\/cato.jpg","jetpack_publicize_connections":[],"jetpack_shortlink":"https:\/\/wp.me\/p3B5XH-r5","jetpack-related-posts":[{"id":2226,"url":"http:\/\/catolicasmexico.com\/blog\/el-informe-estrela-sobre-el-derecho-al-aborto-es-rechazado-otra-vez-por-el-parlamento-europeo\/","url_meta":{"origin":1679,"position":0},"title":"El informe  Estrela sobre el \"derecho al aborto\" es rechazado otra vez por el Parlamento Europeo.","date":"13 diciembre 2013","format":false,"excerpt":"Del sitio www.cqv.cq.ca original del sitio www.radiovaticana.va traducci\u00f3n y edici\u00f3n libre www.catolicasmexico.com Parlamento Europeo rechaz\u00f3 el martes, 10 de diciembre, el informe Estrela sobre la \"salud y los derechos sexuales y reproductivos\". La propuesta de la diputada portuguesa socialista MEP Edite Estrela incluye el reconocimiento a nivel europeo de un\u2026","rel":"","context":"En \u00abAborto\u00bb","img":{"alt_text":"","src":"https:\/\/i1.wp.com\/catolicasmexico.com\/blog\/wp-content\/uploads\/2013\/12\/20131213-112804.jpg?resize=350%2C200","width":350,"height":200},"classes":[]},{"id":1947,"url":"http:\/\/catolicasmexico.com\/blog\/asi-es-como-nuestro-querido-papa-juan-pablo-ii-respondio-a-la-acusacion-de-su-obsesion-por-el-aborto\/","url_meta":{"origin":1679,"position":1},"title":"As\u00ed es como Nuestro Querido Papa Juan Pablo II respondi\u00f3 a la acusaci\u00f3n de su \"obsesi\u00f3n\" por el aborto.","date":"6 octubre 2013","format":false,"excerpt":"Art\u00edculo de LifeSiteNews. Traduccion y edici\u00f3n libre Monica Y.A. de www.catolicasmexico.com En la entrevista de 1994 el Papa Juan Pablo respondi\u00f3 a la acusaci\u00f3n de estar \u201cobsesionado\u201d por el aborto. (...) En el cap\u00edtulo titulado La defensa de toda vida, Messori pregunt\u00f3: \"Su condena repetida de toda legalizaci\u00f3n del aborto\u2026","rel":"","context":"En \u00abAborto\u00bb","img":{"alt_text":"","src":"https:\/\/i2.wp.com\/catolicasmexico.com\/blog\/wp-content\/uploads\/2013\/10\/20131007-191428.jpg?resize=350%2C200","width":350,"height":200},"classes":[]},{"id":482,"url":"http:\/\/catolicasmexico.com\/blog\/obispo-incide-en-derecho-de-padres-a-educar-a-sus-hijos-segun-sus-conviccione\/","url_meta":{"origin":1679,"position":2},"title":"Obispo incide en derecho de padres a educar a sus hijos seg\u00fan sus convicciones","date":"25 mayo 2013","format":false,"excerpt":"Noticia de ETWN. El Obispo de Huelva (Espa\u00f1a), Mons. Jos\u00e9 Vilaplana, ha incidido este jueves en el derecho de los padres a optar por una educaci\u00f3n para sus hijos \"acorde a sus convicciones\", a la par que ha recordado \"la preocupaci\u00f3n\" de los Obispos del Sur sobre la pol\u00edtica de\u2026","rel":"","context":"En \u00abEducaci\u00f3n\u00bb","img":{"alt_text":"","src":"https:\/\/i0.wp.com\/catolicasmexico.com\/blog\/wp-content\/uploads\/2013\/05\/image-92.jpeg?resize=350%2C200","width":350,"height":200},"classes":[]},{"id":300,"url":"http:\/\/catolicasmexico.com\/blog\/los-sanitarios-y-medicos-andaluces-objetores-al-aborto-acuden-al-tribunal-constitucional\/","url_meta":{"origin":1679,"position":3},"title":"Los Sanitarios y m\u00e9dicos andaluces objetores al aborto, acuden al Tribunal Constitucional","date":"14 mayo 2013","format":false,"excerpt":"Articulo de Religi\u00f3n en\u00a0libertad.com El litigio que mantiene un grupo de m\u00e9dicos de familia frente al Servicio Andaluz de Salud(SAS), al que\u00a0exigen que les exima de los tr\u00e1mites previos de informaci\u00f3n y derivaci\u00f3n de pacientes\u00a0que solicitan la pr\u00e1ctica de un aborto por motivos de conciencia, ser\u00e1 analizado y resuelto por\u2026","rel":"","context":"En \u00abAborto\u00bb","img":{"alt_text":"","src":"","width":0,"height":0},"classes":[]},{"id":2721,"url":"http:\/\/catolicasmexico.com\/blog\/espana-promotores-del-aborto-apoyados-por-el-psoe-alientan-a-quemar-conferencia-episcopal\/","url_meta":{"origin":1679,"position":4},"title":"Espa\u00f1a: Promotores del aborto apoyados por el PSOE alientan a quemar Conferencia Episcopal","date":"13 marzo 2014","format":false,"excerpt":"Captura de pantalla del blog Contando Estrellas MADRID, 12 Mar. 14 \/ 09:02 pm (ACI\/EWTN Noticias).- El blog Contando Estrellas denunci\u00f3 que en una marcha realizada el 9 de marzo, en Santiago de Compostela (Espa\u00f1a), la Plataforma Gallega por el Derecho al Aborto, que cuenta con el ex gobernante Partido\u2026","rel":"","context":"En \u00abAborto\u00bb","img":{"alt_text":"","src":"https:\/\/i0.wp.com\/catolicasmexico.com\/blog\/wp-content\/uploads\/2014\/03\/20140313-131335.jpg?resize=350%2C200","width":350,"height":200},"classes":[]},{"id":2925,"url":"http:\/\/catolicasmexico.com\/blog\/colombia-dice-no-a-la-cultura-de-la-muerte\/","url_meta":{"origin":1679,"position":5},"title":"Colombia dice no a la cultura de la muerte.","date":"21 mayo 2014","format":false,"excerpt":"Del sitio www.cqv.cq.ca traducci\u00f3n y edici\u00f3n libre www.catolicas mexico.com El Senado colombiano ha votado por unanimidad contra el reconocimiento del \"derecho al aborto\" este 6 de mayo de acuerdo al art\u00edculo 11 de la Constituci\u00f3n del pa\u00eds que dice que \"el derecho a la vida es inviolable. A pesar de\u2026","rel":"","context":"En \u00abAborto\u00bb","img":{"alt_text":"","src":"","width":0,"height":0},"classes":[]}],"jetpack_likes_enabled":false,"jetpack_sharing_enabled":true,"_links":{"self":[{"href":"http:\/\/catolicasmexico.com\/blog\/wp-json\/wp\/v2\/posts\/1679"}],"collection":[{"href":"http:\/\/catolicasmexico.com\/blog\/wp-json\/wp\/v2\/posts"}],"about":[{"href":"http:\/\/catolicasmexico.com\/blog\/wp-json\/wp\/v2\/types\/post"}],"author":[{"embeddable":true,"href":"http:\/\/catolicasmexico.com\/blog\/wp-json\/wp\/v2\/users\/5"}],"replies":[{"embeddable":true,"href":"http:\/\/catolicasmexico.com\/blog\/wp-json\/wp\/v2\/comments?post=1679"}],"version-history":[{"count":5,"href":"http:\/\/catolicasmexico.com\/blog\/wp-json\/wp\/v2\/posts\/1679\/revisions"}],"predecessor-version":[{"id":1683,"href":"http:\/\/catolicasmexico.com\/blog\/wp-json\/wp\/v2\/posts\/1679\/revisions\/1683"}],"wp:featuredmedia":[{"embeddable":true,"href":"http:\/\/catolicasmexico.com\/blog\/wp-json\/wp\/v2\/media\/3893"}],"wp:attachment":[{"href":"http:\/\/catolicasmexico.com\/blog\/wp-json\/wp\/v2\/media?parent=1679"}],"wp:term":[{"taxonomy":"category","embeddable":true,"href":"http:\/\/catolicasmexico.com\/blog\/wp-json\/wp\/v2\/categories?post=1679"},{"taxonomy":"post_tag","embeddable":true,"href":"http:\/\/catolicasmexico.com\/blog\/wp-json\/wp\/v2\/tags?post=1679"}],"curies":[{"name":"wp","href":"https:\/\/api.w.org\/{rel}","templated":true}]}}