{"id":1670,"date":"2013-08-23T08:34:06","date_gmt":"2013-08-23T13:34:06","guid":{"rendered":"http:\/\/catolicasmexico.com\/blog\/?p=1670"},"modified":"2013-08-23T10:33:20","modified_gmt":"2013-08-23T15:33:20","slug":"bradley-manning-quiere-convertirse-en-mujer-en-la-carcel","status":"publish","type":"post","link":"http:\/\/catolicasmexico.com\/blog\/bradley-manning-quiere-convertirse-en-mujer-en-la-carcel\/","title":{"rendered":"Bradley Manning quiere convertirse en mujer en la c\u00e1rcel"},"content":{"rendered":"<p><a href=\"http:\/\/catolicasmexico.com\/blog\/wp-content\/uploads\/2013\/08\/20130823-113038.jpg\"><img src=\"http:\/\/catolicasmexico.com\/blog\/wp-content\/uploads\/2013\/08\/20130823-113038.jpg\" alt=\"20130823-113038.jpg\" class=\"alignnone size-full\"  \/> <\/a><\/p>\n<p><a \n\nWASHINGTON - Bradley Manning, el joven soldado  y responsable de la mayor filtraci\u00f3n de documentos secretos en la historia de los Estados Unidos, esper\u00f3 hasta el jueves, un d\u00eda despu\u00e9s de su condena a 35 a\u00f1os de prisi\u00f3n,  para revelar que quer\u00eda convertirse en una mujer y que se llamar\u00eda Chelsea.\n\n\"De ahora en adelante, para esta nueva etapa de mi vida, quiero que todos sepan quien soy realmente. Soy Chelsea Manning, soy una mujer,' Manning, anunci\u00f3 en un breve comunicado le\u00eddo en la NBC, en presencia de su abogado, David Coombs.\n\n\"Teniendo en cuenta lo que siento desde que era ni\u00f1a, quiero empezar un tratamiento hormonal tan pronto como sea posible. Me gustar\u00eda tambi\u00e9n que a partir de hoy me llamen por mi nuevo nombre nuevo utilizando el pronombre femenino para hablar de m\u00ed\".\n\nEste anuncio llega despu\u00e9s de tres meses de juicio ante la corte marcial y m\u00e1s de tres a\u00f1os de detenci\u00f3n previa al juicio. \"Chelsea no quer\u00eda que esto se convirtiera en algo que perturbara su expediente\" dijo el Sr. Coombs.\n(...)\n\nSu defensa hab\u00eda citado a menudo esta fragilidad para explicar el estado de \u00e1nimo en el que el joven Analista de inteligencia en Irak estaba cuando transmiti\u00f3 los m\u00e1s de 700.000 documentos confidenciales a la P\u00e1gina Web de WikiLeaks  desencadenando una tormenta en la diplomacia mundial.\n\n(...)\n\n\"El ej\u00e9rcito no paga por el  tratamiento hormonal\".\n\nUna vez que cay\u00f3 la sentencia por actos de espionaje, robo y fraude, Manning, ahora recluido en Fort Leavenworth, una prisi\u00f3n militar de Kansas, pidi\u00f3 recibir una terapia hormonal.\n\n\"Espero que Fort Leavenworth har\u00e1 lo necesario para que pueda tener acceso a este tratamiento, si no que voy a hacer todo lo posible para asegurarme de que se ven obligados,\" dijo David Coombs.\n\n\"El objetivo final es que se sienta bien en su cuerpo y que sea la persona que nunca ha podido ser,\" dijo el defensor.\n\nInterrogado por la AFP, un portavoz de la prisi\u00f3n de Fort Leavenworth, dijo que \"el ej\u00e9rcito no ofrece ning\u00fan tratamiento o cirug\u00eda  de sexo  \".\n\n La  poblaci\u00f3n penitenciaria es  exclusivamente masculina en el establecimiento de detenci\u00f3n pero Me Coombs no tiene miedo por su cliente porque los reclusos que est\u00e1n all\u00ed por una primera condena.\n<\/p>\n","protected":false},"excerpt":{"rendered":"","protected":false},"author":2,"featured_media":1676,"comment_status":"open","ping_status":"open","sticky":false,"template":"","format":"standard","meta":{"spay_email":"","jetpack_publicize_message":"","jetpack_is_tweetstorm":false},"categories":[72,12,21],"tags":[127,130,128,129],"aioseo_notices":[],"jetpack_featured_media_url":"http:\/\/catolicasmexico.com\/blog\/wp-content\/uploads\/2013\/08\/20130823-113038.jpg","jetpack_publicize_connections":[],"jetpack_shortlink":"https:\/\/wp.me\/p3B5XH-qW","jetpack-related-posts":[{"id":2798,"url":"http:\/\/catolicasmexico.com\/blog\/en-australia-los-jueces-dictaminan-ni-hombre-ni-mujer-la-creacion-del-tercer-sexo\/","url_meta":{"origin":1670,"position":0},"title":"En Australia los jueces dictaminan :Ni hombre ni mujer: la creaci\u00f3n del tercer sexo","date":"3 abril 2014","format":false,"excerpt":"Fuente clarin.com 02\/04\/14 - 11:41 La Alta Corte de Australia decidi\u00f3 hoy que una persona puede ser reconocida por el Estado Civil como perteneciente a un \"g\u00e9nero neutro\", ni masculino ni femenino, convirtiendo a este pa\u00eds en uno de los pocos que reconocen un tercer sexo. La principal jurisdicci\u00f3n australiana\u2026","rel":"","context":"En \u00abHomosexualidad\u00bb","img":{"alt_text":"","src":"https:\/\/i0.wp.com\/catolicasmexico.com\/blog\/wp-content\/uploads\/2014\/04\/20140403-125520.jpg?resize=350%2C200","width":350,"height":200},"classes":[]},{"id":1545,"url":"http:\/\/catolicasmexico.com\/blog\/un-productor-de-abc-news-que-se-convirtio-en-una-mujer-transexual-decide-que-es-un-hombre-de-nuevo\/","url_meta":{"origin":1670,"position":1},"title":"Un productor de ABC News, que se convirti\u00f3 en una \"mujer\" transexual decide que es un hombre de nuevo","date":"8 agosto 2013","format":false,"excerpt":"\u00a0 POR BEN JOHNSON(LifeSiteNews.com) Edici\u00f3n y traducci\u00f3n libre de Alejandro P. para catolicasmexico.com Martes, 06 de agosto de 2013 8:10 NUEVA YORK, 06 de agosto de 2013 \u2013 Es prerrogativa de la mujer el cambiar de opini\u00f3n, pero para \"Dawn\" Ennis el cambio es mucho m\u00e1s grande. En mayo, el\u2026","rel":"","context":"En \u00abEEUU\u00bb","img":{"alt_text":"","src":"","width":0,"height":0},"classes":[]},{"id":2884,"url":"http:\/\/catolicasmexico.com\/blog\/demandan-al-gobierno-de-quebec-para-que-se-omita-en-actas-de-nacimiento-el-sexo-del-bebe\/","url_meta":{"origin":1670,"position":2},"title":"Demandan al gobierno de Quebec, para que se omita en actas de nacimiento el sexo del beb\u00e9.","date":"6 mayo 2014","format":false,"excerpt":"El centro de lucha contra la opresi\u00f3n de g\u00e9nero (...) interpuso una acci\u00f3n contra el gobierno de Quebec para invalidar cinco art\u00edculos del c\u00f3digo civil que considera discriminatoria, los relacionados con el acta de nacimiento especialmente. \u00ab(...), La declaraci\u00f3n del sexo (femenino o masculino) en el acta de nacimiento es\u2026","rel":"","context":"En \u00abCanada.\u00bb","img":{"alt_text":"","src":"","width":0,"height":0},"classes":[]},{"id":3063,"url":"http:\/\/catolicasmexico.com\/blog\/transgeneros-mortalidad-a-causa-del-suicidio-multiplicada-por-veinte\/","url_meta":{"origin":1670,"position":3},"title":"Transgeneros: mortalidad a causa del suicidio multiplicada por veinte.","date":"20 junio 2014","format":false,"excerpt":"Articulo del Dr. Jean-Pierre Dickes para www.medias-presse-info Traducci\u00f3n y edici\u00f3n libre www.catolicasmexico.com despu\u00e9s de 10 a\u00f1os de la cirug\u00eda, los transexuales empezaron a tener dificultades mentales. Sorprendentemente la taza de suicidio se incrementa en casi 20 veces m\u00e1s que en el resto de la poblaci\u00f3n\". El mundo est\u00e1 feliz de\u2026","rel":"","context":"En \u00abEducaci\u00f3n\u00bb","img":{"alt_text":"","src":"https:\/\/i1.wp.com\/catolicasmexico.com\/blog\/wp-content\/uploads\/2014\/06\/20140620-133140.jpg?resize=350%2C200","width":350,"height":200},"classes":[]},{"id":4334,"url":"http:\/\/catolicasmexico.com\/blog\/quebec-canada-estudiantes-que-quieran-cambiar-de-sexo-podran-vestirse-como-nina-o-nino-cambiar-de-nombre-apellido-y-mas\/","url_meta":{"origin":1670,"position":4},"title":"Qu\u00e9bec, Canad\u00e1: estudiantes que quieran cambiar de sexo, podr\u00e1n vestirse como ni\u00f1a o ni\u00f1o, cambiar de nombre, apellido y m\u00e1s...","date":"31 marzo 2016","format":false,"excerpt":"Quebec, vive las consecuencias de la ideolog\u00eda de g\u00e9nero. Es incre\u00edble. La junta escolar de Montreal (MDSC) decidi\u00f3 que todos los estudiantes que quieran cambiar de sexo, pueden vestirse como ni\u00f1a o ni\u00f1o en base a sus deseos, escoger d\u00f3nde quieren hacer deporte con ni\u00f1os o con ni\u00f1as, donde se\u2026","rel":"","context":"En \u00abCanada.\u00bb","img":{"alt_text":"","src":"https:\/\/i2.wp.com\/catolicasmexico.com\/blog\/wp-content\/uploads\/2016\/03\/IMG_0505.png?resize=350%2C200","width":350,"height":200},"classes":[]},{"id":446,"url":"http:\/\/catolicasmexico.com\/blog\/no-habra-cambios-en-la-ley-de-registro-civil-de-sexo-a-genero-asegura-angel-vilema\/","url_meta":{"origin":1670,"position":5},"title":"No habr\u00e1 cambios en la Ley de Registro Civil de sexo a g\u00e9nero, asegura \u00c1ngel Vilema","date":"23 mayo 2013","format":false,"excerpt":"Dijo que la decisi\u00f3n de Movimiento PAIS es mantener lo que actualmente establece la normativa legal El vicepresidente de la Comisi\u00f3n de Gobiernos Aut\u00f3nomos, \u00c1ngel Vilema indic\u00f3 que en los pr\u00f3ximos d\u00edas se tendr\u00e1 listo el informe para segundo debate del proyecto de Ley Reformatoria a la Ley de Registro\u2026","rel":"","context":"En \u00abTeor\u00eda de g\u00e9nero\u00bb","img":{"alt_text":"","src":"https:\/\/i2.wp.com\/catolicasmexico.com\/blog\/wp-content\/uploads\/2013\/05\/image-28.jpeg?resize=350%2C200","width":350,"height":200},"classes":[]}],"jetpack_likes_enabled":false,"jetpack_sharing_enabled":true,"_links":{"self":[{"href":"http:\/\/catolicasmexico.com\/blog\/wp-json\/wp\/v2\/posts\/1670"}],"collection":[{"href":"http:\/\/catolicasmexico.com\/blog\/wp-json\/wp\/v2\/posts"}],"about":[{"href":"http:\/\/catolicasmexico.com\/blog\/wp-json\/wp\/v2\/types\/post"}],"author":[{"embeddable":true,"href":"http:\/\/catolicasmexico.com\/blog\/wp-json\/wp\/v2\/users\/2"}],"replies":[{"embeddable":true,"href":"http:\/\/catolicasmexico.com\/blog\/wp-json\/wp\/v2\/comments?post=1670"}],"version-history":[{"count":3,"href":"http:\/\/catolicasmexico.com\/blog\/wp-json\/wp\/v2\/posts\/1670\/revisions"}],"predecessor-version":[{"id":1677,"href":"http:\/\/catolicasmexico.com\/blog\/wp-json\/wp\/v2\/posts\/1670\/revisions\/1677"}],"wp:featuredmedia":[{"embeddable":true,"href":"http:\/\/catolicasmexico.com\/blog\/wp-json\/wp\/v2\/media\/1676"}],"wp:attachment":[{"href":"http:\/\/catolicasmexico.com\/blog\/wp-json\/wp\/v2\/media?parent=1670"}],"wp:term":[{"taxonomy":"category","embeddable":true,"href":"http:\/\/catolicasmexico.com\/blog\/wp-json\/wp\/v2\/categories?post=1670"},{"taxonomy":"post_tag","embeddable":true,"href":"http:\/\/catolicasmexico.com\/blog\/wp-json\/wp\/v2\/tags?post=1670"}],"curies":[{"name":"wp","href":"https:\/\/api.w.org\/{rel}","templated":true}]}}