{"id":1667,"date":"2013-08-22T13:56:06","date_gmt":"2013-08-22T18:56:06","guid":{"rendered":"http:\/\/catolicasmexico.com\/blog\/?p=1667"},"modified":"2013-08-22T15:04:03","modified_gmt":"2013-08-22T20:04:03","slug":"mexicoel-congreso-veta-durante-7-anos-aborto-bodas-gay-y-muerte-asistida","status":"publish","type":"post","link":"http:\/\/catolicasmexico.com\/blog\/mexicoel-congreso-veta-durante-7-anos-aborto-bodas-gay-y-muerte-asistida\/","title":{"rendered":"M\u00e9xico:El Congreso veta durante 7 a\u00f1os aborto, bodas gay y muerte asistida."},"content":{"rendered":"<p><a href=\"http:\/\/catolicasmexico.com\/blog\/wp-content\/uploads\/2013\/08\/20130822-145956.jpg\"><img src=\"http:\/\/catolicasmexico.com\/blog\/wp-content\/uploads\/2013\/08\/20130822-145956.jpg\" alt=\"20130822-145956.jpg\" class=\"alignnone size-full\"  \/> <\/a><\/p>\n<p>( \u00a1Gloria a Dios! Nos damos cuenta que nuestras oraciones son escuchadas, pues no se ha cedido  a pesar de todas la presiones internacionales, para pasar leyes contra Natura y contra Dios.; debemos pedir Misericordia, para nuestras familias, para nuestro pa\u00eds y el mundo y no dejarnos vencer por las adversidades, todo con y por la gracia de Dios)<br \/>\nArticulo de Agencia La voz.<br \/>\nPUEBLA, MEXICO.-(AGENCIALAVOZ) Tres legislaturas del Congreso estatal han evadido un total de 10 iniciativas impulsadas por diputados del PRD y el PT para legalizar el aborto, las sociedades de convivencia, la muerte asistida y los matrimonios entre personas del mismo sexo que ya se permiten en el Distrito Federal.<br \/>\nAunque algunos de los proyectos se han presentado en cuatro ocasiones al pleno, la Comisi\u00f3n de Gobernaci\u00f3n y Puntos Constitucionales, siempre encabezada por el partido en el poder, nunca inici\u00f3 el proceso para su an\u00e1lisis, discusi\u00f3n y dictaminaci\u00f3n.<\/p>\n<p>La lista de las iniciativas vetadas se compone de cuatro propuestas de Ley de Sociedades de Convivencia, dos reformas para permitir la suspensi\u00f3n del embarazo dentro de las 12 semanas de gesti\u00f3n, una iniciativa que permitir\u00eda la muerte asistida y un paquete de tres proyectos que se orientan a legalizar las bodas gay.<\/p>\n<p>Por el contrario, en 2009 el Congreso aprob\u00f3 una reforma a la Carta Magna del estado que gener\u00f3 la condena de organizaciones defensoras de los derechos de la mujer porque complic\u00f3 la posibilidad de despenalizar el aborto, incorporando al texto constitucional la obligaci\u00f3n del Estado de defender la vida desde la concepci\u00f3n hasta la muerte natural.<\/p>\n<p>Las primeras iniciativas en la materia se presentaron en la LVI Legislatura (2005\u20132008) por parte del diputado del PRD Rodolfo Huerta Espinosa, quien promovi\u00f3 las sociedades de convivencia y la despenalizaci\u00f3n del aborto en 2006 y 2007, respectivamente.<br \/>\nDurante la LVII Legislatura (2008\u20132011) los principales defensores de esos proyectos de corte progresista fueron Irma Ramos Galindo, del PRD, y Jos\u00e9 Manuel Benigno P\u00e9rez Vega, del Partido del Trabajo.<\/p>\n<p>Irma Ramos promovi\u00f3 la Ley de Sociedades de Convivencia, la despenalizaci\u00f3n del aborto y una iniciativa relativa a muerte asistida, mientras P\u00e9rez Vega tambi\u00e9n defendi\u00f3 las sociedades de convivencia y fue el autor del paquete de reformas a favor de los matrimonios gay.<br \/>\nEl paquete se integr\u00f3 de tres iniciativas que propon\u00edan modificaciones a la Constituci\u00f3n Pol\u00edtica del estado, al C\u00f3digo Civil y a la Ley del Instituto de Seguridad y Servicios Sociales de los Trabajadores al Servicio de los Poderes del Estado de Puebla (ISSSTEP).<\/p>\n<p>En la presente Legislatura la actividad de las bancadas de izquierda en la materia se redujo, pues de 2011 a la fecha s\u00f3lo se ha presentada una iniciativa de Ley de Sociedades de Convivencia por parte del diputado del sol azteca Eric Coto\u00f1eto Carmona.<\/p>\n","protected":false},"excerpt":{"rendered":"<p>( \u00a1Gloria a Dios! Nos damos cuenta que nuestras oraciones son escuchadas, pues no se ha cedido a pesar de todas la presiones internacionales, para pasar leyes contra Natura y contra Dios.; debemos pedir Misericordia, para nuestras familias, para nuestro pa\u00eds y el mundo y no dejarnos vencer por las adversidades, todo con y por [&hellip;]<\/p>\n","protected":false},"author":2,"featured_media":1666,"comment_status":"open","ping_status":"open","sticky":false,"template":"","format":"standard","meta":{"spay_email":"","jetpack_publicize_message":"","jetpack_is_tweetstorm":false},"categories":[9,10,12,70,57],"tags":[125,126,727],"aioseo_notices":[],"jetpack_featured_media_url":"http:\/\/catolicasmexico.com\/blog\/wp-content\/uploads\/2013\/08\/20130822-145956.jpg","jetpack_publicize_connections":[],"jetpack_shortlink":"https:\/\/wp.me\/p3B5XH-qT","jetpack-related-posts":[{"id":1729,"url":"http:\/\/catolicasmexico.com\/blog\/que-mexico-viva-magno-evento-provida-en-queretaro\/","url_meta":{"origin":1667,"position":0},"title":"\u00a1Que M\u00e9xico...Viva! Magno evento provida en Quer\u00e9taro","date":"30 agosto 2013","format":false,"excerpt":"1. Habr\u00e1 venta de alimentos y se recomienda llevar sombrilla para el sol y agua para hidratarse 2. Las puertas del estadio abrir\u00e1n desde las 6:00 am 3. EL EVENTO NO TIENE BOLETOS Y ES GRATUITO 4. Marino Restrepo y el Padre Luis de Moya participan en formato video, todas\u2026","rel":"","context":"En \u00abAborto\u00bb","img":{"alt_text":"","src":"https:\/\/i2.wp.com\/catolicasmexico.com\/blog\/wp-content\/uploads\/2013\/08\/20130830-1248581.jpg?resize=350%2C200","width":350,"height":200},"classes":[]},{"id":2975,"url":"http:\/\/catolicasmexico.com\/blog\/video-de-un-politico-pro-muerte\/","url_meta":{"origin":1667,"position":1},"title":"Video de un pol\u00edtico pro-muerte.","date":"30 junio 2014","format":"video","excerpt":"Damos gracias a Dios, por los triunfos pro-vida en M\u00e9xico, mas no hay que bajar la guardia, oraci\u00f3n y penitencia son necesarias par que Dios proteja a M\u00e9xico del mal del aborto. Tambi\u00e9n se necesita hacer saber a nuestros pol\u00edticos que ninguno que estandarte ideas pro-muerte tendr\u00e1 nuestro voto\u00a1 todos\u2026","rel":"","context":"En \u00abAborto\u00bb","img":{"alt_text":"","src":"https:\/\/i0.wp.com\/catolicasmexico.com\/blog\/wp-content\/uploads\/2014\/05\/image.jpg?resize=350%2C200","width":350,"height":200},"classes":[]},{"id":2787,"url":"http:\/\/catolicasmexico.com\/blog\/piden-frenar-abominable-crimen-del-aborto-en-mexico\/","url_meta":{"origin":1667,"position":2},"title":"Piden frenar abominable crimen del aborto en M\u00e9xico","date":"31 marzo 2014","format":false,"excerpt":"Imagen referencial. Foto: Raphael Lopes Bernardino (CC BY-NY-SA 2.0) M\u00c9XICO D.F., 30 Mar. 14 \/ 10:30 pm (ACI\/EWTN Noticias).- En el marco de la festividad de Nuestra Se\u00f1ora de la Encarnaci\u00f3n, celebrada hace unos d\u00edas en M\u00e9xico, diversas organizaciones pro vida, convocadas por el movimiento social cat\u00f3lico \u201cUni\u00f3n de Voluntades\u201d,\u2026","rel":"","context":"En \u00abAborto\u00bb","img":{"alt_text":"","src":"https:\/\/i1.wp.com\/catolicasmexico.com\/blog\/wp-content\/uploads\/2014\/03\/20140331-173545.jpg?resize=350%2C200","width":350,"height":200},"classes":[]},{"id":2235,"url":"http:\/\/catolicasmexico.com\/blog\/mexico-el-movimiento-pro-familia-y-pro-vida-celebra-la-victoria-por-la-vida-en-coahuila\/","url_meta":{"origin":1667,"position":3},"title":"M\u00e9xico: El Movimiento Pro familia y Pro-vida celebra la Victoria por la vida en Coahuila .","date":"16 diciembre 2013","format":false,"excerpt":"MEXICO.-(AGENCIALAVOZ) Expresiones de diputados del PRI como \"estoy en contra de esta iniciativa, yo estoy a favor de la vida\", de Jos\u00e9 Luis Moreno, o \"esta iniciativa pretende legalizar el asesinato\", de Fernando de la Fuente y \"que quede claro que el Partido Verde se opone al aborto en nuestro\u2026","rel":"","context":"En \u00abAborto\u00bb","img":{"alt_text":"","src":"","width":0,"height":0},"classes":[]},{"id":2972,"url":"http:\/\/catolicasmexico.com\/blog\/que-mexico-viva-nuevo-leon-ama-la-vida-y-en-guerrero-la-propuesta-de-ley-proaborto-es-congelada\/","url_meta":{"origin":1667,"position":4},"title":"\u00a1Que M\u00e9xico Viva!...\u00a1Nuevo Le\u00f3n Ama la Vida\u2026 ! y En Guerrero la propuesta de ley proaborto es congelada.","date":"29 mayo 2014","format":false,"excerpt":"Nuevo Le\u00f3n en M\u00e9xico blinda la vida contra el aborto y en Guerrero el proyecto de ley de pro-aborto es detenida. M\u00e9xico: Congreso de Guerrero cancela debate sobre ley pro aborto M\u00c9XICO D.F., 15 May. 14 \/ 08:35 pm (ACI).- El Congreso del estado de Guerrero en M\u00e9xico cancel\u00f3 la\u2026","rel":"","context":"En \u00abAborto\u00bb","img":{"alt_text":"","src":"https:\/\/i0.wp.com\/catolicasmexico.com\/blog\/wp-content\/uploads\/2014\/05\/20140529-225747.jpg?resize=350%2C200","width":350,"height":200},"classes":[]},{"id":2966,"url":"http:\/\/catolicasmexico.com\/blog\/arzobispo-de-montreal-exhorta-a-pronunciarse-contra-la-ley-que-aprobara-la-eutanasia\/","url_meta":{"origin":1667,"position":5},"title":"Arzobispo de Montreal exhorta a pronunciarse contra la ley que aprobar\u00e1 la eutanasia.","date":"29 mayo 2014","format":false,"excerpt":"En el sitio web de la di\u00f3cesis de Montreal del 28 de mayo de 2014: Del sitio www.cqv.cq.ca original del sitio Di\u00f3cesis de Montreal traducci\u00f3n y edici\u00f3n libre www.catolicas mexico.com Llamado del arzobispo de Montreal, obispo Christian L\u00e9pine, a negarse al Bill 52 (eutanasia) Una cuesti\u00f3n de vida o muerte:\u2026","rel":"","context":"En \u00abCanada.\u00bb","img":{"alt_text":"","src":"https:\/\/i2.wp.com\/catolicasmexico.com\/blog\/wp-content\/uploads\/2014\/05\/20140529-110806.jpg?resize=350%2C200","width":350,"height":200},"classes":[]}],"jetpack_likes_enabled":false,"jetpack_sharing_enabled":true,"_links":{"self":[{"href":"http:\/\/catolicasmexico.com\/blog\/wp-json\/wp\/v2\/posts\/1667"}],"collection":[{"href":"http:\/\/catolicasmexico.com\/blog\/wp-json\/wp\/v2\/posts"}],"about":[{"href":"http:\/\/catolicasmexico.com\/blog\/wp-json\/wp\/v2\/types\/post"}],"author":[{"embeddable":true,"href":"http:\/\/catolicasmexico.com\/blog\/wp-json\/wp\/v2\/users\/2"}],"replies":[{"embeddable":true,"href":"http:\/\/catolicasmexico.com\/blog\/wp-json\/wp\/v2\/comments?post=1667"}],"version-history":[{"count":2,"href":"http:\/\/catolicasmexico.com\/blog\/wp-json\/wp\/v2\/posts\/1667\/revisions"}],"predecessor-version":[{"id":1669,"href":"http:\/\/catolicasmexico.com\/blog\/wp-json\/wp\/v2\/posts\/1667\/revisions\/1669"}],"wp:featuredmedia":[{"embeddable":true,"href":"http:\/\/catolicasmexico.com\/blog\/wp-json\/wp\/v2\/media\/1666"}],"wp:attachment":[{"href":"http:\/\/catolicasmexico.com\/blog\/wp-json\/wp\/v2\/media?parent=1667"}],"wp:term":[{"taxonomy":"category","embeddable":true,"href":"http:\/\/catolicasmexico.com\/blog\/wp-json\/wp\/v2\/categories?post=1667"},{"taxonomy":"post_tag","embeddable":true,"href":"http:\/\/catolicasmexico.com\/blog\/wp-json\/wp\/v2\/tags?post=1667"}],"curies":[{"name":"wp","href":"https:\/\/api.w.org\/{rel}","templated":true}]}}