{"id":1658,"date":"2013-08-22T13:16:12","date_gmt":"2013-08-22T18:16:12","guid":{"rendered":"http:\/\/catolicasmexico.com\/blog\/?p=1658"},"modified":"2013-08-22T13:23:53","modified_gmt":"2013-08-22T18:23:53","slug":"esme-nacida-a-las-23-semanas-de-embarazo-gracias-a-la-perseverancia-de-sus-padres","status":"publish","type":"post","link":"http:\/\/catolicasmexico.com\/blog\/esme-nacida-a-las-23-semanas-de-embarazo-gracias-a-la-perseverancia-de-sus-padres\/","title":{"rendered":"Esme, nacida a las 23 semanas de embarazo, gracias a la perseverancia de sus padres&#8230;"},"content":{"rendered":"<p><a href=\"http:\/\/catolicasmexico.com\/blog\/wp-content\/uploads\/2013\/08\/20130822-1421301.jpg\"><img src=\"http:\/\/catolicasmexico.com\/blog\/wp-content\/uploads\/2013\/08\/20130822-1421301.jpg\" alt=\"20130822-142130.jpg\" class=\"alignnone size-full\"  \/> <\/a><\/p>\n<p>Esme, en el hospital, pesaba s\u00f3lo 420 gramos.<\/p>\n<p>Del blog www.cqv.cq.ca En el sitio de Paris Match del 17 de agosto de 2013:<br \/>\nTraducci\u00f3n y edici\u00f3n www.catolicasmexico.com<br \/>\nEsme Poulsom naci\u00f3 con tan s\u00f3lo 23 semanas en el vientre de su madre. Los  M\u00e9dicos eran pesimistas, hab\u00edan anunciado a los padres que el ni\u00f1o ten\u00eda s\u00f3lo una oportunidad entre cien para sobrevivir.<\/p>\n<p>Sus padres la llaman su \u00abpeque\u00f1o milagro\u00bb. El 18 de diciembre, Esme Poulsom naci\u00f3 con cuatro meses de anticipaci\u00f3n. Su madre, Kirsty,  perdi\u00f3 las aguas a las 19 semanas de embarazo. Los M\u00e9dicos del hospital Nevill Hall en Abergavenny, pa\u00eds de Gales, le dijeron que tendr\u00eda un aborto espont\u00e1neo o que dar\u00eda a luz en las pr\u00f3ximas 48 horas, inform\u00f3 el \u00abDaily Mail\u00bb. Pero ninguno de las dos predicciones Se cumpli\u00f3. Por lo tanto, aconsejaron a la joven, angustiada, abortar, porque no hab\u00eda ninguna posibilidad de que el beb\u00e9 naciera vivo. Pero ella con su c\u00f3nyuge Gareth, se negaron a rendirse, prefiriendo dejar que la naturaleza siguiera su curso. Los m\u00e9dicos  le dijeron que si lograba mantenerse hasta las 23 semanas, le dar\u00edan esteroides para detener las contracciones. \u00abPero cuando llegu\u00e9 a las 23 semanas de embarazo, cambiaron de opini\u00f3n porque ten\u00edan miedo de que abortara. Tuve la impresi\u00f3n de que ya hab\u00edan abandonado la causa \u00bb dijo Kirsty al diario ingl\u00e9s.<\/p>\n<p>(&#8230;) Gareth record\u00f3 que conoc\u00eda a alguien en una situaci\u00f3n similar, que hab\u00eda sido tratada en otro hospital. contact\u00f3 con un m\u00e9dico  y le pregunt\u00f3 su opini\u00f3n sobre la situaci\u00f3n de su esposa y este decidi\u00f3 tomar en mano su caso. (&#8230;) A Kirsty se le  administraron los esteroides. (&#8230;)entonces Kirsty contrajo una infecci\u00f3n de la sangre, obligando a los m\u00e9dicos a provocar el parto por ces\u00e1rea. Todos tem\u00edan que el ni\u00f1o ya estuviera muerto,  pues estuvo privado de l\u00edquido amni\u00f3tico durante cinco semanas.<\/p>\n<p>El primer milagro se produjo : el beb\u00e9 estaba, vivo. \u00bb  su madre dijo:\u00bbElla era muy peque\u00f1a. los primeros d\u00edas, no ten\u00eda el derecho de verla incluso Gareth tom\u00f3 las fotos. (&#8230;)<\/p>\n<p>Hoy tiene ocho meses de edad, todav\u00eda sufre de problemas de respiraci\u00f3n que podr\u00edan haberse evitados si me hubieran escuchado desde el principio \u00ab, dice su madre, que va a presentar una queja contra el hospital. Tambi\u00e9n podr\u00eda tener problemas para comer toda la vida. Pero esto no es nada al lado de la felicidad que sentimos nosotros sus padres y su hermana al tenerla en nuestos brazos.<\/p>\n","protected":false},"excerpt":{"rendered":"<p>Esme, en el hospital, pesaba s\u00f3lo 420 gramos. Del blog www.cqv.cq.ca En el sitio de Paris Match del 17 de agosto de 2013: Traducci\u00f3n y edici\u00f3n www.catolicasmexico.com Esme Poulsom naci\u00f3 con tan s\u00f3lo 23 semanas en el vientre de su madre. Los M\u00e9dicos eran pesimistas, hab\u00edan anunciado a los padres que el ni\u00f1o ten\u00eda s\u00f3lo [&hellip;]<\/p>\n","protected":false},"author":2,"featured_media":1661,"comment_status":"open","ping_status":"open","sticky":false,"template":"","format":"standard","meta":{"spay_email":"","jetpack_publicize_message":"","jetpack_is_tweetstorm":false},"categories":[72,27],"tags":[121,85,122,123,120],"aioseo_notices":[],"jetpack_featured_media_url":"http:\/\/catolicasmexico.com\/blog\/wp-content\/uploads\/2013\/08\/20130822-1421301.jpg","jetpack_publicize_connections":[],"jetpack_shortlink":"https:\/\/wp.me\/p3B5XH-qK","jetpack-related-posts":[{"id":4755,"url":"http:\/\/catolicasmexico.com\/blog\/vive-gracias-a-sus-padres\/","url_meta":{"origin":1658,"position":0},"title":"Vive gracias a sus padres.","date":"16 agosto 2017","format":false,"excerpt":"Par Nancy Flanders (Live Action News ) traducido por Campagne Qu\u00e9bec-Vie. Estos padres rechazaron el aborto de su hijo a pesar de las presiones intensas del personal m\u00e9dico. La madre se le rompi\u00f3 la fuente prematuramente cuando ten\u00eda 20 semanas de embarazo raz\u00f3n por la cual los m\u00e9dicos le sugirieron\u2026","rel":"","context":"En \u00abAborto\u00bb","img":{"alt_text":"","src":"https:\/\/i1.wp.com\/catolicasmexico.com\/blog\/wp-content\/uploads\/2017\/08\/38849c75-f114-4c5c-8f0b-d98660c38fd2.jpg?resize=350%2C200","width":350,"height":200},"classes":[]},{"id":4466,"url":"http:\/\/catolicasmexico.com\/blog\/siamesas-que-tenian-solo-20-de-probabilidad-de-sobrevivir-inician-su-curso-de-pre-escolar\/","url_meta":{"origin":1658,"position":1},"title":"\u00a0Siamesas que ten\u00edan solo 20% de probabilidad de sobrevivir, inician su curso de pre-escolar.\u00a0","date":"7 diciembre 2016","format":false,"excerpt":"Nancy Flanders (LiveActionNews) - del sitio www.cqv.qc.ca traducci\u00f3n\u00a0 \u00a0y edici\u00f3n libre CM Rosie y Ruby Formosa recibieron un pron\u00f3stico de solo 20% de probabilidades de sobrevivir, al ser siamesas y compartir un solo intestino, pero ahora van a comenzar el kinder. Al principio pensaron que las ni\u00f1as estaban en en\u2026","rel":"","context":"En \u00abEmbarazo\u00bb","img":{"alt_text":"","src":"https:\/\/i1.wp.com\/catolicasmexico.com\/blog\/wp-content\/uploads\/2016\/12\/IMG_1001.jpg?resize=350%2C200","width":350,"height":200},"classes":[]},{"id":3863,"url":"http:\/\/catolicasmexico.com\/blog\/se-negaron-a-abortar-a-su-bebe-con-trisomia-18-ahora-el-es-su-fuente-de-alegria\/","url_meta":{"origin":1658,"position":2},"title":"Se negaron a abortar a su beb\u00e9 con trisom\u00eda 18. Ahora \u00e9l es su \u201cfuente de alegr\u00eda\u201d","date":"13 julio 2015","format":false,"excerpt":"\u00a0 \u00a0 \u00a0 \u00a0 \u00a0 Por Lisa Bourne de LifeSiteNews\u00a0Traduccion libre de M. Pacheco para catolicasmexico.com 22 de abril 2015 \u2013 Se cree que en Gales, Alfie Hilman es el \u00fanico ni\u00f1o que vive con una enfermedad gen\u00e9tica rara, la trisom\u00eda 18 (s\u00edndrome de Edwards). Debido a este s\u00edndrome poco\u2026","rel":"","context":"En \u00abAborto\u00bb","img":{"alt_text":"","src":"https:\/\/i0.wp.com\/catolicasmexico.com\/blog\/wp-content\/uploads\/2015\/07\/alfie.jpg?resize=350%2C200","width":350,"height":200},"classes":[]},{"id":4409,"url":"http:\/\/catolicasmexico.com\/blog\/nace-un-bebe-milagrosamente-al-sobrevivir-a-un-aborto-a-las-7-semanas-de-gestacion\/","url_meta":{"origin":1658,"position":3},"title":"Nace un beb\u00e9 milagrosamente al sobrevivir a un aborto a las 7 semanas de gestaci\u00f3n.","date":"9 junio 2016","format":false,"excerpt":"Vicky Harper, de 24 a\u00f1os viv\u00eda una situaci\u00f3n financiera dif\u00edcil cuando descubri\u00f3 que estaba embarazada de su tercer hijo. Preocupada y asustada, decidi\u00f3 que era mejor abortar a su beb\u00e9.\u00a0 Su novio Kennan McIvor, de 19 a\u00f1os, le asegur\u00f3 que estaba dispuesto a cuidar de ella y el beb\u00e9, pero\u2026","rel":"","context":"En \u00abAborto\u00bb","img":{"alt_text":"","src":"https:\/\/i1.wp.com\/catolicasmexico.com\/blog\/wp-content\/uploads\/2016\/06\/IMG_0689.jpg?resize=350%2C200","width":350,"height":200},"classes":[]},{"id":4209,"url":"http:\/\/catolicasmexico.com\/blog\/nace-con-solo-280-gms-y-bebe-elayah-logra-sobrevivir\/","url_meta":{"origin":1658,"position":4},"title":"Nace con solo 280 gms y beb\u00e9 E'layah logra sobrevivir.","date":"21 enero 2016","format":false,"excerpt":"Presentamos la historia de esta beb\u00e9 que sobrevivi\u00f3 pesando solo 280g, beb\u00e9 E'layah. Por Nancy Flanders de LiveActionNews - traducido por CM del sitio www.cqv.ca.cq E'layah pesaba solo 283 gramos y med\u00eda 25 cent\u00edmetros cuando vino al mundo tres y medio meses antes de lo previsto. Su entrada en este\u2026","rel":"","context":"En \u00abEEUU\u00bb","img":{"alt_text":"","src":"https:\/\/i0.wp.com\/catolicasmexico.com\/blog\/wp-content\/uploads\/2016\/01\/IMG_0430.png?resize=350%2C200","width":350,"height":200},"classes":[]},{"id":535,"url":"http:\/\/catolicasmexico.com\/blog\/canada-bebe-que-nacio-pesando-menos-de-medio-kilo-supero-todos-los-pronosticos-y-ya-esta-en-casa\/","url_meta":{"origin":1658,"position":5},"title":"Canad\u00e1: Beb\u00e9 que naci\u00f3 pesando menos de medio kilo super\u00f3 todos los pron\u00f3sticos y ya est\u00e1 en casa","date":"27 mayo 2013","format":false,"excerpt":"Noticias de ETWN. Harley Gulliksen, una beb\u00e9 prematura nacida el 20 de diciembre de 2012 en Vancouver (Estados Unidos), pesando solo 425 gramos y midiendo 25.4 cent\u00edmetros, ha vencido las adversas predicciones de los m\u00e9dicos que la atendieron y se hace cada d\u00eda \u201cm\u00e1s grande y m\u00e1s fuerte\u201d, seg\u00fan asegura\u2026","rel":"","context":"En \u00abEmbarazo\u00bb","img":{"alt_text":"","src":"https:\/\/i0.wp.com\/catolicasmexico.com\/blog\/wp-content\/uploads\/2015\/07\/image-112-300x204.jpg?resize=350%2C200","width":350,"height":200},"classes":[]}],"jetpack_likes_enabled":false,"jetpack_sharing_enabled":true,"_links":{"self":[{"href":"http:\/\/catolicasmexico.com\/blog\/wp-json\/wp\/v2\/posts\/1658"}],"collection":[{"href":"http:\/\/catolicasmexico.com\/blog\/wp-json\/wp\/v2\/posts"}],"about":[{"href":"http:\/\/catolicasmexico.com\/blog\/wp-json\/wp\/v2\/types\/post"}],"author":[{"embeddable":true,"href":"http:\/\/catolicasmexico.com\/blog\/wp-json\/wp\/v2\/users\/2"}],"replies":[{"embeddable":true,"href":"http:\/\/catolicasmexico.com\/blog\/wp-json\/wp\/v2\/comments?post=1658"}],"version-history":[{"count":2,"href":"http:\/\/catolicasmexico.com\/blog\/wp-json\/wp\/v2\/posts\/1658\/revisions"}],"predecessor-version":[{"id":1662,"href":"http:\/\/catolicasmexico.com\/blog\/wp-json\/wp\/v2\/posts\/1658\/revisions\/1662"}],"wp:featuredmedia":[{"embeddable":true,"href":"http:\/\/catolicasmexico.com\/blog\/wp-json\/wp\/v2\/media\/1661"}],"wp:attachment":[{"href":"http:\/\/catolicasmexico.com\/blog\/wp-json\/wp\/v2\/media?parent=1658"}],"wp:term":[{"taxonomy":"category","embeddable":true,"href":"http:\/\/catolicasmexico.com\/blog\/wp-json\/wp\/v2\/categories?post=1658"},{"taxonomy":"post_tag","embeddable":true,"href":"http:\/\/catolicasmexico.com\/blog\/wp-json\/wp\/v2\/tags?post=1658"}],"curies":[{"name":"wp","href":"https:\/\/api.w.org\/{rel}","templated":true}]}}