{"id":1656,"date":"2013-08-21T14:43:52","date_gmt":"2013-08-21T19:43:52","guid":{"rendered":"http:\/\/catolicasmexico.com\/blog\/?p=1656"},"modified":"2013-08-21T14:43:52","modified_gmt":"2013-08-21T19:43:52","slug":"otro-heroe-de-nuestro-tiempo-john-barros-que-ha-salvado-mas-de-1000-vidas","status":"publish","type":"post","link":"http:\/\/catolicasmexico.com\/blog\/otro-heroe-de-nuestro-tiempo-john-barros-que-ha-salvado-mas-de-1000-vidas\/","title":{"rendered":"Otro h\u00e9roe de nuestro tiempo: John Barros que ha salvado m\u00e1s de 1000 vidas"},"content":{"rendered":"<p><a href=\"http:\/\/catolicasmexico.com\/blog\/wp-content\/uploads\/2013\/08\/20130821-153154.jpg\"><img src=\"http:\/\/catolicasmexico.com\/blog\/wp-content\/uploads\/2013\/08\/20130821-153154.jpg\" alt=\"20130821-153154.jpg\" class=\"alignnone size-full\"  \/> <\/a><\/p>\n<p> Del sitio www.cqv.cq.ca.<br \/>\nTraducci\u00f3n y edici\u00f3n libre www.catolicasmexico.com<br \/>\n\u00a1Alabemos a Dios! Agradecemos a Nuestro Se\u00f1or  la presencia y el testimonio de esta persona. Fuente de inspiraci\u00f3n y alegr\u00eda, para aquellos que de alguna manera luchamos por la vida.<br \/>\nFlorida. Seg\u00fan sus m\u00e9dicos, John Barros no deber\u00eda estar vivo. Despu\u00e9s de ser atropellado por un coche, un c\u00e1ncer (y cuatro operaciones) y dos aneurismas  (y dos nuevas intervenciones), su presencia entre nosotros es casi un milagro. Nueve horas al d\u00eda, seis d\u00edas a la semana, John  vela y reza frente un abortorio donde se realizan abortos tard\u00edos en Orlando Center &#8211; propiedad de James Scott Pendergraft IV, un abortista condenado a 36,7 millones de d\u00f3lares en da\u00f1os y perjuicios e inter\u00e9s en 2004 tras un aborto fallido que dejaron severamente discapacitado a un ni\u00f1o nacido y suspendidos cinco veces despu\u00e9s de realizar abortos mal practicados- aqu\u00ed es donde predica el Evangelio y tiende la mano a las mujeres que han llegado a  este lugar para eliminar el beb\u00e9 que crece dentro de ellas. En tres a\u00f1os, m\u00e1s de 1.000 mujeres han renunciado al aborto a trav\u00e9s de su presencia, incluso si el afirma que no tiene ning\u00fan m\u00e9rito. \u00abComo pueden ver, no me soy Brad Pitt, soy m\u00e1s bien gusta Shrek, estoy discapacitado de varias formas, pero a Jes\u00fas le gusta usar vasos rotos\u00bb, dijo John Barros que Cristo \u00abllama a su pueblo a levantarse\u00bb contra la cultura de la muerte.<\/p>\n","protected":false},"excerpt":{"rendered":"<p>Del sitio www.cqv.cq.ca. Traducci\u00f3n y edici\u00f3n libre www.catolicasmexico.com \u00a1Alabemos a Dios! Agradecemos a Nuestro Se\u00f1or la presencia y el testimonio de esta persona. Fuente de inspiraci\u00f3n y alegr\u00eda, para aquellos que de alguna manera luchamos por la vida. Florida. Seg\u00fan sus m\u00e9dicos, John Barros no deber\u00eda estar vivo. Despu\u00e9s de ser atropellado por un coche, [&hellip;]<\/p>\n","protected":false},"author":2,"featured_media":1655,"comment_status":"open","ping_status":"open","sticky":false,"template":"","format":"standard","meta":{"spay_email":"","jetpack_publicize_message":"","jetpack_is_tweetstorm":false},"categories":[9,72,26],"tags":[718,119],"aioseo_notices":[],"jetpack_featured_media_url":"http:\/\/catolicasmexico.com\/blog\/wp-content\/uploads\/2013\/08\/20130821-153154.jpg","jetpack_publicize_connections":[],"jetpack_shortlink":"https:\/\/wp.me\/p3B5XH-qI","jetpack-related-posts":[{"id":2429,"url":"http:\/\/catolicasmexico.com\/blog\/benigno-blanco-los-provida-defendemos-al-no-nacido-y-a-la-mujer-ambos-son-victimas-del-aborto\/","url_meta":{"origin":1656,"position":0},"title":"Benigno Blanco: \u00abLos provida defendemos al no nacido y a la mujer; ambos son v\u00edctimas del aborto\u00bb -","date":"22 enero 2014","format":false,"excerpt":"Articulo de Religi\u00f3n en libertad. Bajo el lema \u201930 a\u00f1os ya bastan\u2019, los provida franceses salieron este fin de semana a las calles de Par\u00eds, en una nueva edici\u00f3n de \u2018La Marcha por la vida\u2019 que vienen realizando todos los a\u00f1os desde 2005. Este a\u00f1o la organizaci\u00f3n ha invitado al\u2026","rel":"","context":"En \u00abEspa\u00f1a\u00bb","img":{"alt_text":"","src":"https:\/\/i2.wp.com\/catolicasmexico.com\/blog\/wp-content\/uploads\/2014\/01\/20140122-130544.jpg?resize=350%2C200","width":350,"height":200},"classes":[]},{"id":1947,"url":"http:\/\/catolicasmexico.com\/blog\/asi-es-como-nuestro-querido-papa-juan-pablo-ii-respondio-a-la-acusacion-de-su-obsesion-por-el-aborto\/","url_meta":{"origin":1656,"position":1},"title":"As\u00ed es como Nuestro Querido Papa Juan Pablo II respondi\u00f3 a la acusaci\u00f3n de su \"obsesi\u00f3n\" por el aborto.","date":"6 octubre 2013","format":false,"excerpt":"Art\u00edculo de LifeSiteNews. Traduccion y edici\u00f3n libre Monica Y.A. de www.catolicasmexico.com En la entrevista de 1994 el Papa Juan Pablo respondi\u00f3 a la acusaci\u00f3n de estar \u201cobsesionado\u201d por el aborto. (...) En el cap\u00edtulo titulado La defensa de toda vida, Messori pregunt\u00f3: \"Su condena repetida de toda legalizaci\u00f3n del aborto\u2026","rel":"","context":"En \u00abAborto\u00bb","img":{"alt_text":"","src":"https:\/\/i2.wp.com\/catolicasmexico.com\/blog\/wp-content\/uploads\/2013\/10\/20131007-191428.jpg?resize=350%2C200","width":350,"height":200},"classes":[]},{"id":2151,"url":"http:\/\/catolicasmexico.com\/blog\/te-recomendamos-dos-organismos-provida\/","url_meta":{"origin":1656,"position":2},"title":"Te recomendamos dos organismos provida.","date":"27 noviembre 2013","format":false,"excerpt":"Acabamos de descubrir dos sitios provida s\u00faper interesantes, el primero es el sitio: www.sialavida.org, que es un sitio provida mexicano sin fines religiosos, ni pol\u00edticos que trata de crear una verdadera conciencia social sobre la realidad del aborto, encontraras, v\u00eddeos, testimonios de chicas que abortaron o pensaron hacerlo a priori\u2026","rel":"","context":"En \u00abAborto\u00bb","img":{"alt_text":"","src":"https:\/\/i0.wp.com\/catolicasmexico.com\/blog\/wp-content\/uploads\/2013\/11\/20131127-182219.jpg?resize=350%2C200","width":350,"height":200},"classes":[]},{"id":311,"url":"http:\/\/catolicasmexico.com\/blog\/20-mil-marcharon-en-roma-por-la-vida-y-contra-el-aborto\/","url_meta":{"origin":1656,"position":3},"title":"20 mil marcharon en Roma por la vida y contra el aborto","date":"14 mayo 2013","format":false,"excerpt":"ROMA, 13 May. 13 \/ 12:29 pm (ACI\/EWTN Noticias).- M\u00e1s de 20 mil personas, entre italianos y extranjeros, salieron ayer a las calles de Roma (Italia) en un ambiente festivo para participar de la tercera Marcha por la\u00a0Vida, en la que se pidi\u00f3 respetar este derecho humano inalienable y para\u2026","rel":"","context":"En \u00abAborto\u00bb","img":{"alt_text":"","src":"https:\/\/i2.wp.com\/catolicasmexico.com\/blog\/wp-content\/uploads\/2013\/05\/ppbebevientre03042013.jpg?resize=350%2C200","width":350,"height":200},"classes":[]},{"id":721,"url":"http:\/\/catolicasmexico.com\/blog\/el-salvador-beatriz-no-aborto-y-dio-a-luz-a-su-hija-con-anencefalia\/","url_meta":{"origin":1656,"position":4},"title":"El Salvador: \"Beatriz\" no abort\u00f3 y dio a luz a su hija con anencefalia","date":"4 junio 2013","format":false,"excerpt":"SAN SALVADOR, 04 Jun. 13 \/ 12:15 pm (ACI\/EWTN Noticias).- \"Beatriz\" -nombre ficticio- una joven de 22 a\u00f1os que padece lupus y estaba embarazada de una ni\u00f1a con anencefalia, no se someti\u00f3 a un aborto y dio a luz a trav\u00e9s de una ces\u00e1rea ayer, alrededor del mediod\u00eda (hora de\u2026","rel":"","context":"En \u00abAborto\u00bb","img":{"alt_text":"","src":"","width":0,"height":0},"classes":[]},{"id":796,"url":"http:\/\/catolicasmexico.com\/blog\/presidente-de-guatemala-ratifica-rechazo-a-aborto-y-apoyo-a-familia-natural\/","url_meta":{"origin":1656,"position":5},"title":"Presidente de Guatemala ratifica rechazo a aborto y apoyo a familia natural","date":"11 junio 2013","format":false,"excerpt":"REDACCI\u00d3N CENTRAL, Comentario de www.catolicasmexico.com . Felicitamos al Sr.Presidente por el valor que tiene al defender los valores familiares. Haber resistido a los ataques y a las presiones de grupos financiados por extranjeros, es un acto heroico, que no muchos gobiernos, realizan. \u00a1Que Dios lo bendiga y le otorgu\u00e9 las\u2026","rel":"","context":"En \u00abAborto\u00bb","img":{"alt_text":"","src":"","width":0,"height":0},"classes":[]}],"jetpack_likes_enabled":false,"jetpack_sharing_enabled":true,"_links":{"self":[{"href":"http:\/\/catolicasmexico.com\/blog\/wp-json\/wp\/v2\/posts\/1656"}],"collection":[{"href":"http:\/\/catolicasmexico.com\/blog\/wp-json\/wp\/v2\/posts"}],"about":[{"href":"http:\/\/catolicasmexico.com\/blog\/wp-json\/wp\/v2\/types\/post"}],"author":[{"embeddable":true,"href":"http:\/\/catolicasmexico.com\/blog\/wp-json\/wp\/v2\/users\/2"}],"replies":[{"embeddable":true,"href":"http:\/\/catolicasmexico.com\/blog\/wp-json\/wp\/v2\/comments?post=1656"}],"version-history":[{"count":1,"href":"http:\/\/catolicasmexico.com\/blog\/wp-json\/wp\/v2\/posts\/1656\/revisions"}],"predecessor-version":[{"id":1657,"href":"http:\/\/catolicasmexico.com\/blog\/wp-json\/wp\/v2\/posts\/1656\/revisions\/1657"}],"wp:featuredmedia":[{"embeddable":true,"href":"http:\/\/catolicasmexico.com\/blog\/wp-json\/wp\/v2\/media\/1655"}],"wp:attachment":[{"href":"http:\/\/catolicasmexico.com\/blog\/wp-json\/wp\/v2\/media?parent=1656"}],"wp:term":[{"taxonomy":"category","embeddable":true,"href":"http:\/\/catolicasmexico.com\/blog\/wp-json\/wp\/v2\/categories?post=1656"},{"taxonomy":"post_tag","embeddable":true,"href":"http:\/\/catolicasmexico.com\/blog\/wp-json\/wp\/v2\/tags?post=1656"}],"curies":[{"name":"wp","href":"https:\/\/api.w.org\/{rel}","templated":true}]}}