{"id":1652,"date":"2013-08-21T11:45:55","date_gmt":"2013-08-21T16:45:55","guid":{"rendered":"http:\/\/catolicasmexico.com\/blog\/?p=1652"},"modified":"2013-08-21T11:45:55","modified_gmt":"2013-08-21T16:45:55","slug":"un-hombre-asiste-impotente-al-aborto-de-sus-dos-gemelos-aun-a-pesar-de-que-dios-habia-hablado","status":"publish","type":"post","link":"http:\/\/catolicasmexico.com\/blog\/un-hombre-asiste-impotente-al-aborto-de-sus-dos-gemelos-aun-a-pesar-de-que-dios-habia-hablado\/","title":{"rendered":"Un hombre asiste impotente al aborto de sus dos gemelos aun a pesar de que Dios hab\u00eda hablado"},"content":{"rendered":"<p><a href=\"http:\/\/catolicasmexico.com\/blog\/wp-content\/uploads\/2013\/08\/20130821-1249032.jpg\"><img src=\"http:\/\/catolicasmexico.com\/blog\/wp-content\/uploads\/2013\/08\/20130821-1249032.jpg\" alt=\"20130821-124903.jpg\" class=\"alignnone size-full\"  \/> <\/a><\/p>\n<p>Articulo de Religi\u00f3n en libertad.<br \/>\nEditado www.catolicasmexico.com<br \/>\n(&#8230;)<br \/>\nEl hombre que dej\u00f3 su testimonio en Facebook (acreditado por distintas organizaciones provida norteamericanas) no se anda por las ramas: \u00abEsto no va de los derechos de la mujer. Esto va de asesinato. Lo he vivido a trav\u00e9s del aborto\u00bb. Muchas mujeres abortan inducidas, incluso coaccionadas, por los padres del ni\u00f1o, ante la indiferencia de feministas y abortistas te\u00f3ricamente pro choice [pro elecci\u00f3n]. Pero tambi\u00e9n muchos padres varones asisten impotentes a la muerte de hijos que querr\u00edan tener. La ley no les pide su opini\u00f3n. <\/p>\n<p>Y el caso que nos ocupa es uno de los m\u00e1s estremecedores: \u00abPerd\u00ed dos gemelos en aras del \u00b4derecho de la mujer\u00b4 a abortar. No tuve nada que decir. Sent\u00ed a mis hijos en el momento en el que murieron. Fueron asesinados. La que entonces era mi novia llor\u00f3 durante meses. Ella tambi\u00e9n los sinti\u00f3 morir. No se dio cuenta de que hab\u00eda \u00b4asesinado\u00b4 a dos ni\u00f1os hasta que estaba hecho. Su dolor fue horrendo. Se convirti\u00f3 en suicida\u00bb.<\/p>\n<p>\u00abNo estaba preparada\u00bb<br \/>\nLa mujer hab\u00eda acudido a Planned Parenthood porque era \u00abdemasiado joven\u00bb y no estaba preparada para tener hijos. \u00a1Ten\u00eda 24 a\u00f1os! No hab\u00eda planificado ser madre. \u00abEs ir\u00f3nico\u00bb, dice el hombre, \u00abque una persona que no hab\u00eda planificado ser madre acuda a un lugar llamado Paternidad Planificada para que sus hijos sean troceados dentro de su seno y aspirados luego a cachos. A m\u00ed eso no me parece \u00b4planificar\u00b4\u00bb.<\/p>\n<p>Le reprocha con acritud a su novia que estuviera ciega a cualquier otra posibilidad. Cuando acudi\u00f3 al abortorio hab\u00eda personas fuera ofreciendo alternativas, mostrando los resultados de un aborto&#8230; \u00abElla ignor\u00f3 al peque\u00f1o grupo de manifestantes. Estaba ejerciendo sus \u00b4derechos\u00b4. Era una \u00b4mujer moderna\u00b4. Su vida era de ella y nadie m\u00e1s. Nada que ver con unos \u00b4huevos fertilizados\u00b4 dentro de s\u00ed\u00bb. Estaba de poco menos de 20 semanas, y la ecograf\u00eda mostr\u00f3 que eran gemelos.<\/p>\n<p>La noche en la que Dios habl\u00f3<br \/>\nLa noche anterior, hablaron de alternativas. \u00abYo llor\u00e9. Ella llor\u00f3. Era una cristiana tibia, cre\u00eda en Dios en un sentido espiritual, pero no en el Dios de la Biblia. Puse mi mano sobre la suya y luego sobre su vientre, rec\u00e9 y dije: \u00b4Dios m\u00edo, gu\u00edanos en esta hora negra y confusa. Ind\u00edcanos la direcci\u00f3n que s\u00f3lo T\u00fa conoces como la correcta&#8230;\u00bb. <\/p>\n<p>Y justo entonces sentimos una patadita. Y luego otra. Y otra. Llor\u00e9. Ella llor\u00f3. \u00b4Dios nos est\u00e1 hablando, ha respondido a nuestras oraciones\u00b4. \u00b4Pero ya tengo cita\u00b4, dijo ella. Yo le contest\u00e9 que eso no significaba nada, que Dios nos hab\u00eda hablado. Yo lo sent\u00eda as\u00ed. Ella lo sent\u00eda as\u00ed tambi\u00e9n. Por primera vez en su vida&#8230; sinti\u00f3 a Dios habl\u00e1ndole a ella\u00bb.<\/p>\n<p>(&#8230;)<\/p>\n<p>La suerte estaba echada<br \/>\nA la ma\u00f1ana siguiente \u00e9l se levant\u00f3 para ir a trabajar pensando que las cosas, al final, saldr\u00edan bien. Pero entonces ella baj\u00f3 las escaleras diciendo que iba a hacerlo, y le pidi\u00f3 que la llevase al abortorio. \u00abIntent\u00e9 razonar con ella y me negu\u00e9 a llevarla. Ella llam\u00f3 a un taxi. Entonces pens\u00e9 que si iba en un taxi, lo m\u00e1s probable es que abortara\u00bb, cuenta el hombre.<\/p>\n<p>As\u00ed que la llev\u00f3 a Planned Parenthood, para intentar por el camino convencerla. \u00abElla callaba. Ni una palabra. Miraba por la ventanilla. Era muy terca. Era una \u00b4mujer moderna\u00b4, nadie iba a decirle lo que ten\u00eda que hacer. Ni yo, ni Dios, ni nadie\u00bb.<br \/>\n(&#8230;)<\/p>\n<p>Llegaron al control de Planned Parenthood y entraron. \u00abCog\u00ed sus manos y le ped\u00ed: Por favor, no lo hagas, pi\u00e9nsalo bien. Luego me dirig\u00ed a la persona que nos acompa\u00f1aba: \u00b4Por favor, no queremos seguir con esto, no maten a nuestros hijos\u00b4\u00bb. Pero su novia se solt\u00f3 la mano y se meti\u00f3 en el ascensor con la trabajadora del abortorio.<\/p>\n<p>Hace entrada la desesperaci\u00f3n<br \/>\n\u00abMe sent\u00ed derrotado. Abandon\u00e9 la cl\u00ednica, me met\u00ed en mi coche y me puse a conducir a demasiada velocidad. Me salt\u00e9 un par de sem\u00e1foros en rojo. Estaba asustado, enfadado, herido, perdido, todas las emociones me atravesaban. Quer\u00eda gritar. \u00a1No pod\u00eda proteger a mis hijos! \u00a1Era incapaz de hacer una sola cosa para protegerlos! \u00bfD\u00f3nde estaban mis derechos? \u00bfD\u00f3nde los derechos de esas dos preciosas criaturas? \u00bfQu\u00e9 demonios tienen que ver los derechos con el asesinato?\u00bb.<br \/>\n(&#8230;)\u00bbEn el momento en el que mis hijos fueron asesinados, fue como sin un rayo atravesase mi cuerpo. Lo sent\u00ed. Supe que algo horrible hab\u00eda sucedido en ese momento. Y ella lo sinti\u00f3 tambi\u00e9n\u00bb.<\/p>\n<p>Fren\u00f3, dio media vuelta y a toda prisa volvi\u00f3 al abortorio. Aparc\u00f3 donde pudo, llam\u00f3 a la puerta, le abrieron, corri\u00f3 subiendo las escaleras y pregunt\u00f3 por su novia. \u00abSe est\u00e1 recuperando\u00bb, le dijeron. Pidi\u00f3 verla, y tras unos minutos \u00abde agon\u00eda\u00bb le permitieron pasar.<\/p>\n<p>\u00abEstaba llorando. Dec\u00eda: \u00b4Me equivoqu\u00e9. Les sent\u00ed cuando murieron. Junto con nuestros ni\u00f1os, arrancaron mi coraz\u00f3n\u00b4. Ambos lloramos. Ella dijo: \u00b4\u00a1Dios m\u00edo, \u00bfqu\u00e9 he hecho?! Me siento horrible, vac\u00eda, como un desierto, como una flor muerta\u00b4. Segu\u00ed con ella unos minutos, pero necesit\u00e1bamos aire\u00bb.<\/p>\n<p>\u00c9l baj\u00f3 a estacionarse bien, volvi\u00f3, y cuando a la joven le dieron el alta, se fueron. \u00abElla apenas pod\u00eda sostenerse. \u00b4\u00bfPor qu\u00e9 no escuch\u00e9? \u00bfEn qu\u00e9 pensaba?\u00b4, dec\u00eda. El dolor emocional era insoportable\u00bb.<\/p>\n<p>Una reflexi\u00f3n<br \/>\n\u00abPas\u00f3 un tiempo entrando y saliendo de hospitales mentales\u00bb, cuenta el hombre: \u00abEmpez\u00f3 a tomar ansiol\u00edticos y antidepresivos. Aquello arruin\u00f3 su vida\u00bb.<\/p>\n<p>Y plantea una reflexi\u00f3n final: \u00abCuando tus derechos arruinan tu vida&#8230; es que algo mal hay en la ley\u00bb.<\/p>\n","protected":false},"excerpt":{"rendered":"<p>Articulo de Religi\u00f3n en libertad. Editado www.catolicasmexico.com (&#8230;) El hombre que dej\u00f3 su testimonio en Facebook (acreditado por distintas organizaciones provida norteamericanas) no se anda por las ramas: \u00abEsto no va de los derechos de la mujer. Esto va de asesinato. Lo he vivido a trav\u00e9s del aborto\u00bb. Muchas mujeres abortan inducidas, incluso coaccionadas, por [&hellip;]<\/p>\n","protected":false},"author":2,"featured_media":1651,"comment_status":"open","ping_status":"open","sticky":false,"template":"","format":"standard","meta":{"spay_email":"","jetpack_publicize_message":"","jetpack_is_tweetstorm":false},"categories":[9,72],"tags":[718,118],"aioseo_notices":[],"jetpack_featured_media_url":"http:\/\/catolicasmexico.com\/blog\/wp-content\/uploads\/2013\/08\/20130821-1249032.jpg","jetpack_publicize_connections":[],"jetpack_shortlink":"https:\/\/wp.me\/p3B5XH-qE","jetpack-related-posts":[{"id":3415,"url":"http:\/\/catolicasmexico.com\/blog\/gemelos-prematuros-nacidos-una-semana-antes-del-limite-legal-de-aborto-sobreviven-milagrosamente\/","url_meta":{"origin":1652,"position":0},"title":"Gemelos prematuros nacidos una semana antes del l\u00edmite legal de aborto sobreviven milagrosamente","date":"23 septiembre 2014","format":false,"excerpt":"Articulo LifeNews traducci\u00f3n y edici\u00f3n libre Martin Pacheco Apenas un d\u00eda despu\u00e9s de que los padres de un beb\u00e9 prematuro hayan publicado una foto de su neonato, con la esperanza de contrarrestar el aborto tard\u00edo legal, nos llega otra fabulosa historia. En esta nueva historia, los padres de gemelos prematuros\u2026","rel":"","context":"En \u00abAborto\u00bb","img":{"alt_text":"","src":"https:\/\/i1.wp.com\/catolicasmexico.com\/blog\/wp-content\/uploads\/2014\/09\/IMG_0014.jpg?resize=350%2C200","width":350,"height":200},"classes":[]},{"id":4020,"url":"http:\/\/catolicasmexico.com\/blog\/el-doctor-le-dijo-que-abortara-a-dos-de-ellos-milagrosamente-los-trillizos-celebran-su-primer-aniversario\/","url_meta":{"origin":1652,"position":1},"title":"El doctor le dijo que abortara a dos de ellos. Milagrosamente los trillizos celebran su primer aniversario.","date":"8 octubre 2015","format":false,"excerpt":"....\" la t\u00e9cnica General para la reducci\u00f3n selectiva es sumergir una aguja llena de cloruro de potasio en el coraz\u00f3n del beb\u00e9.Poco despu\u00e9s de que el producto qu\u00edmico penetra en el coraz\u00f3n del beb\u00e9, ocasionando un paro cardiaco. Este tipo de aborto se practica entre 9 a 13 semanas de\u2026","rel":"","context":"En \u00abAborto\u00bb","img":{"alt_text":"","src":"https:\/\/i2.wp.com\/catolicasmexico.com\/blog\/wp-content\/uploads\/2015\/10\/IMG_0311.jpg?resize=350%2C200","width":350,"height":200},"classes":[]},{"id":4249,"url":"http:\/\/catolicasmexico.com\/blog\/dos-anos-despues-del-nacimiento-de-su-nino-aborto-a-su-hermano-por-nacer\/","url_meta":{"origin":1652,"position":2},"title":"Dos a\u00f1os despu\u00e9s del nacimiento de su ni\u00f1o, abort\u00f3 a su hermano por nacer","date":"18 febrero 2016","format":false,"excerpt":"\u00a0 Original de lifenews.com traduccion libre para catolicasmexico.com Hoy en d\u00eda, millones de ni\u00f1os en Am\u00e9rica tienen hermanos o hermanas que nunca conocer\u00e1n a causa del aborto. \u00a0 El hijo de la promotora del aborto Liz Jones es uno de ellos. El blog de Tumblr \"Pregnant, Parenting & Pro-Choice\" (Embarazada,\u2026","rel":"","context":"En \u00abAborto\u00bb","img":{"alt_text":"","src":"https:\/\/i2.wp.com\/catolicasmexico.com\/blog\/wp-content\/uploads\/2016\/02\/lizjones.png?resize=350%2C200","width":350,"height":200},"classes":[]},{"id":3786,"url":"http:\/\/catolicasmexico.com\/blog\/su-marido-queria-un-nino-entonces-ella-aborto-18-veces-antes-de-tener-un-varon\/","url_meta":{"origin":1652,"position":3},"title":"Su marido quer\u00eda un ni\u00f1o, entonces ella abort\u00f3 18 veces antes de tener un var\u00f3n","date":"4 junio 2015","format":false,"excerpt":"El aborto selectivo es un problema internacional \u2014 y el fen\u00f3meno es m\u00e1s frecuente en el sudeste asi\u00e1tico. En naciones como China e India, las ni\u00f1as son abortadas rutinariamente porque las costumbres culturales a favorecen a los varones. Vietnam, por desgracia, no es una excepci\u00f3n. \u00a0 Y es all\u00ed donde\u2026","rel":"","context":"En \u00abAborto\u00bb","img":{"alt_text":"","src":"https:\/\/i1.wp.com\/catolicasmexico.com\/blog\/wp-content\/uploads\/2015\/06\/vietnam.jpg?resize=350%2C200","width":350,"height":200},"classes":[]},{"id":1615,"url":"http:\/\/catolicasmexico.com\/blog\/sorprendente-historia-de-confianza-en-dios-gemelos-que-se-salvaron-de-morir-en-un-aborto-ahora-son-sacerdotes\/","url_meta":{"origin":1652,"position":4},"title":"\u00a1Sorprendente historia de confianza en Dios! : Gemelos que se salvaron de morir en un aborto ahora son sacerdotes.","date":"15 agosto 2013","format":false,"excerpt":"Edici\u00f3n www.catolicasmexico.com Por Paulo y Felipe Lizama REDACCI\u00d3N CENTRAL, 15 Ago. 13 \/ 05:21 am (ACI).- A inicios de 1984 una ecograf\u00eda mostraba que en el vientre de la chilena Rosa Silva se gestaba un beb\u00e9 con tres brazos y dos cabezas. Los m\u00e9dicos insistieron en que se practique un\u2026","rel":"","context":"En \u00abAborto\u00bb","img":{"alt_text":"","src":"","width":0,"height":0},"classes":[]},{"id":766,"url":"http:\/\/catolicasmexico.com\/blog\/correspondencia-entre-una-quebequense-sorprendida-y-una-colaboradora-de-la-campana-quebec-vida\/","url_meta":{"origin":1652,"position":5},"title":"Correspondencia entre una quebequense sorprendida y una colaboradora de la Campa\u00f1a Quebec-Vida.","date":"7 junio 2013","format":false,"excerpt":"Publicado por Georges Buscemi en Campagne Qu\u00e9bec-Vie, Jueves 06\/04\/2013 - 09:40 Resumido y traducido del franc\u00e9s por Elizabeth de la Teja Bosch para www.catolicasmexico.com Comentario de Elizabeth de la teja . \"Creo que ilustra bastante bien en qu\u00e9 punto est\u00e1 la opini\u00f3n p\u00fablica en Quebec con respecto al tema del\u2026","rel":"","context":"En \u00abAborto\u00bb","img":{"alt_text":"","src":"","width":0,"height":0},"classes":[]}],"jetpack_likes_enabled":false,"jetpack_sharing_enabled":true,"_links":{"self":[{"href":"http:\/\/catolicasmexico.com\/blog\/wp-json\/wp\/v2\/posts\/1652"}],"collection":[{"href":"http:\/\/catolicasmexico.com\/blog\/wp-json\/wp\/v2\/posts"}],"about":[{"href":"http:\/\/catolicasmexico.com\/blog\/wp-json\/wp\/v2\/types\/post"}],"author":[{"embeddable":true,"href":"http:\/\/catolicasmexico.com\/blog\/wp-json\/wp\/v2\/users\/2"}],"replies":[{"embeddable":true,"href":"http:\/\/catolicasmexico.com\/blog\/wp-json\/wp\/v2\/comments?post=1652"}],"version-history":[{"count":1,"href":"http:\/\/catolicasmexico.com\/blog\/wp-json\/wp\/v2\/posts\/1652\/revisions"}],"predecessor-version":[{"id":1653,"href":"http:\/\/catolicasmexico.com\/blog\/wp-json\/wp\/v2\/posts\/1652\/revisions\/1653"}],"wp:featuredmedia":[{"embeddable":true,"href":"http:\/\/catolicasmexico.com\/blog\/wp-json\/wp\/v2\/media\/1651"}],"wp:attachment":[{"href":"http:\/\/catolicasmexico.com\/blog\/wp-json\/wp\/v2\/media?parent=1652"}],"wp:term":[{"taxonomy":"category","embeddable":true,"href":"http:\/\/catolicasmexico.com\/blog\/wp-json\/wp\/v2\/categories?post=1652"},{"taxonomy":"post_tag","embeddable":true,"href":"http:\/\/catolicasmexico.com\/blog\/wp-json\/wp\/v2\/tags?post=1652"}],"curies":[{"name":"wp","href":"https:\/\/api.w.org\/{rel}","templated":true}]}}