{"id":165,"date":"2013-05-07T13:06:03","date_gmt":"2013-05-07T18:06:03","guid":{"rendered":"http:\/\/catolicasmexico.com\/blog\/?p=165"},"modified":"2013-05-07T13:11:23","modified_gmt":"2013-05-07T18:11:23","slug":"peru-municipalidad-busca-aprobar-ordenanza-gay-en-el-dia-de-la-virgen-de-fatima","status":"publish","type":"post","link":"http:\/\/catolicasmexico.com\/blog\/peru-municipalidad-busca-aprobar-ordenanza-gay-en-el-dia-de-la-virgen-de-fatima\/","title":{"rendered":"PERU: Municipalidad busca aprobar \u00abordenanza gay\u00bb, en el d\u00eda de la Virgen de Fatima."},"content":{"rendered":"<p><a href=\"http:\/\/catolicasmexico.com\/blog\/wp-content\/uploads\/2013\/05\/image-7.jpeg\"><img data-attachment-id=\"166\" data-permalink=\"http:\/\/catolicasmexico.com\/blog\/peru-municipalidad-busca-aprobar-ordenanza-gay-en-el-dia-de-la-virgen-de-fatima\/image-7-2\/\" data-orig-file=\"http:\/\/catolicasmexico.com\/blog\/wp-content\/uploads\/2013\/05\/image-7.jpeg\" data-orig-size=\"500,340\" data-comments-opened=\"1\" data-image-meta=\"{&quot;aperture&quot;:&quot;0&quot;,&quot;credit&quot;:&quot;&quot;,&quot;camera&quot;:&quot;&quot;,&quot;caption&quot;:&quot;&quot;,&quot;created_timestamp&quot;:&quot;0&quot;,&quot;copyright&quot;:&quot;&quot;,&quot;focal_length&quot;:&quot;0&quot;,&quot;iso&quot;:&quot;0&quot;,&quot;shutter_speed&quot;:&quot;0&quot;,&quot;title&quot;:&quot;&quot;,&quot;orientation&quot;:&quot;0&quot;}\" data-image-title=\"image (7)\" data-image-description=\"\" data-medium-file=\"http:\/\/catolicasmexico.com\/blog\/wp-content\/uploads\/2013\/05\/image-7-300x204.jpeg\" data-large-file=\"http:\/\/catolicasmexico.com\/blog\/wp-content\/uploads\/2013\/05\/image-7.jpeg\" class=\"alignnone size-thumbnail wp-image-166\" title=\"image (7)\" src=\"http:\/\/catolicasmexico.com\/blog\/wp-content\/uploads\/2013\/05\/image-7-150x150.jpg\" alt=\"\" width=\"150\" height=\"150\" srcset=\"http:\/\/catolicasmexico.com\/blog\/wp-content\/uploads\/2013\/05\/image-7-150x150.jpg 150w\" sizes=\"100vw\" \/> <\/a><\/p>\n<p>LIMA, 06 May. 13 \/ 04:45 pm (<a href=\"http:\/\/www.aciprensa.com\/\" target=\"_blank\"><strong>ACI<\/strong><\/a>).- La\u00a0<a href=\"http:\/\/www.aciprensa.com\/noticias\/alcaldesa-de-lima-ofrece-aprobar-ordenanza-gay-si-no-es-revocada-de-su-cargo-38707\/\" target=\"_blank\">\u00abordenanza gay\u00bb, que obligar\u00eda a aceptar el \u00abafecto homosexual\u00bb en locales comerciales y espacios p\u00fablicos de Lima<\/a>, as\u00ed como en colegios, ha vuelto a ser puesta en agenda por la Municipalidad de Lima (Per\u00fa) para su votaci\u00f3n en la Comisi\u00f3n Metropolitana de Asuntos Legales, el pr\u00f3ximo 13 de mayo, fiesta de la Virgen de F\u00e1tima.<\/p>\n<p>En la convocatoria, programada para las 3:00 p.m., hora local, del 13 de mayo, figura en el \u00edtem 15 de la orden del d\u00eda el Proyecto de Ordenanza Contra todo Tipo de Discriminaci\u00f3n, cuya aprobaci\u00f3n fuera prometida por la alcaldesa de Lima, Susana Villar\u00e1n, al lobby gay si no era revocada de su cargo, en la votaci\u00f3n del pasado 17 de marzo.<\/p>\n<p>En el proyecto de ordenanza, se afirma falsamente que \u00abde acuerdo al marco legal vigente\u00bb en el pa\u00eds, todas las personas tienen derecho a \u00aborientaci\u00f3n e identidad sexuales\u00bb, cosa promovida por el lobby gay pero no aceptada en la Constituci\u00f3n de Per\u00fa.<\/p>\n<p>Tal como explic\u00f3 a\u00a0<a href=\"http:\/\/www.aciprensa.com\/\" target=\"_blank\">ACI<\/a>\u00a0Prensa el 4 de marzo de este a\u00f1o Sergio Burga, investigador asociado de la oficina para Am\u00e9rica Latina del Popular Research Institute (PRI), la \u00abordenanza gay\u00bb impulsada por la alcaldesa de Lima busca \u00abestablecer los criterios para \u2018promover la igualdad de g\u00e9nero y evitar la discriminaci\u00f3n por orientaci\u00f3n sexual\u2019, es decir un argumento para imponer la ideolog\u00eda gay en esta capital, obligando a los colegios a aceptar y \u2018tolerar cualquier \u2018muestra p\u00fablica f\u00edsica de afecto\u2019 homosexual\u00bb.<\/p>\n<p>El pasado 10 de abril, poco antes de abandonar sus funciones,\u00a0<a href=\"http:\/\/www.aciprensa.com\/noticias\/regidores-revocados-intentan-aprobar-ordenanza-gay-antes-de-dejar-cargos-20514\/\" target=\"_blank\">los regidores revocados del partido de izquierda Fuerza Social (FS), que integra tambi\u00e9n Villar\u00e1n, intentaron aprobar la \u00abordenanza gay\u00bb,\u00a0<\/a>pero fracasaron al no presentarse el n\u00famero necesario de regidores para realizar la votaci\u00f3n.<\/p>\n<p>En esa ocasi\u00f3n, el regidor del Partido Popular Cristiano (PPC), Jorge Villena, critic\u00f3 el contenido del proyecto de ordenanza al incluir derechos que \u00abresultan redundantes, pues la Constituci\u00f3n y la ley ya contemplan sanciones sobre actitudes discriminatorias\u00bb, y que al mismo tiempo \u00abpretenden introducir definiciones que no se encuentran en las leyes nacionales\u00bb, en referencia a la \u00aborientaci\u00f3n sexual\u00bb, no reconocida por la legislaci\u00f3n peruana.<\/p>\n","protected":false},"excerpt":{"rendered":"<p>LIMA, 06 May. 13 \/ 04:45 pm (ACI).- La\u00a0\u00abordenanza gay\u00bb, que obligar\u00eda a aceptar el \u00abafecto homosexual\u00bb en locales comerciales y espacios p\u00fablicos de Lima, as\u00ed como en colegios, ha vuelto a ser puesta en agenda por la Municipalidad de Lima (Per\u00fa) para su votaci\u00f3n en la Comisi\u00f3n Metropolitana de Asuntos Legales, el pr\u00f3ximo 13 [&hellip;]<\/p>\n","protected":false},"author":2,"featured_media":166,"comment_status":"open","ping_status":"open","sticky":false,"template":"","format":"standard","meta":{"spay_email":"","jetpack_publicize_message":"","jetpack_is_tweetstorm":false},"categories":[12],"tags":[],"aioseo_notices":[],"jetpack_featured_media_url":"http:\/\/catolicasmexico.com\/blog\/wp-content\/uploads\/2013\/05\/image-7.jpeg","jetpack_publicize_connections":[],"jetpack_shortlink":"https:\/\/wp.me\/p3B5XH-2F","jetpack-related-posts":[{"id":303,"url":"http:\/\/catolicasmexico.com\/blog\/hoy-es-la-fiesta-de-la-virgen-de-fatima\/","url_meta":{"origin":165,"position":0},"title":"Hoy es la fiesta de la Virgen de Fatima","date":"13 mayo 2013","format":false,"excerpt":"REDACCI\u00d3N CENTRAL, 13 May. 13 \/ 12:01 am (ACI).- Hoy 13 de mayo se celebra en todo el mundo la Fiesta de la Virgen de F\u00e1tima, en memoria de su primera aparici\u00f3n en las colinas de Cova de Ir\u00eda (Portugal), en 1917. Con ocasi\u00f3n de esta importante devoci\u00f3n cat\u00f3lica mariana,\u00a0ACI\u00a0Prensa\u2026","rel":"","context":"En \u00abFe\u00bb","img":{"alt_text":"","src":"https:\/\/i0.wp.com\/catolicasmexico.com\/blog\/wp-content\/uploads\/2013\/05\/image-15.jpeg?resize=350%2C200","width":350,"height":200},"classes":[]},{"id":2753,"url":"http:\/\/catolicasmexico.com\/blog\/la-imagen-de-la-virgen-de-czestochowa-visito-los-40-dias-por-la-vida\/","url_meta":{"origin":165,"position":1},"title":"La imagen de la virgen de Czestochowa, visit\u00f3 los 40 d\u00edas por la vida.","date":"19 marzo 2014","format":false,"excerpt":"Desde el mes de mayo de 2012, la imagen de Nuestra Se\u00f1ora, viaj\u00f3 desde Czestochowa y de Bielorrusia, as\u00ed, la Virgen Mar\u00eda comenz\u00f3 una peregrinaci\u00f3n desde el oc\u00e9ano Pac\u00edfico hasta el oc\u00e9ano Atl\u00e1ntico a trav\u00e9s de todos los pa\u00edses europeos y de cada ciudad hasta llegar al Santuario de nuestra\u2026","rel":"","context":"En \u00abFe\u00bb","img":{"alt_text":"","src":"https:\/\/i0.wp.com\/catolicasmexico.com\/blog\/wp-content\/uploads\/2014\/03\/20140319-120545.jpg?resize=350%2C200","width":350,"height":200},"classes":[]},{"id":2894,"url":"http:\/\/catolicasmexico.com\/blog\/mayo-mes-del-santo-rosario\/","url_meta":{"origin":165,"position":2},"title":"Mayo mes del Santo Rosario","date":"7 mayo 2014","format":false,"excerpt":"Valoricemos en este mes de mayo el rezo del Santo Rosario, pide el Papa Francisco Virgen Del Rosario \/ Autor: Bartolom\u00e9 Esteban Murillo (Dominio P\u00fablico) VATICANO, 07 May. 14 \/ 09:41 am (ACI\/EWTN Noticias).- Al t\u00e9rmino de la Audiencia General de este mi\u00e9rcoles, el Papa Francisco invit\u00f3 a los miles\u2026","rel":"","context":"En \u00abFe\u00bb","img":{"alt_text":"","src":"https:\/\/i2.wp.com\/catolicasmexico.com\/blog\/wp-content\/uploads\/2014\/05\/20140507-155601.jpg?resize=350%2C200","width":350,"height":200},"classes":[]},{"id":2217,"url":"http:\/\/catolicasmexico.com\/blog\/hoy-la-iglesia-celebra-a-la-virgen-de-guadalupe-patrona-de-america\/","url_meta":{"origin":165,"position":3},"title":"Hoy la Iglesia celebra a la Virgen de Guadalupe, Patrona de Am\u00e9rica","date":"12 diciembre 2013","format":false,"excerpt":"LIMA, 12 Dic. 13 \/ 12:04 am (ACI).- Hoy 12 de diciembre fieles en el mundo entero festejan a Nuestra Se\u00f1ora de Guadalupe, Patrona de M\u00e9xico y Emperatriz de Am\u00e9rica, y en el marco de esta fecha el Papa Francisco se\u00f1al\u00f3 que la aparici\u00f3n de la Madre de Dios en\u2026","rel":"","context":"En \u00abFe\u00bb","img":{"alt_text":"","src":"","width":0,"height":0},"classes":[]},{"id":2827,"url":"http:\/\/catolicasmexico.com\/blog\/peru-lider-del-lobby-gay-revela-que-matrimonio-es-primer-paso-de-agenda-homosexual\/","url_meta":{"origin":165,"position":4},"title":"Per\u00fa: L\u00edder del lobby gay revela que \u201cmatrimonio\u201d es primer paso de agenda homosexual","date":"14 abril 2014","format":false,"excerpt":"Captura de pantalla de Facebook de Jorge Alberto Ch\u00e1vez Reyes. Fuente: Parejas Reales El director del Diario de Lima Gay y ex presidente del movimiento homosexual de Lima (mhol), Jorge Alberto Ch\u00e1vez Reyes, revel\u00f3 a trav\u00e9s de su cuenta en la red social Facebook que la campa\u00f1a por la aprobaci\u00f3n\u2026","rel":"","context":"En \u00abFamilia\u00bb","img":{"alt_text":"","src":"https:\/\/i2.wp.com\/catolicasmexico.com\/blog\/wp-content\/uploads\/2014\/04\/20140414-171031.jpg?resize=350%2C200","width":350,"height":200},"classes":[]},{"id":1372,"url":"http:\/\/catolicasmexico.com\/blog\/los-peruanos-no-votaran-por-los-candidatos-que-apoyen-aborto-y-matrimonio-gay\/","url_meta":{"origin":165,"position":5},"title":"Los Peruanos no votar\u00e1n por  los candidatos que apoyen aborto y \u201cmatrimonio\u201d gay","date":"24 julio 2013","format":false,"excerpt":"Este reportaje, de ACI prensa, muestra que el pueblo peruano est\u00e1 en contra del aborto,el matrimonio gay y la legalizaci\u00f3n de la droga. Adem\u00e1s nos muestra los objetivos del grupo seudocat\u00f3lico CDD la divisi\u00f3n, la confusi\u00f3n entre los cat\u00f3licos y la promoci\u00f3n de la promiscuidad y del aborto. LIMA, 23\u2026","rel":"","context":"En \u00abAborto\u00bb","img":{"alt_text":"","src":"https:\/\/i2.wp.com\/catolicasmexico.com\/blog\/wp-content\/uploads\/2013\/07\/20130724-094157.jpg?resize=350%2C200","width":350,"height":200},"classes":[]}],"jetpack_likes_enabled":false,"jetpack_sharing_enabled":true,"_links":{"self":[{"href":"http:\/\/catolicasmexico.com\/blog\/wp-json\/wp\/v2\/posts\/165"}],"collection":[{"href":"http:\/\/catolicasmexico.com\/blog\/wp-json\/wp\/v2\/posts"}],"about":[{"href":"http:\/\/catolicasmexico.com\/blog\/wp-json\/wp\/v2\/types\/post"}],"author":[{"embeddable":true,"href":"http:\/\/catolicasmexico.com\/blog\/wp-json\/wp\/v2\/users\/2"}],"replies":[{"embeddable":true,"href":"http:\/\/catolicasmexico.com\/blog\/wp-json\/wp\/v2\/comments?post=165"}],"version-history":[{"count":2,"href":"http:\/\/catolicasmexico.com\/blog\/wp-json\/wp\/v2\/posts\/165\/revisions"}],"predecessor-version":[{"id":174,"href":"http:\/\/catolicasmexico.com\/blog\/wp-json\/wp\/v2\/posts\/165\/revisions\/174"}],"wp:featuredmedia":[{"embeddable":true,"href":"http:\/\/catolicasmexico.com\/blog\/wp-json\/wp\/v2\/media\/166"}],"wp:attachment":[{"href":"http:\/\/catolicasmexico.com\/blog\/wp-json\/wp\/v2\/media?parent=165"}],"wp:term":[{"taxonomy":"category","embeddable":true,"href":"http:\/\/catolicasmexico.com\/blog\/wp-json\/wp\/v2\/categories?post=165"},{"taxonomy":"post_tag","embeddable":true,"href":"http:\/\/catolicasmexico.com\/blog\/wp-json\/wp\/v2\/tags?post=165"}],"curies":[{"name":"wp","href":"https:\/\/api.w.org\/{rel}","templated":true}]}}