{"id":1625,"date":"2013-08-17T11:41:38","date_gmt":"2013-08-17T16:41:38","guid":{"rendered":"http:\/\/catolicasmexico.com\/blog\/?p=1625"},"modified":"2013-08-19T20:32:18","modified_gmt":"2013-08-20T01:32:18","slug":"el-hombre-que-ataco-a-la-publicidad-de-los-grupo-pro-vida-se-disculpo-y-pago-por-las-pancartas-destruidas","status":"publish","type":"post","link":"http:\/\/catolicasmexico.com\/blog\/el-hombre-que-ataco-a-la-publicidad-de-los-grupo-pro-vida-se-disculpo-y-pago-por-las-pancartas-destruidas\/","title":{"rendered":"El hombre que atac\u00f3 a la publicidad de los grupos pro-vida, se disculp\u00f3 y pag\u00f3 por las pancartas destruidas."},"content":{"rendered":"<p><a href=\"http:\/\/catolicasmexico.com\/blog\/wp-content\/uploads\/2013\/08\/20130819-145336.jpg\"><img src=\"http:\/\/catolicasmexico.com\/blog\/wp-content\/uploads\/2013\/08\/20130819-145336.jpg\" alt=\"20130819-145336.jpg\" class=\"alignnone size-full\"  \/> <\/a><\/p>\n<p>Londres, 13 de agosto del 2013 &#8211; Un hombre que agredi\u00f3 a un grupo de activistas pro-vida en Londres el pasado 15 de noviembre, y da\u00f1o sus pancartas, que incluyen im\u00e1genes gr\u00e1ficas de beb\u00e9s abortados, ha escrito una carta de disculpa y pago por el da\u00f1o que caus\u00f3 a los carteles.<\/p>\n<p>El voluntario John Rodger  del grupo llamado Abort 67 estaba mostrando las pancartas en el lugar llamado British Pregnancy Advisory Service en Richmond, London; cuando una mujer y un hombre, a quienes Andrew Stephenson, el fundador y director del grupo pro-vida, los  describi\u00f3 como \u00abmuy abusivos\u00bb, \u00bb ellos empezaron a atacar a las personas que sosten\u00edan las pancartas refiri\u00e9ndose as\u00ed: f *** ing \u00fatero\u201d.<\/p>\n<p>En ese momento el hombre, Chris Langley, tom\u00f3 unas de las pancartas que el grupo utiliza y las arroj\u00f3 sobre el pasto de un jard\u00edn vecino.<\/p>\n<p>\u00abEstaba tratando de agarrar nuestra c\u00e1mara que ten\u00eda colgando del pecho. Pero \u00e9l tom\u00f3 las pancartas y los destruy\u00f3 \u00ab, dijo Stephenson a LifeSiteNews.com<br \/>\nEntonces Langley y Rodger ambos llamaron a la polic\u00eda, y arrestaron a Langley, lo llevaron a la comisar\u00eda local.  Abort 67 tuvo que emprender acciones legales por separado, con la ayuda del Centro Jur\u00eddico Cristiano, para obtener una indemnizaci\u00f3n por la p\u00e9rdida de las pancartas por 730 Euros.<\/p>\n<p>El Sr. Langley recibi\u00f3 la orden de escribir una carta para disculparse, en la cual Stephenson dijo que consist\u00eda de una l\u00ednea: \u00abQuerido John Rodger me disculpo, [firmado] Chris Langley.\u00bb<\/p>\n<p>Seg\u00fan Stephenson, Langley amenaz\u00f3 al grupo diciendo que har\u00eda lo mismo si regresaban a las instalaciones BPAS en Richmond. \u00abEstaba muy claro que iba a hacer lo mismo si regres\u00e1bamos\u00bb, dijo.<\/p>\n<p>\u00abEstamos muy contentos de que se haya encontrado una soluci\u00f3n. El hombre que da\u00f1\u00f3 la propiedad del grupo se disculp\u00f3 y pag\u00f3 por el da\u00f1o que caus\u00f3 \u00ab, dijo el Centro Jur\u00eddico Cristiano en un comunicado de prensa.<\/p>\n<p>Andrea Minichiello Williams, director ejecutivo del Centro Legal Cristino, dijo: \u00abEstamos orgullosos de estar a la par con el grupo Abort67. El trabajo que est\u00e1n haciendo est\u00e1 cambiando la opini\u00f3n p\u00fablica y salvando vidas. Siempre estamos dispuestos a apoyarlos y desafiar a cualquiera que trate de perturbar su trabajo. \u00bb<\/p>\n<p>Stephenson dijo que la violencia f\u00edsica y las amenazas de violencia son comunes cuando se hace el trabajo pro-vida. \u00abEntendemos que la gente se enoja cuando ve estas im\u00e1genes, pero hay una gran preocupaci\u00f3n de que las personas carecen de un nivel de auto-control para actuar de manera razonable\u00bb, dijo.<\/p>\n<p>Sin embargo, dijo que aquellos que se oponen a las im\u00e1genes est\u00e1n realmente \u00abapuntando al mensajero\u00bb. \u00abSi el aborto provoca una reacci\u00f3n tan furiosa por qu\u00e9 tenemos que tolerarla en nuestra sociedad?\u00bb<\/p>\n<p>\u00abEs una ira que no tiene sentido, porque no somos los que estamos matando a estos beb\u00e9s. Creemos que es razonable que las personas se molesten cuando ven estas im\u00e1genes. Muchas gente, y tal vez el mismo se\u00f1or Langley, entender\u00e1n que se trata de los m\u00e9dicos que est\u00e1n haciendo esto, lo \u00fanico que estamos haciendo es poni\u00e9ndolos en evidencia\u201d.<\/p>\n<p>\u00abTal vez si se est\u00e1n enojando, deben considerar el cambio de opini\u00f3n sobre su apoyo al aborto\u00bb, agreg\u00f3.<br \/>\nEl grupo Abortar 67 sostiene que el uso de im\u00e1genes gr\u00e1ficas de ni\u00f1os abortados, junto con un actitud no agresiva, el estilo apolog\u00e9tico del testimonio p\u00fablico, los cambios de las mentes y los corazones que de otra forma nunca tendr\u00e1n la oportunidad de ver y escuchar la verdad. Stephenson dijo a LifeSiteNews.com que incluso cuando son violentamente atacados y sus publicidades destrozadas, consideran que su trabajo sea cada vez m\u00e1s eficaz.<\/p>\n<p>(&#8230;)<br \/>\nEl grupo Abort67 se fund\u00f3 para llevar el Proyecto de Concientizaci\u00f3n sobre el Genocidio (GAP) en Gran Breta\u00f1a. GAP utiliza grandes estandartes de fotos de ni\u00f1os abortados, y expuestas con otras atrocidades hist\u00f3ricos como el Holocausto nazi y el linchamiento de los negros en la Am\u00e9rica del Sur.<\/p>\n","protected":false},"excerpt":{"rendered":"<p>Londres, 13 de agosto del 2013 &#8211; Un hombre que agredi\u00f3 a un grupo de activistas pro-vida en Londres el pasado 15 de noviembre, y da\u00f1o sus pancartas, que incluyen im\u00e1genes gr\u00e1ficas de beb\u00e9s abortados, ha escrito una carta de disculpa y pago por el da\u00f1o que caus\u00f3 a los carteles. El voluntario John Rodger [&hellip;]<\/p>\n","protected":false},"author":2,"featured_media":1634,"comment_status":"open","ping_status":"open","sticky":false,"template":"","format":"standard","meta":{"spay_email":"","jetpack_publicize_message":"","jetpack_is_tweetstorm":false},"categories":[9,19,14,26],"tags":[112,113],"aioseo_notices":[],"jetpack_featured_media_url":"http:\/\/catolicasmexico.com\/blog\/wp-content\/uploads\/2013\/08\/20130819-145336.jpg","jetpack_publicize_connections":[],"jetpack_shortlink":"https:\/\/wp.me\/p3B5XH-qd","jetpack-related-posts":[{"id":311,"url":"http:\/\/catolicasmexico.com\/blog\/20-mil-marcharon-en-roma-por-la-vida-y-contra-el-aborto\/","url_meta":{"origin":1625,"position":0},"title":"20 mil marcharon en Roma por la vida y contra el aborto","date":"14 mayo 2013","format":false,"excerpt":"ROMA, 13 May. 13 \/ 12:29 pm (ACI\/EWTN Noticias).- M\u00e1s de 20 mil personas, entre italianos y extranjeros, salieron ayer a las calles de Roma (Italia) en un ambiente festivo para participar de la tercera Marcha por la\u00a0Vida, en la que se pidi\u00f3 respetar este derecho humano inalienable y para\u2026","rel":"","context":"En \u00abAborto\u00bb","img":{"alt_text":"","src":"https:\/\/i2.wp.com\/catolicasmexico.com\/blog\/wp-content\/uploads\/2013\/05\/ppbebevientre03042013.jpg?resize=350%2C200","width":350,"height":200},"classes":[]},{"id":2677,"url":"http:\/\/catolicasmexico.com\/blog\/las-pro-muerte-universitarias-invitan-a-perturbar-el-evento-pacifista-40-dias-por-la-vida-blasfemas-violencia-y-pic-nic-vegetariano-en-el-menu\/","url_meta":{"origin":1625,"position":1},"title":"Las pro-muerte universitarias invitan a perturbar el evento pacifista 40 d\u00edas por la vida, blasfemas, violencia y pic-nic vegetariano en el men\u00fa.","date":"7 marzo 2014","format":false,"excerpt":"Como bien es sabido el d\u00eda de ma\u00f1ana se celebrara el d\u00eda internacional de la mujer y un grupo de feministas del UQAM, ha convocado v\u00eda mail a todos los pro muerte de Montreal y sus alrededores, con el objetivo ( como cada a\u00f1o) de bloquear la vigilia de oraci\u00f3n\u2026","rel":"","context":"En \u00ab40 D\u00edas por la vida\u00bb","img":{"alt_text":"","src":"https:\/\/i2.wp.com\/catolicasmexico.com\/blog\/wp-content\/uploads\/2014\/03\/20140308-115458.jpg?resize=350%2C200","width":350,"height":200},"classes":[]},{"id":2765,"url":"http:\/\/catolicasmexico.com\/blog\/no-al-aborto-mas-de-500-organizaciones-en-marcha-por-la-vida-la-mujer-y-la-maternidad\/","url_meta":{"origin":1625,"position":2},"title":"No al aborto: M\u00e1s de 500 organizaciones en Marcha por la Vida, la Mujer y la Maternidad","date":"21 marzo 2014","format":false,"excerpt":"MADRID, 21 Mar. 14 \/ 11:44 am (ACI\/Europa Press).- La Marcha por la Vida, la Mujer y la Maternidad, convocada por las m\u00e1s de 500 asociaciones y entidades que integran la Plataforma S\u00ed a la Vida, discurrir\u00e1 el pr\u00f3ximo domingo, D\u00eda Internacional de la Vida, desde Cibeles hasta la Puerta\u2026","rel":"","context":"En \u00abEspa\u00f1a\u00bb","img":{"alt_text":"","src":"https:\/\/i0.wp.com\/catolicasmexico.com\/blog\/wp-content\/uploads\/2014\/03\/20140321-232052.jpg?resize=350%2C200","width":350,"height":200},"classes":[]},{"id":2881,"url":"http:\/\/catolicasmexico.com\/blog\/gran-marcha-provida-en-la-ciudad-de-puebla-mexico\/","url_meta":{"origin":1625,"position":3},"title":"Gran marcha provida en la ciudad de Puebla, Mexico.","date":"6 mayo 2014","format":false,"excerpt":"El movimiento de amor San Juan Diego de Italia, La Fundaci\u00f3n Santa Faz de Jesucristo A.C y el movimiento Maria por la vida invita a todos los cat\u00f3licos que est\u00e9n comprometidos con la vida a la marcha por la vida que se llevar\u00e1 a cabo este 17 de mayo a\u2026","rel":"","context":"En \u00abAborto\u00bb","img":{"alt_text":"","src":"https:\/\/i2.wp.com\/catolicasmexico.com\/blog\/wp-content\/uploads\/2014\/05\/20140506-102419.jpg?resize=350%2C200","width":350,"height":200},"classes":[]},{"id":2686,"url":"http:\/\/catolicasmexico.com\/blog\/por-primera-vez-los-masones-salen-a-la-calle-en-espana-con-pancartas-y-ropajes-su-causa-el-aborto\/","url_meta":{"origin":1625,"position":4},"title":"Por primera vez los masones salen a la calle en Espa\u00f1a con pancartas y ropajes: su causa, el aborto","date":"10 marzo 2014","format":false,"excerpt":"Articulo de REL. (...) \"Por primera vez en la historia de Espa\u00f1a, la masoner\u00eda espa\u00f1ola, a trav\u00e9s de una orden mixta de mujeres y hombres, compareci\u00f3 como tal en un acto masivo celebrado en Madrid y un amplio grupo de sus integrantes se ha identificado de manera abierta provistos de\u2026","rel":"","context":"En \u00abAborto\u00bb","img":{"alt_text":"","src":"https:\/\/i2.wp.com\/catolicasmexico.com\/blog\/wp-content\/uploads\/2014\/03\/20140310-122519.jpg?resize=350%2C200","width":350,"height":200},"classes":[]},{"id":2781,"url":"http:\/\/catolicasmexico.com\/blog\/ayaviri-peru-se-marcha-por-la-vida\/","url_meta":{"origin":1625,"position":5},"title":"Ayaviri Per\u00fa se marcha por la Vida.","date":"28 marzo 2014","format":false,"excerpt":"El P. Coquelet dijo para ACI Prensa que \u201csalimos en procesi\u00f3n con nuestros cantos y oraciones para dar gracias a Dios por el gran regalo que es nuestra vida y tambi\u00e9n para pedir por los ni\u00f1os que han sido asesinados en los vientres de sus madres, para que Dios perdone\u2026","rel":"","context":"En \u00abAborto\u00bb","img":{"alt_text":"","src":"https:\/\/i2.wp.com\/catolicasmexico.com\/blog\/wp-content\/uploads\/2014\/03\/20140328-1435141.jpg?resize=350%2C200","width":350,"height":200},"classes":[]}],"jetpack_likes_enabled":false,"jetpack_sharing_enabled":true,"_links":{"self":[{"href":"http:\/\/catolicasmexico.com\/blog\/wp-json\/wp\/v2\/posts\/1625"}],"collection":[{"href":"http:\/\/catolicasmexico.com\/blog\/wp-json\/wp\/v2\/posts"}],"about":[{"href":"http:\/\/catolicasmexico.com\/blog\/wp-json\/wp\/v2\/types\/post"}],"author":[{"embeddable":true,"href":"http:\/\/catolicasmexico.com\/blog\/wp-json\/wp\/v2\/users\/2"}],"replies":[{"embeddable":true,"href":"http:\/\/catolicasmexico.com\/blog\/wp-json\/wp\/v2\/comments?post=1625"}],"version-history":[{"count":3,"href":"http:\/\/catolicasmexico.com\/blog\/wp-json\/wp\/v2\/posts\/1625\/revisions"}],"predecessor-version":[{"id":1641,"href":"http:\/\/catolicasmexico.com\/blog\/wp-json\/wp\/v2\/posts\/1625\/revisions\/1641"}],"wp:featuredmedia":[{"embeddable":true,"href":"http:\/\/catolicasmexico.com\/blog\/wp-json\/wp\/v2\/media\/1634"}],"wp:attachment":[{"href":"http:\/\/catolicasmexico.com\/blog\/wp-json\/wp\/v2\/media?parent=1625"}],"wp:term":[{"taxonomy":"category","embeddable":true,"href":"http:\/\/catolicasmexico.com\/blog\/wp-json\/wp\/v2\/categories?post=1625"},{"taxonomy":"post_tag","embeddable":true,"href":"http:\/\/catolicasmexico.com\/blog\/wp-json\/wp\/v2\/tags?post=1625"}],"curies":[{"name":"wp","href":"https:\/\/api.w.org\/{rel}","templated":true}]}}