{"id":1621,"date":"2013-08-16T11:48:56","date_gmt":"2013-08-16T16:48:56","guid":{"rendered":"http:\/\/catolicasmexico.com\/blog\/?p=1621"},"modified":"2017-07-21T23:49:17","modified_gmt":"2017-07-22T04:49:17","slug":"esta-es-la-verdadera-batalla-la-cultura-de-la-vida-apoyada-por-el-cristianismo-frente-a-la-cultura-de-la-muerte-apoyada-por-el-materialismo-descendiente-de-charles-darwin-es-firme-defensora-de","status":"publish","type":"post","link":"http:\/\/catolicasmexico.com\/blog\/esta-es-la-verdadera-batalla-la-cultura-de-la-vida-apoyada-por-el-cristianismo-frente-a-la-cultura-de-la-muerte-apoyada-por-el-materialismo-descendiente-de-charles-darwin-es-firme-defensora-de\/","title":{"rendered":"Esta es la verdadera batalla: la cultura de la vida, apoyada por el cristianismo, frente a la cultura de la muerte, apoyada por el materialismo\u00bb. Descendiente de Charles Darwin es firme defensora de la fe cat\u00f3lica"},"content":{"rendered":"<p><a href=\"http:\/\/catolicasmexico.com\/blog\/wp-content\/uploads\/2013\/08\/20130816-125158.jpg\"><img src=\"http:\/\/catolicasmexico.com\/blog\/wp-content\/uploads\/2013\/08\/20130816-125158.jpg\" alt=\"20130816-125158.jpg\" class=\"alignnone size-full\"  \/> <\/a><\/p>\n<p>Laura Keynes<\/p>\n<p>LONDRES, 16 Ago. 13 \/ 04:15 am (ACI\/EWTN Noticias).- Laura Keynes, t\u00e1tara-t\u00e1tara-tataranieta del naturalista Charles Darwin, cuya teor\u00eda de la evoluci\u00f3n es usada por muchos ateos para negar la existencia de Dios, es una joven cat\u00f3lica que defiende su fe a trav\u00e9s de Catholic Voices, de Reino Unido.<\/p>\n<p>Precisamente en una publicaci\u00f3n en Catholic Voices, Laura explica su conversi\u00f3n.<\/p>\n<p>De padre ateo y madre conversa al catolicismo, pero luego budista, Laura fue bautizada cat\u00f3lica. Sin embargo, en su adolescencia se convirti\u00f3 en agn\u00f3stica, alejada \u201cde cualquier contacto con la Iglesia\u201d.<\/p>\n<p>\u201cDel lado de la familia de mi padre, el lado Darwin-Keynes\u201d, la joven recibi\u00f3 una influencia \u201caltamente racional, cient\u00edfica, secular, humanista\u201d.<\/p>\n<p>\u201cMi padre es un neurocient\u00edfico, y yo absorb\u00ed la visi\u00f3n de que todos los fen\u00f3menos son el producto del cerebro material. Gradualmente deriv\u00e9 al agnosticismo\u201d, record\u00f3.<\/p>\n<p>Fue cuando realizaba sus estudios de doctorado en Filosof\u00eda en Oxford (Reino Unido), y se vio rodeada por el \u201cDebate de Dios\u201d, tras la publicaci\u00f3n de \u201cEl espejismo de Dios\u201d, de Richard Dawkins, cuando comenz\u00f3 su regreso al seno de la Iglesia.<\/p>\n<p>\u201cEsper\u00e9 cambiarme del agnosticismo al ate\u00edsmo por sus argumentos, pero tras leer a ambos lados del debate, no pod\u00eda desestimar un caso convincente a favor de la fe\u201d, record\u00f3.<\/p>\n<p>\u201cEn cuanto a ser buena sin Dios, lo hab\u00eda intentado y no hab\u00eda llegado muy lejos.  (&#8230;) Rendirse y pedir la gracia es la respuesta humana l\u00f3gica\u201d, asegur\u00f3.<\/p>\n<p>El debate la llev\u00f3 a concluir que \u201cel nuevo ate\u00edsmo pareciera albergar un germen de intolerancia y desprecio por la gente, que solo podr\u00eda socavar los reclamos humanistas seculares al liberalismo\u201d.<\/p>\n<p>\u201cSi el ate\u00edsmo asegura que la superioridad intelectual est\u00e1 reforzada por la habilidad caracter\u00edstica de mi ancestro de explorar y analizar las inconsistencias en la evidencia, entonces la misma caracter\u00edstica familiar me llev\u00f3 hacia una evaluaci\u00f3n esc\u00e9ptica de lo que se puede y lo que no se puede conocer absolutamente\u201d.<\/p>\n<p>Laura volvi\u00f3 a rezar el Rosario durante la prolongada enfermedad de su abuela, cuando \u201cen esas largas horas al costado de su cama, record\u00e9 el poder redentor del sufrimiento de Cristo\u201d.<\/p>\n<p>\u201cVer la muerte me hizo cuestionarme sobre el esp\u00edritu: qu\u00e9 es, de d\u00f3nde viene, a d\u00f3nde va. As\u00ed que para entonces, estaba desarrollando un despertar espiritual, pero no hab\u00eda dado el paso de regreso a la Iglesia Cat\u00f3lica. Ese paso vino despu\u00e9s de mucha reflexi\u00f3n y lectura\u201d.<\/p>\n<p>Laura asegur\u00f3 que su elecci\u00f3n libre de ser cat\u00f3lica \u201cdespu\u00e9s de mucho an\u00e1lisis y pensamiento, y que no me lavaron la cabeza para entrar, desconcert\u00f3 tanto a mis amigos como a mi familia\u201d.<\/p>\n<p>\u201cEscuch\u00e9 un comentario: \u2018Pero ella parec\u00eda ser una chica inteligente\u2019. As\u00ed que cuando la gente pregunta \u2018\u00bfuna Darwin y una cat\u00f3lica\u2019?, lo que est\u00e1n diciendo es que quebr\u00e9 las expectativas\u201d.<\/p>\n<p>Laura asegura que los \u201cateos prefieren la certeza y usan la teor\u00eda de la evoluci\u00f3n de Darwin para asegurar categ\u00f3ricamente que Dios no existe, manipulando a Darwin en su argumento en una forma con la que el propio Darwin estar\u00eda inc\u00f3modo\u201d.<\/p>\n<p>Darwin, dijo la joven apologeta, \u201cse dedic\u00f3 a seguir a la evidencia a donde lo llevaba, no a derribar el cristianismo. La evidencia no tiene que concluir inevitablemente en el materialismo, pero, por diversas razones culturales, aqu\u00ed es a donde llev\u00f3: el materialismo y la cultura de la muerte\u201d.<\/p>\n<p>\u201cEsta es la verdadera batalla: la cultura de la vida, apoyada por el cristianismo, frente a la cultura de la muerte, apoyada por el materialismo\u00bb.<\/p>\n<p>Laura, que recientemente visit\u00f3 Roma por primera vez, como parte de una peregrinaci\u00f3n por el A\u00f1o de la Fe, asegur\u00f3 que esta \u201cciertamente pone algo de combustible en el tanque espiritual\u201d.<\/p>\n","protected":false},"excerpt":{"rendered":"<p>Laura Keynes LONDRES, 16 Ago. 13 \/ 04:15 am (ACI\/EWTN Noticias).- Laura Keynes, t\u00e1tara-t\u00e1tara-tataranieta del naturalista Charles Darwin, cuya teor\u00eda de la evoluci\u00f3n es usada por muchos ateos para negar la existencia de Dios, es una joven cat\u00f3lica que defiende su fe a trav\u00e9s de Catholic Voices, de Reino Unido. Precisamente en una publicaci\u00f3n en [&hellip;]<\/p>\n","protected":false},"author":2,"featured_media":1620,"comment_status":"open","ping_status":"open","sticky":false,"template":"","format":"standard","meta":{"spay_email":"","jetpack_publicize_message":"","jetpack_is_tweetstorm":false},"categories":[25,13,26],"tags":[],"aioseo_notices":[],"jetpack_featured_media_url":"http:\/\/catolicasmexico.com\/blog\/wp-content\/uploads\/2013\/08\/20130816-125158.jpg","jetpack_publicize_connections":[],"jetpack_shortlink":"https:\/\/wp.me\/p3B5XH-q9","jetpack-related-posts":[{"id":965,"url":"http:\/\/catolicasmexico.com\/blog\/pelosi-se-rie-de-la-carta-del-sacerdote-que-desafio-su-posicion-sobre-el-aborto-esta-actuando-histericamente\/","url_meta":{"origin":1621,"position":0},"title":"Pelosi se r\u00ede de la carta del sacerdote que desafi\u00f3 su posici\u00f3n sobre el aborto: \"Est\u00e1 actuando hist\u00e9ricamente\"","date":"27 junio 2013","format":false,"excerpt":"Por John Jalsevac. Traducido y editado por Alejandro P. de www.catolicasmexico.com Martes, 25 de junio de 2013 15:51 25 De junio del 2013 (LifeSiteNews.com) - La ex presidente de la c\u00e1mara de representantes, Nancy Pelosi se ha re\u00eddo de una carta redactada por el fundador de Sacerdotes por la Vida,\u2026","rel":"","context":"En \u00abAborto\u00bb","img":{"alt_text":"","src":"https:\/\/i0.wp.com\/catolicasmexico.com\/blog\/wp-content\/uploads\/2013\/07\/Nacy-Pelosi-1024x1024.jpeg?resize=350%2C200","width":350,"height":200},"classes":[]},{"id":1567,"url":"http:\/\/catolicasmexico.com\/blog\/obedezcan-lo-que-dice-la-fe-sobre-la-homosexualidad-o-vayan-a-otro-sitio\/","url_meta":{"origin":1621,"position":1},"title":"Obedezcan lo que dice la fe sobre la homosexualidad o vayan a otro sitio","date":"14 agosto 2013","format":false,"excerpt":"Por Kirsten Andersen Jueves 08 de agosto de 2013 18:42 EST (LifeSiteNews.com) ALTOONA, WI, 08 de agosto de 2013\u2013 Una parroquia Cat\u00f3lica en Wisconsin ha dicho a la tropa Boy Scout que ha patrocinado por los \u00faltimos 20 a\u00f1os que tendr\u00e1 que encontrar un nuevo hogar en respuesta a la\u2026","rel":"","context":"En \u00abHomosexualidad\u00bb","img":{"alt_text":"","src":"","width":0,"height":0},"classes":[]},{"id":4318,"url":"http:\/\/catolicasmexico.com\/blog\/la-visita-de-la-directora-de-planned-parenthood-es-como-una-bofetada-afirman-los-estudiantes-de-la-universidad-de-georgetown\/","url_meta":{"origin":1621,"position":2},"title":"La visita de la directora de Planned Parenthood \"es como una bofetada\" afirman los Estudiantes de la Universidad de Georgetown.","date":"21 marzo 2016","format":false,"excerpt":"La administraci\u00f3n de la escuela cat\u00f3lica jesuita autoriz\u00f3 y defendi\u00f3 la invitaci\u00f3n de la directora de Planned Parenthood Cecile Richards que le hizo la asociaci\u00f3n de estudiantes \"Lecture Fund\". La Asociacion Provida \"derechos por la vida\"' envi\u00f3 un comunicado a la asociaci\u00f3n cat\u00f3lica \"Cardinal Newman Society\" afirmando que esta visita\u2026","rel":"","context":"En \u00abAborto\u00bb","img":{"alt_text":"","src":"https:\/\/i0.wp.com\/catolicasmexico.com\/blog\/wp-content\/uploads\/2016\/03\/IMG_0484.jpg?resize=350%2C200","width":350,"height":200},"classes":[]},{"id":785,"url":"http:\/\/catolicasmexico.com\/blog\/obispo-resalta-coraje-de-madre-catolica-asesinada-por-joven-gay-en-eeuu\/","url_meta":{"origin":1621,"position":3},"title":"Obispo resalta coraje de madre cat\u00f3lica asesinada por joven gay en EEUU","date":"10 junio 2013","format":false,"excerpt":"PHOENIX, 07 Jun. 13 \/ 08:14 pm (ACI\/EWTN Noticias).- Mons. John Paprocki, Obispo de Springfield en Estados Unidos, record\u00f3 el testimonio de una madre de familia que fue asesinada por un joven gay en el a\u00f1o 2002, y explic\u00f3Obispo resalta coraje de madre cat\u00f3lica asesinada por joven gay en EEUU\u2026","rel":"","context":"En \u00abFamilia\u00bb","img":{"alt_text":"","src":"","width":0,"height":0},"classes":[]},{"id":3069,"url":"http:\/\/catolicasmexico.com\/blog\/despues-de-numerosas-protestas-golgotha-picnic-fue-anulado\/","url_meta":{"origin":1621,"position":4},"title":"Despues de numerosas protestas Golgotha Picnic fue anulado.","date":"20 junio 2014","format":false,"excerpt":"Traducci\u00f3n y edici\u00f3n libre del franc\u00e9s www.catolicasmexico.com Polonia -El festival Malta de Poznan program\u00f3 el espect\u00e1culo sacr\u00edlego Golgotha Picnic para este 27 de junio. Cabe se\u00f1alar que el festival de Malta confi\u00f3 a Rodrigo Garc\u00eda, La direcci\u00f3n de esta ignominia. Pero los cat\u00f3licos polacos aprendieron de las movilizaciones organizadas por\u2026","rel":"","context":"En \u00abataques contra la Iglesia Catolica\u00bb","img":{"alt_text":"","src":"","width":0,"height":0},"classes":[]},{"id":5124,"url":"http:\/\/catolicasmexico.com\/blog\/el-comunismo-y-la-excomunion-cuando-la-iglesia-tenia-claro-a-quien-condenar\/","url_meta":{"origin":1621,"position":5},"title":"El comunismo y la excomuni\u00f3n: Cuando la Iglesia ten\u00eda claro a qui\u00e9n condenar","date":"18 febrero 2025","format":false,"excerpt":"Fuente : https:\/\/infovaticana.com\/2025\/02\/04\/el-comunismo-y-la-excomunion-cuando-la-iglesia-tenia-claro-a-quien-condenar\/ por Jaime Gurpegui\u00a0|\u00a0InfoVaticana |\u00a004 febrero, 2025 En un tiempo no tan lejano, la Iglesia Cat\u00f3lica hablaba con claridad sobre ciertas ideolog\u00edas que hoy parecen camuflarse bajo nuevas etiquetas pero mantienen su esencia corrosiva. Un ejemplo de esa claridad es el decreto de la Suprema Sagrada Congregaci\u00f3n del\u2026","rel":"","context":"En \u00abIglesia cat\u00f3lica\u00bb","img":{"alt_text":"","src":"https:\/\/i2.wp.com\/catolicasmexico.com\/blog\/wp-content\/uploads\/2025\/02\/image.jpg?resize=350%2C200","width":350,"height":200},"classes":[]}],"jetpack_likes_enabled":false,"jetpack_sharing_enabled":true,"_links":{"self":[{"href":"http:\/\/catolicasmexico.com\/blog\/wp-json\/wp\/v2\/posts\/1621"}],"collection":[{"href":"http:\/\/catolicasmexico.com\/blog\/wp-json\/wp\/v2\/posts"}],"about":[{"href":"http:\/\/catolicasmexico.com\/blog\/wp-json\/wp\/v2\/types\/post"}],"author":[{"embeddable":true,"href":"http:\/\/catolicasmexico.com\/blog\/wp-json\/wp\/v2\/users\/2"}],"replies":[{"embeddable":true,"href":"http:\/\/catolicasmexico.com\/blog\/wp-json\/wp\/v2\/comments?post=1621"}],"version-history":[{"count":2,"href":"http:\/\/catolicasmexico.com\/blog\/wp-json\/wp\/v2\/posts\/1621\/revisions"}],"predecessor-version":[{"id":4627,"href":"http:\/\/catolicasmexico.com\/blog\/wp-json\/wp\/v2\/posts\/1621\/revisions\/4627"}],"wp:featuredmedia":[{"embeddable":true,"href":"http:\/\/catolicasmexico.com\/blog\/wp-json\/wp\/v2\/media\/1620"}],"wp:attachment":[{"href":"http:\/\/catolicasmexico.com\/blog\/wp-json\/wp\/v2\/media?parent=1621"}],"wp:term":[{"taxonomy":"category","embeddable":true,"href":"http:\/\/catolicasmexico.com\/blog\/wp-json\/wp\/v2\/categories?post=1621"},{"taxonomy":"post_tag","embeddable":true,"href":"http:\/\/catolicasmexico.com\/blog\/wp-json\/wp\/v2\/tags?post=1621"}],"curies":[{"name":"wp","href":"https:\/\/api.w.org\/{rel}","templated":true}]}}