{"id":1618,"date":"2013-08-15T12:26:42","date_gmt":"2013-08-15T17:26:42","guid":{"rendered":"http:\/\/catolicasmexico.com\/blog\/?p=1618"},"modified":"2013-08-15T12:26:42","modified_gmt":"2013-08-15T17:26:42","slug":"california-alumnos-de-secundaria-podran-escoger-el-bano-segun-su-identidad-sexual","status":"publish","type":"post","link":"http:\/\/catolicasmexico.com\/blog\/california-alumnos-de-secundaria-podran-escoger-el-bano-segun-su-identidad-sexual\/","title":{"rendered":"California: alumnos de secundaria podr\u00e1n escoger el ba\u00f1o seg\u00fan su identidad sexual."},"content":{"rendered":"<p><a href=\"http:\/\/catolicasmexico.com\/blog\/wp-content\/uploads\/2013\/08\/20130815-132548.jpg\"><img src=\"http:\/\/catolicasmexico.com\/blog\/wp-content\/uploads\/2013\/08\/20130815-132548.jpg\" alt=\"20130815-132548.jpg\" class=\"alignnone size-full\"  \/> <\/a><\/p>\n<p>Informaci\u00f3n del Journal de Montr\u00e9al del 12 de agosto de 2013.<br \/>\nTraducci\u00f3n y edici\u00f3n libre www.catolicasmexio.comLOS ANGELES &#8211; Los. alumnos de escuelas secundarias podr\u00e1n usar el ba\u00f1o de su elecci\u00f3n basado en su identidad sexual y no el sexo que aparece en sus documentos de identificaci\u00f3n,esto,  bajo una nueva ley promulgada el lunes.<\/p>\n<p>El gobernador de California, Jerry Brown, firm\u00f3 el lunes una ley para enmendar el c\u00f3digo de Educaci\u00f3n de las instituciones educativas del estado, que es el m\u00e1s rico y m\u00e1s poblado de Estados Unidos (&#8230;)<\/p>\n<p>La ley, redactada por el dem\u00f3crata Tom Ammiano, establece que \u00abcualquier estudiante podr\u00e1 participar en programas y actividades de personas del mismo sexo, como equipos deportivos o competiciones y uso de instalaciones (escuela) de acuerdo con su identidad sexual y no  el sexo indicado en su tarjeta de identidad &#8216;.<\/p>\n<p>Por lo tanto, los estudiantes transg\u00e9nero , pueden inscribirse en un equipo masculino o femenino sin importar el sexo &#8216;administrativo&#8217;, o usan los ba\u00f1os de su elecci\u00f3n.<\/p>\n<p>En un texto explicando su enfoque, Sr. Ammiano hab\u00eda declarado: \u00bb los estudiantes transg\u00e9nero podr\u00e1n avergonzar a otros ni\u00f1os? \u00bb Tal vez. No quiero minimizar ese aspecto, pero nuevas las experiencias suelen ser vergonzosas. Esto no debe justificar los  prejuicios.<\/p>\n<p>Los opositores del texto no faltaron, incluyendo la Conferencia Cat\u00f3lica de California.<\/p>\n<p>\u00abEsta ley, propuesta para ayudar a un pu\u00f1ado de estudiantes, en realidad afecta a todos los estudiantes, dice la Conferencia en un comunicado. \u00abe inevitablemente, algunos individuos malvados o malintencionados ver\u00e1n en esta legislaci\u00f3n la posibilidad de alterar el orden de la escuela para intimidar a sus camaradas, exactamente el tipo de comportamiento contra el que quer\u00edamos luchar.\u00bb<\/p>\n","protected":false},"excerpt":{"rendered":"<p>Informaci\u00f3n del Journal de Montr\u00e9al del 12 de agosto de 2013. Traducci\u00f3n y edici\u00f3n libre www.catolicasmexio.comLOS ANGELES &#8211; Los. alumnos de escuelas secundarias podr\u00e1n usar el ba\u00f1o de su elecci\u00f3n basado en su identidad sexual y no el sexo que aparece en sus documentos de identificaci\u00f3n,esto, bajo una nueva ley promulgada el lunes. El gobernador [&hellip;]<\/p>\n","protected":false},"author":2,"featured_media":1617,"comment_status":"open","ping_status":"open","sticky":false,"template":"","format":"standard","meta":{"spay_email":"","jetpack_publicize_message":"","jetpack_is_tweetstorm":false},"categories":[17,72,21],"tags":[],"aioseo_notices":[],"jetpack_featured_media_url":"http:\/\/catolicasmexico.com\/blog\/wp-content\/uploads\/2013\/08\/20130815-132548.jpg","jetpack_publicize_connections":[],"jetpack_shortlink":"https:\/\/wp.me\/p3B5XH-q6","jetpack-related-posts":[{"id":1443,"url":"http:\/\/catolicasmexico.com\/blog\/la-administracion-obama-obliga-al-distrito-escolar-a-autorizar-que-una-adolescente-use-el-bano-de-las-duchas-y-los-dormitorios-de-varones\/","url_meta":{"origin":1618,"position":0},"title":"La administraci\u00f3n OBAMA obliga  al distrito escolar a autorizar  que una adolescente use el ba\u00f1o de las duchas y los dormitorios de varones.","date":"29 julio 2013","format":false,"excerpt":"ARCADIA, CA, 25 de julio de 2013 (LifeSiteNews.com) Traducci\u00f3n y edici\u00f3n libre Monica Y.A. de www.catolicasmexico.com El Departamento de Justicia del gobierno de Obama ha presionado a una escuela distrital de California para permitir que una estudiante de primer a\u00f1o de secundaria que es anat\u00f3micamente femenino y que se identifica\u2026","rel":"","context":"En \u00abEEUU\u00bb","img":{"alt_text":"","src":"","width":0,"height":0},"classes":[]},{"id":4334,"url":"http:\/\/catolicasmexico.com\/blog\/quebec-canada-estudiantes-que-quieran-cambiar-de-sexo-podran-vestirse-como-nina-o-nino-cambiar-de-nombre-apellido-y-mas\/","url_meta":{"origin":1618,"position":1},"title":"Qu\u00e9bec, Canad\u00e1: estudiantes que quieran cambiar de sexo, podr\u00e1n vestirse como ni\u00f1a o ni\u00f1o, cambiar de nombre, apellido y m\u00e1s...","date":"31 marzo 2016","format":false,"excerpt":"Quebec, vive las consecuencias de la ideolog\u00eda de g\u00e9nero. Es incre\u00edble. La junta escolar de Montreal (MDSC) decidi\u00f3 que todos los estudiantes que quieran cambiar de sexo, pueden vestirse como ni\u00f1a o ni\u00f1o en base a sus deseos, escoger d\u00f3nde quieren hacer deporte con ni\u00f1os o con ni\u00f1as, donde se\u2026","rel":"","context":"En \u00abCanada.\u00bb","img":{"alt_text":"","src":"https:\/\/i2.wp.com\/catolicasmexico.com\/blog\/wp-content\/uploads\/2016\/03\/IMG_0505.png?resize=350%2C200","width":350,"height":200},"classes":[]},{"id":3111,"url":"http:\/\/catolicasmexico.com\/blog\/nueva-ley-del-d-f-quita-a-padres-de-familia-su-potestad-de-educar-comision-mexicana-de-derechos-humanos-a-c\/","url_meta":{"origin":1618,"position":2},"title":"NUEVA LEY DEL D.F. QUITA A PADRES DE FAMILIA SU POTESTAD DE EDUCAR: Comisi\u00f3n Mexicana de Derechos Humanos, A.C.","date":"24 junio 2014","format":false,"excerpt":"Presentamos el escrito que reproduce el portal CITIZENGO en el que se piden firmas para solicitar el veto a esta ley. El sitio para firmar dicha solicitud es el siguiente (haz click): http:\/\/www.citizengo.org\/es\/8642-vetar-ley-y-jovenes-del-distrito-federal COMUNICADO DE LA CMDH: LA CMDH DENUNCIA QUE -CON ESA LEY- DESDE LOS 12 A\u00d1OS, EN LA\u2026","rel":"","context":"En \u00abEducaci\u00f3n\u00bb","img":{"alt_text":"","src":"","width":0,"height":0},"classes":[]},{"id":1266,"url":"http:\/\/catolicasmexico.com\/blog\/un-alto-funcionario-de-ontario-que-decia-que-el-programa-de-educacion-sexual-pro-equidad-era-una-prioridad-fue-detenido-por-produccion-de-pornografia-infantil\/","url_meta":{"origin":1618,"position":3},"title":"Un alto funcionario de Ontario que dec\u00eda que el programa de educaci\u00f3n sexual \"pro-equidad\" era una \"prioridad\" fue detenido por producci\u00f3n de pornograf\u00eda infantil","date":"14 julio 2013","format":false,"excerpt":"Levin, primero a la izquierda, en el centro Justin Trudeau ( \u00bfcat\u00f3lico? proaborto y promatrimonio homosexual) Kathleen Wynne Primer Ministro de Ontario Por Patrick B. Craine. Traducci\u00f3n y edici\u00f3n libre Alejandro P. De www.catolicasmexico.com Mi\u00e9rcoles, 10 de julio de 2013 11:46 EST TORONTO, 10 de julio de 2013 (LifeSiteNews.com) \u2013\u2026","rel":"","context":"En \u00abCanada.\u00bb","img":{"alt_text":"","src":"","width":0,"height":0},"classes":[]},{"id":4220,"url":"http:\/\/catolicasmexico.com\/blog\/13000-dolares-de-multa-tras-haber-rechazado-la-celebracion-de-una-boda-homosexual-en-su-granja\/","url_meta":{"origin":1618,"position":4},"title":"13000 d\u00f3lares de multa tras haber rechazado la celebraci\u00f3n de una 'boda' homosexual en su granja","date":"1 febrero 2016","format":false,"excerpt":"\u00a0 \u00a0 \u00a0 \u00a0 \u00a0 \u00a0 \u00a0 \u00a0 Church Militant Original de\u00a0The Daily Signal Traducci\u00f3n libre para catolicasmexico.com \u00a0 NUEVA YORK (Kristiana Mork) - la Corte Suprema de Nueva York declar\u00f3 que una pareja cristiana viola una ley de derechos humanos tras negarse a albergar una boda de homosexuales en\u2026","rel":"","context":"En \u00abEEUU\u00bb","img":{"alt_text":"","src":"https:\/\/i2.wp.com\/catolicasmexico.com\/blog\/wp-content\/uploads\/2016\/01\/2016-01-25-niles-a.jpg?resize=350%2C200","width":350,"height":200},"classes":[]},{"id":1713,"url":"http:\/\/catolicasmexico.com\/blog\/la-ley-rusa-ha-despertado-la-ira-lgtb-frente-al-no-adoctrinamiento-homosexual-a-ninos\/","url_meta":{"origin":1618,"position":5},"title":"La ley Rusa ha despertado la ira LGTB frente al No adoctrinamiento homosexual a Ni\u00f1os","date":"28 agosto 2013","format":false,"excerpt":"(Nuestra obligaci\u00f3n como padres es defender el derecho a la patria potestad sobre el educando, los hijos son de Dios, no fueron creados para ser objetos del estado, fueron creados para ir al cielo) ESPA\u00d1A-.(AGENCIALAVOZ) Como era previsible, la ley rusa ha despertado la ira de algunos lobbies que promueven\u2026","rel":"","context":"En \u00abEducaci\u00f3n\u00bb","img":{"alt_text":"","src":"","width":0,"height":0},"classes":[]}],"jetpack_likes_enabled":false,"jetpack_sharing_enabled":true,"_links":{"self":[{"href":"http:\/\/catolicasmexico.com\/blog\/wp-json\/wp\/v2\/posts\/1618"}],"collection":[{"href":"http:\/\/catolicasmexico.com\/blog\/wp-json\/wp\/v2\/posts"}],"about":[{"href":"http:\/\/catolicasmexico.com\/blog\/wp-json\/wp\/v2\/types\/post"}],"author":[{"embeddable":true,"href":"http:\/\/catolicasmexico.com\/blog\/wp-json\/wp\/v2\/users\/2"}],"replies":[{"embeddable":true,"href":"http:\/\/catolicasmexico.com\/blog\/wp-json\/wp\/v2\/comments?post=1618"}],"version-history":[{"count":1,"href":"http:\/\/catolicasmexico.com\/blog\/wp-json\/wp\/v2\/posts\/1618\/revisions"}],"predecessor-version":[{"id":1619,"href":"http:\/\/catolicasmexico.com\/blog\/wp-json\/wp\/v2\/posts\/1618\/revisions\/1619"}],"wp:featuredmedia":[{"embeddable":true,"href":"http:\/\/catolicasmexico.com\/blog\/wp-json\/wp\/v2\/media\/1617"}],"wp:attachment":[{"href":"http:\/\/catolicasmexico.com\/blog\/wp-json\/wp\/v2\/media?parent=1618"}],"wp:term":[{"taxonomy":"category","embeddable":true,"href":"http:\/\/catolicasmexico.com\/blog\/wp-json\/wp\/v2\/categories?post=1618"},{"taxonomy":"post_tag","embeddable":true,"href":"http:\/\/catolicasmexico.com\/blog\/wp-json\/wp\/v2\/tags?post=1618"}],"curies":[{"name":"wp","href":"https:\/\/api.w.org\/{rel}","templated":true}]}}