{"id":1615,"date":"2013-08-15T12:04:34","date_gmt":"2013-08-15T17:04:34","guid":{"rendered":"http:\/\/catolicasmexico.com\/blog\/?p=1615"},"modified":"2017-07-21T23:47:08","modified_gmt":"2017-07-22T04:47:08","slug":"sorprendente-historia-de-confianza-en-dios-gemelos-que-se-salvaron-de-morir-en-un-aborto-ahora-son-sacerdotes","status":"publish","type":"post","link":"http:\/\/catolicasmexico.com\/blog\/sorprendente-historia-de-confianza-en-dios-gemelos-que-se-salvaron-de-morir-en-un-aborto-ahora-son-sacerdotes\/","title":{"rendered":"\u00a1Sorprendente historia de confianza en Dios! : Gemelos que se salvaron de morir en un aborto ahora son sacerdotes."},"content":{"rendered":"<p><a href=\"http:\/\/catolicasmexico.com\/blog\/wp-content\/uploads\/2013\/08\/20130815-123150.jpg\"><img src=\"http:\/\/catolicasmexico.com\/blog\/wp-content\/uploads\/2013\/08\/20130815-123150.jpg\" alt=\"20130815-123150.jpg\" class=\"alignnone size-full\"  \/> <\/a><\/p>\n<p>Edici\u00f3n www.catolicasmexico.com<br \/>\n Por Paulo y Felipe Lizama<br \/>\nREDACCI\u00d3N CENTRAL, 15 Ago. 13 \/ 05:21 am (ACI).- A inicios de 1984 una ecograf\u00eda mostraba que en el vientre de la chilena Rosa Silva se gestaba un beb\u00e9 con tres brazos y dos cabezas. Los m\u00e9dicos insistieron en que se practique un aborto, pero ella se neg\u00f3 pues estaba dispuesta a recibir \u201clo que Dios le mandara\u201d y Dios no le envi\u00f3 un beb\u00e9 con malformaciones sino hijos gemelos, los hoy sacerdotes Felipe y Paulo.<\/p>\n<p>Id\u00e9nticos en cuerpo y vocaci\u00f3n, Felipe y Paulo Lizama siempre lo compartieron todo: la misma educaci\u00f3n, amistades, aficiones deportivas -jugaron y destacaron juntos en las ligas menores del club Colo Colo- y una profunda fe. Sin embargo, que los dos respondieran al llamado a la vida sacerdotal sorprendi\u00f3 a m\u00e1s de uno.<\/p>\n<p>En una entrevista concedida a ACI Prensa, los ahora Padres Felipe y Paulo narraron la estremecedora historia de su nacimiento.<br \/>\nSus padres Humberto Lizama y Rosa Silva, eran param\u00e9dicos y ya ten\u00edan a su hermana Paola, entonces de cuatro a\u00f1os, cuando Rosa result\u00f3 nuevamente embarazada.<\/p>\n<p>La familia viv\u00eda en el pueblo Lagunillas de Casablanca en Valpara\u00edso, Chile. Cumpliendo su labor de param\u00e9dica, Rosa -que desconoc\u00eda su gestaci\u00f3n- se expuso a los rayos x en un procedimiento. Por ello, en cuanto supo de su estado, se realiz\u00f3 su primera ecograf\u00eda.<\/p>\n<p>El m\u00e9dico le advirti\u00f3 que ve\u00eda \u201calgo raro\u201d, le dijo que \u201cla guagua (el beb\u00e9) viene con tres brazos y los pies est\u00e1n algo enredados\u201d, y adem\u00e1s \u201cten\u00eda dos cabezas\u201d, seg\u00fan relata Paulo.<\/p>\n<p>Aunque en Chile se permit\u00eda entonces el aborto por razones \u201cterap\u00e9uticas\u201d y los m\u00e9dicos le dijeron que su vida corr\u00eda peligro en una gestaci\u00f3n tan extra\u00f1a, Rosa se opuso a esta pr\u00e1ctica y les dijo que aceptaba lo que \u201cDios mandaba\u201d.<\/p>\n<p>\u201cEl Se\u00f1or obr\u00f3 y produjo un embarazo gemelar, no s\u00e9 si el m\u00e9dico se equivoc\u00f3\u201c, asegura  Felipe y Paulo agrega que \u201csiempre pienso con especial cari\u00f1o y ternura en el coraz\u00f3n de mi mam\u00e1 que daba su vida por m\u00ed, por nosotros\u201d.<\/p>\n<p>Los hermanos Lizama nacieron el 10 de setiembre de 1984. Primero naci\u00f3 Felipe y como no se desprend\u00eda la placenta, los m\u00e9dicos sugirieron a la madre realizar un raspaje, pero ella no acept\u00f3 porque ella sent\u00eda que otro ni\u00f1o estaba por venir. Paulo naci\u00f3 17 minutos despu\u00e9s.<\/p>\n<p>\u201cEste \u00faltimo episodio es muy significativo para mi, los m\u00e9dicos introducir\u00edan unos utensilios para sacar la placenta que demoraba en salir. Mi mam\u00e1 sab\u00eda que yo estaba ah\u00ed. Me demor\u00e9 pero sal\u00ed\u201d, si le hac\u00edan el raspado \u201clo m\u00e1s probable es que me hubieran da\u00f1ado gravemente\u201d, expres\u00f3 Paulo.<\/p>\n<p>Los gemelos conocieron la historia de su nacimiento cuando cursaban el sexto a\u00f1o de formaci\u00f3n en el Seminario. \u201cSin duda la sabidur\u00eda de la mam\u00e1 y su coraz\u00f3n permitieron que en el momento oportuno nos enter\u00e1semos de tan hermoso acontecimiento\u201d, afirma Paulo.<\/p>\n<p>Siempre hab\u00eda pensado que la vocaci\u00f3n al sacerdocio ven\u00eda desde la adolescencia pero despu\u00e9s se dio cuenta su vocaci\u00f3n sacerdotal, Dios la gest\u00f3 desde siempre y fue posible gracias al s\u00ed de su mam\u00e1.<\/p>\n<p>\u201c\u00bfC\u00f3mo no defender la vida? \u00bfC\u00f3mo no predicar al Dios de la vida? Este acontecimiento potenci\u00f3 mi vocaci\u00f3n, le ha dado una vitalidad espec\u00edfica y, por lo mismo, me he podido entregar existencialmente a lo que he cre\u00eddo. Estoy convencido de lo que creo, de lo que soy y de lo que hablo, claramente por Gracia de Dios\u201d, agreg\u00f3.<\/p>\n<p>El llamado al sacerdocio.<br \/>\n(&#8230;)<br \/>\nPara Paulo participar en un grupo parroquial significaba nuevos amigos y tener algo que hacer el fin de semana. \u201cNo ten\u00eda bien arraigadas mis convicciones en Dios y en la pureza del sacramento\u201d, afirma y recuerda que en \u201cuna adoraci\u00f3n al Sant\u00edsimo, entr\u00e9 a la Iglesia, cantos gregorianos, la custodia, el incienso, el silencio, el Se\u00f1or. Me dije esto es para m\u00ed\u201d.<\/p>\n<p>Felipe por su parte, desarroll\u00f3 un \u201cgustito\u201d por las  cosas de Dios al conocer m\u00e1s la Iglesia desde dentro, as\u00ed como \u201cla figura cercana de un sacerdote, el P. Reinaldo Osorio, quien fuera el formador del Seminario, al que despu\u00e9s asistieron.<\/p>\n<p>\u201cDios me estaba llamando. Me di cuenta que era en Dios y en las cosas de Dios donde yo era feliz, no hubo lugar a dudas: quer\u00eda ser sacerdote\u201d, explic\u00f3.<\/p>\n<p>A los 18 a\u00f1os de edad terminaron la escuela e ingresaron el 8 de marzo de 2003, al Pontificio Seminario Mayor San Rafael de Lo V\u00e1squez.<br \/>\nPara la familia no fue f\u00e1cil aceptar esta decisi\u00f3n doble. Sin embargo, al terminar el primer a\u00f1o de formaci\u00f3n la actitud de Rosa cambi\u00f3. \u201cMi mam\u00e1 me confes\u00f3 que estaba tranquila porque nos ve\u00eda contentos\u201d, asegura Felipe.<\/p>\n<p>Los gemelos fueron ordenados di\u00e1conos en septiembre de 2011 y el 28 de abril de 2012 fueron ordenados sacerdotes por el Obispo de Valpara\u00edso, Mons. Gonzalo Duarte Garc\u00eda. Ese mismo d\u00eda, los gemelos celebraron su primera Misa juntos en su parroquia de origen \u201cNuestra Se\u00f1ora de las Mercedes\u201d en Lagunillas. Felipe presidi\u00f3 y Paulo concelebr\u00f3.<\/p>\n<p>A un poco m\u00e1s de un a\u00f1o de su ordenaci\u00f3n, el Padre Felipe sirve en la Parroquia San Mart\u00edn de Tours de Quillota y el Padre Paulo en la Parroquia la Asunci\u00f3n de Mar\u00eda de Achupallas, Vi\u00f1a del Mar, donde por encargo del Obispo es el asesor de la Pastoral Juvenil diocesana.<\/p>\n<p>(&#8230;)<\/p>\n<p>El Padre Paulo agrega que seguir a Jes\u00fas no es f\u00e1cil pero es hermoso. \u201cJes\u00fas, la Iglesia y el Mundo nos necesitan. Pero no necesitan a cualquier joven: necesitan a j\u00f3venes empoderados de la verdad del Dios, de modo que su vida misma transparente vida, la sonrisa muestre esperanza, la mirada muestre fe y sus acciones muestren amor\u201d, afirma.<\/p>\n","protected":false},"excerpt":{"rendered":"<p>Edici\u00f3n www.catolicasmexico.com Por Paulo y Felipe Lizama REDACCI\u00d3N CENTRAL, 15 Ago. 13 \/ 05:21 am (ACI).- A inicios de 1984 una ecograf\u00eda mostraba que en el vientre de la chilena Rosa Silva se gestaba un beb\u00e9 con tres brazos y dos cabezas. Los m\u00e9dicos insistieron en que se practique un aborto, pero ella se neg\u00f3 [&hellip;]<\/p>\n","protected":false},"author":2,"featured_media":1614,"comment_status":"open","ping_status":"open","sticky":false,"template":"","format":"standard","meta":{"spay_email":"","jetpack_publicize_message":"","jetpack_is_tweetstorm":false},"categories":[9,13],"tags":[],"aioseo_notices":[],"jetpack_featured_media_url":"http:\/\/catolicasmexico.com\/blog\/wp-content\/uploads\/2013\/08\/20130815-123150.jpg","jetpack_publicize_connections":[],"jetpack_shortlink":"https:\/\/wp.me\/p3B5XH-q3","jetpack-related-posts":[{"id":4020,"url":"http:\/\/catolicasmexico.com\/blog\/el-doctor-le-dijo-que-abortara-a-dos-de-ellos-milagrosamente-los-trillizos-celebran-su-primer-aniversario\/","url_meta":{"origin":1615,"position":0},"title":"El doctor le dijo que abortara a dos de ellos. Milagrosamente los trillizos celebran su primer aniversario.","date":"8 octubre 2015","format":false,"excerpt":"....\" la t\u00e9cnica General para la reducci\u00f3n selectiva es sumergir una aguja llena de cloruro de potasio en el coraz\u00f3n del beb\u00e9.Poco despu\u00e9s de que el producto qu\u00edmico penetra en el coraz\u00f3n del beb\u00e9, ocasionando un paro cardiaco. Este tipo de aborto se practica entre 9 a 13 semanas de\u2026","rel":"","context":"En \u00abAborto\u00bb","img":{"alt_text":"","src":"https:\/\/i2.wp.com\/catolicasmexico.com\/blog\/wp-content\/uploads\/2015\/10\/IMG_0311.jpg?resize=350%2C200","width":350,"height":200},"classes":[]},{"id":1652,"url":"http:\/\/catolicasmexico.com\/blog\/un-hombre-asiste-impotente-al-aborto-de-sus-dos-gemelos-aun-a-pesar-de-que-dios-habia-hablado\/","url_meta":{"origin":1615,"position":1},"title":"Un hombre asiste impotente al aborto de sus dos gemelos aun a pesar de que Dios hab\u00eda hablado","date":"21 agosto 2013","format":false,"excerpt":"Articulo de Religi\u00f3n en libertad. Editado www.catolicasmexico.com (...) El hombre que dej\u00f3 su testimonio en Facebook (acreditado por distintas organizaciones provida norteamericanas) no se anda por las ramas: \"Esto no va de los derechos de la mujer. Esto va de asesinato. Lo he vivido a trav\u00e9s del aborto\". Muchas mujeres\u2026","rel":"","context":"En \u00abAborto\u00bb","img":{"alt_text":"","src":"","width":0,"height":0},"classes":[]},{"id":3415,"url":"http:\/\/catolicasmexico.com\/blog\/gemelos-prematuros-nacidos-una-semana-antes-del-limite-legal-de-aborto-sobreviven-milagrosamente\/","url_meta":{"origin":1615,"position":2},"title":"Gemelos prematuros nacidos una semana antes del l\u00edmite legal de aborto sobreviven milagrosamente","date":"23 septiembre 2014","format":false,"excerpt":"Articulo LifeNews traducci\u00f3n y edici\u00f3n libre Martin Pacheco Apenas un d\u00eda despu\u00e9s de que los padres de un beb\u00e9 prematuro hayan publicado una foto de su neonato, con la esperanza de contrarrestar el aborto tard\u00edo legal, nos llega otra fabulosa historia. En esta nueva historia, los padres de gemelos prematuros\u2026","rel":"","context":"En \u00abAborto\u00bb","img":{"alt_text":"","src":"https:\/\/i1.wp.com\/catolicasmexico.com\/blog\/wp-content\/uploads\/2014\/09\/IMG_0014.jpg?resize=350%2C200","width":350,"height":200},"classes":[]},{"id":2607,"url":"http:\/\/catolicasmexico.com\/blog\/testimonio-de-vida\/","url_meta":{"origin":1615,"position":3},"title":"Testimonio de vida.","date":"17 febrero 2014","format":false,"excerpt":"Mi nombre es Veronica y vivo en puebla, Mexico,cuando me embarac\u00e9 tenia 22 a\u00f1os. Fue una noticia inesperada, imediatamente que tuve el resultado de la prueba de embarazo, fui con mi mam\u00e1 para contarle la noticia, sabia que me apoyaria y que asi evitaria las tentaciones. En ningun momento me\u2026","rel":"","context":"En \u00abAborto\u00bb","img":{"alt_text":"","src":"https:\/\/i0.wp.com\/catolicasmexico.com\/blog\/wp-content\/uploads\/2014\/02\/20140217-115551.jpg?resize=350%2C200","width":350,"height":200},"classes":[]},{"id":3680,"url":"http:\/\/catolicasmexico.com\/blog\/deje-mi-trabajo-en-la-clinica-de-aborto-despues-de-asistir-al-aborto-de-cuatrillizos-perfectamente-formados-el-testimonio-de-un-ex-empleado\/","url_meta":{"origin":1615,"position":4},"title":"\"Dej\u00e9 mi trabajo en la cl\u00ednica de aborto despu\u00e9s de asistir al aborto de cuatrillizos  perfectamente formados\". El testimonio de un ex empleado.","date":"20 marzo 2015","format":false,"excerpt":"...\"estos dos beb\u00e9s totalmente formados estaban abrazados\" Por Ben Johnson con aporte de Dustin Siggins de LifeSiteNews del sitio del CQV traducci\u00f3n y edici\u00f3n libre CM (...)El mensaje entero a Johnson: Una mujer vino a nuestra cl\u00ednica una tarde, retorci\u00e9ndose de dolor. Otra cl\u00ednica de aborto le hab\u00eda dado una\u2026","rel":"","context":"En \u00abAborto\u00bb","img":{"alt_text":"","src":"","width":0,"height":0},"classes":[]},{"id":4293,"url":"http:\/\/catolicasmexico.com\/blog\/un-ultrasonido-muestra-a-un-bebe-sujetando-la-mano-de-su-hermanita-gemela\/","url_meta":{"origin":1615,"position":5},"title":"Un ultrasonido muestra a un b\u00e9b\u00e9 sujetando la mano de su hermanita gemela.","date":"14 marzo 2016","format":false,"excerpt":"La familia de Kansas de Ian y Brittani McIntire se sinti\u00f3 desconsolada cuando los m\u00e9dicos les dijeron que uno de sus gemelos por nacer probablemente morir\u00eda antes del parto. \u00a0 El beb\u00e9 Mason McIntire ten\u00eda un agujero en su coraz\u00f3n y un cerebro anormal. Pero la familia dijo que su\u2026","rel":"","context":"En \u00abEEUU\u00bb","img":{"alt_text":"","src":"https:\/\/i2.wp.com\/catolicasmexico.com\/blog\/wp-content\/uploads\/2016\/03\/mcintirebaby.jpg?resize=350%2C200","width":350,"height":200},"classes":[]}],"jetpack_likes_enabled":false,"jetpack_sharing_enabled":true,"_links":{"self":[{"href":"http:\/\/catolicasmexico.com\/blog\/wp-json\/wp\/v2\/posts\/1615"}],"collection":[{"href":"http:\/\/catolicasmexico.com\/blog\/wp-json\/wp\/v2\/posts"}],"about":[{"href":"http:\/\/catolicasmexico.com\/blog\/wp-json\/wp\/v2\/types\/post"}],"author":[{"embeddable":true,"href":"http:\/\/catolicasmexico.com\/blog\/wp-json\/wp\/v2\/users\/2"}],"replies":[{"embeddable":true,"href":"http:\/\/catolicasmexico.com\/blog\/wp-json\/wp\/v2\/comments?post=1615"}],"version-history":[{"count":2,"href":"http:\/\/catolicasmexico.com\/blog\/wp-json\/wp\/v2\/posts\/1615\/revisions"}],"predecessor-version":[{"id":4621,"href":"http:\/\/catolicasmexico.com\/blog\/wp-json\/wp\/v2\/posts\/1615\/revisions\/4621"}],"wp:featuredmedia":[{"embeddable":true,"href":"http:\/\/catolicasmexico.com\/blog\/wp-json\/wp\/v2\/media\/1614"}],"wp:attachment":[{"href":"http:\/\/catolicasmexico.com\/blog\/wp-json\/wp\/v2\/media?parent=1615"}],"wp:term":[{"taxonomy":"category","embeddable":true,"href":"http:\/\/catolicasmexico.com\/blog\/wp-json\/wp\/v2\/categories?post=1615"},{"taxonomy":"post_tag","embeddable":true,"href":"http:\/\/catolicasmexico.com\/blog\/wp-json\/wp\/v2\/tags?post=1615"}],"curies":[{"name":"wp","href":"https:\/\/api.w.org\/{rel}","templated":true}]}}