{"id":1612,"date":"2013-08-15T09:39:56","date_gmt":"2013-08-15T14:39:56","guid":{"rendered":"http:\/\/catolicasmexico.com\/blog\/?p=1612"},"modified":"2017-07-21T23:47:18","modified_gmt":"2017-07-22T04:47:18","slug":"hoy-celebramos-la-asuncion-de-la-santisima-virgen-maria","status":"publish","type":"post","link":"http:\/\/catolicasmexico.com\/blog\/hoy-celebramos-la-asuncion-de-la-santisima-virgen-maria\/","title":{"rendered":"Hoy celebramos La Asunci\u00f3n de la Sant\u00edsima Virgen Mar\u00eda."},"content":{"rendered":"<p><a href=\"http:\/\/catolicasmexico.com\/blog\/wp-content\/uploads\/2013\/08\/20130815-104246.jpg\"><img src=\"http:\/\/catolicasmexico.com\/blog\/wp-content\/uploads\/2013\/08\/20130815-104246.jpg\" alt=\"20130815-104246.jpg\" class=\"alignnone size-full\"  \/> <\/a><\/p>\n<p>Catholic.com<br \/>\nExplicaci\u00f3n de la fiesta<\/p>\n<p>La Asunci\u00f3n es un mensaje de esperanza que nos hace pensar en la dicha de alcanzar el Cielo, la gloria de Dios y en la alegr\u00eda de tener una madre que ha alcanzado la meta a la que nosotros caminamos. <\/p>\n<p>Este d\u00eda, recordamos que Mar\u00eda es una obra maravillosa de Dios. Concebida sin pecado original, el cuerpo de Mar\u00eda estuvo siempre libre de pecado. Era totalmente pura. Su alma nunca se corrompi\u00f3. Su cuerpo nunca fue manchado por el pecado, fue siempre un templo santo e inmaculado. <\/p>\n<p>Tambi\u00e9n, tenemos presente a Cristo por todas las gracias que derram\u00f3 sobre su Madre Mar\u00eda y c\u00f3mo ella supo responder a \u00e9stas. Ella alcanz\u00f3 la Gloria de Dios por la vivencia de las virtudes. Se coron\u00f3 con estas virtudes.<\/p>\n<p>La maternidad divina de Mar\u00eda fue el mayor milagro y la fuente de su grandeza, pero Dios no coron\u00f3 a Mar\u00eda por su sola la maternidad, sino por sus virtudes: su caridad, su humildad, su pureza, su paciencia, su mansedumbre, su perfecto homenaje de adoraci\u00f3n, amor, alabanza y agradecimiento. <\/p>\n<p>Mar\u00eda cumpli\u00f3 perfectamente con la voluntad de Dios en su vida y eso es lo que la llev\u00f3 a llegar a la gloria de Dios. <\/p>\n<p>En la Tierra todos queremos llegar a Dios y en esto trabajamos todos los d\u00edas. Esta es nuestra esperanza. Mar\u00eda ya ha alcanzado esto. Lo que ella ha alcanzado nos anima a nosotros. Lo que ella posee nos sirve de esperanza.<br \/>\nMar\u00eda tuvo una enorme confianza en Dios y su coraz\u00f3n lo ten\u00eda lleno de Dios. <\/p>\n<p>Ella es nuestra Madre del Cielo y est\u00e1 dispuesta a ayudarnos en todo lo que le pidamos.<\/p>\n<p>Un poco de historia<\/p>\n<p>El Papa P\u00edo XII defini\u00f3 como dogma de fe la Asunci\u00f3n de Mar\u00eda al Cielo en cuerpo y alma el 1 de noviembre de 1950.<\/p>\n<p>La fiesta de la Asunci\u00f3n es \u201cla fiesta de Mar\u00eda\u201d, la m\u00e1s solemne de las fiestas que la Iglesia celebra en su honor. Este d\u00eda festejamos todos los misterios de su vida.<\/p>\n<p>Es la celebraci\u00f3n de su grandeza, de todos sus privilegios y virtudes, que tambi\u00e9n se celebran por separado en otras fechas.<\/p>\n<p>Este d\u00eda tenemos presente a Cristo por todas las gracias que derram\u00f3 sobre su Madre, Mar\u00eda. \u00a1Qu\u00e9 bien supo Ella corresponder a \u00e9stas! Por eso, por su vivencia de las virtudes, Ella alcanz\u00f3 la gloria de Dios: se coron\u00f3 por estas virtudes.<\/p>\n<p>Mar\u00eda es una obra maravillosa de Dios: mujer sencilla y humilde, concebida sin pecado original y, por tanto, creatura pur\u00edsima. Su alma nunca se corrompi\u00f3. Su cuerpo nunca fue manchado por el pecado, fue siempre un templo santo e inmaculado de Dios.<\/p>\n<p>En la Tierra todos queremos llegar a Dios y por este fin trabajamos todos los d\u00edas, ya que \u00e9sa es nuestra esperanza. Mar\u00eda ya lo ha alcanzado. Lo que ella ya posee nos anima a nosotros a alcanzarlo tambi\u00e9n. <\/p>\n<p>Mar\u00eda tuvo una enorme confianza en Dios, su coraz\u00f3n lo ten\u00eda lleno de Dios. Vivi\u00f3 con una inmensa paz porque viv\u00eda en Dios, porque cumpli\u00f3 a la perfecci\u00f3n con la voluntad de Dios durante toda su vida. Y esto es lo que la llev\u00f3 a gozar en la gloria de Dios. Desde su Asunci\u00f3n al Cielo, Ella es nuestra Madre del Cielo. <\/p>\n<p>Sugerencias para vivir la fiesta:<\/p>\n<p>Tener una imagen de la Virgen Mar\u00eda en el momento de la Asunci\u00f3n y poner junto de \u00e9sta un florero para repartir una flor con un letrero de una virtud propia de la Virgen para que cada uno medite en esta virtud y deposite la flor.<\/p>\n<p>Coronar a la virgen Mar\u00eda poni\u00e9ndole una corona y explicando al mismo tiempo por que lleg\u00f3 al Cielo en cuerpo y alma.<\/p>\n<p>Llevar y ofrecer flores a la Virgen.<br \/>\nRezar el Rosario en familia con mucha devoci\u00f3n.<\/p>\n","protected":false},"excerpt":{"rendered":"<p>Catholic.com Explicaci\u00f3n de la fiesta La Asunci\u00f3n es un mensaje de esperanza que nos hace pensar en la dicha de alcanzar el Cielo, la gloria de Dios y en la alegr\u00eda de tener una madre que ha alcanzado la meta a la que nosotros caminamos. Este d\u00eda, recordamos que Mar\u00eda es una obra maravillosa de [&hellip;]<\/p>\n","protected":false},"author":2,"featured_media":1611,"comment_status":"open","ping_status":"open","sticky":false,"template":"","format":"standard","meta":{"spay_email":"","jetpack_publicize_message":"","jetpack_is_tweetstorm":false},"categories":[458],"tags":[],"aioseo_notices":[],"jetpack_featured_media_url":"http:\/\/catolicasmexico.com\/blog\/wp-content\/uploads\/2013\/08\/20130815-104246.jpg","jetpack_publicize_connections":[],"jetpack_shortlink":"https:\/\/wp.me\/p3B5XH-q0","jetpack-related-posts":[{"id":4981,"url":"http:\/\/catolicasmexico.com\/blog\/pequeno-oficio-de-la-virgen\/","url_meta":{"origin":1612,"position":0},"title":"PEQUE\u00d1O OFICIO DE LA VIRGEN.","date":"16 agosto 2021","format":"image","excerpt":"El peque\u00f1o oficio de La Inmaculada Concepci\u00f3n. Permito con gusto la impresi\u00f3n del op\u00fasculo intitulado el peque\u00f1o oficio de la Inmaculada Concepci\u00f3n, que es una compilaci\u00f3n de oraciones y de pr\u00e1cticas piadosas indulgenciadas en honor a Mar\u00eda Inmaculada. En Santa Ana de Beaupr\u00e9 2 de febrero de 1928.Imprimatur: Fr. R.M.\u2026","rel":"","context":"En \u00abOraciones\u00bb","img":{"alt_text":"","src":"https:\/\/i2.wp.com\/catolicasmexico.com\/blog\/wp-content\/uploads\/2014\/02\/20140210-194830.jpg?resize=350%2C200","width":350,"height":200},"classes":[]},{"id":1300,"url":"http:\/\/catolicasmexico.com\/blog\/hoy-celebramos-a-la-virgen-del-carmen\/","url_meta":{"origin":1612,"position":1},"title":"Hoy celebramos a la Virgen del Carmen.","date":"16 julio 2013","format":false,"excerpt":"Fuente de informacion.wwwcorazones.org Historia Desde los antiguos ermita\u00f1os que se establecieron en el Monte Carmelo, Los Carmelitas han sido conocidos por su profunda devoci\u00f3n a la Sant\u00edsima Virgen. Ellos interpretaron la nube de la visi\u00f3n de El\u00edas (1 Reyes 18, 44) como un s\u00edmbolo de la Virgen Mar\u00eda Inmaculada. Ya\u2026","rel":"","context":"En \u00abFe\u00bb","img":{"alt_text":"","src":"https:\/\/i2.wp.com\/catolicasmexico.com\/blog\/wp-content\/uploads\/2013\/07\/20130716-101725.jpg?resize=350%2C200","width":350,"height":200},"classes":[]},{"id":3522,"url":"http:\/\/catolicasmexico.com\/blog\/recorrido-por-el-purgatorio-en-compania-del-sagrado-corazon-de-jesus\/","url_meta":{"origin":1612,"position":2},"title":"Recorrido por el Purgatorio, en compa\u00f1\u00eda del Sagrado Coraz\u00f3n de Jes\u00fas.","date":"10 noviembre 2014","format":false,"excerpt":"Actos Preparatorios. Oraci\u00f3n - Santa Margarita, que Nuestro Se\u00f1or escogi\u00f3 para establecer por el mundo, como fuente inagotable de gracias, la devoci\u00f3n a su Divino Coraz\u00f3n; vos que escuchaste las almas del Purgatorio pedir este remedio nuevo, tan bueno y que hab\u00e9is librado una multitud de esas pobres prisioneras. Obtenedme,\u2026","rel":"","context":"En \u00abFe\u00bb","img":{"alt_text":"","src":"https:\/\/i0.wp.com\/catolicasmexico.com\/blog\/wp-content\/uploads\/2014\/11\/IMG_0126-0.jpg?resize=350%2C200","width":350,"height":200},"classes":[]},{"id":3276,"url":"http:\/\/catolicasmexico.com\/blog\/yo-estaba-completamente-a-favor-del-aborto-y-luego-todo-cambiotuve-un-aborto\/","url_meta":{"origin":1612,"position":3},"title":"Yo estaba completamente a favor del aborto, y luego todo cambi\u00f3\u2026tuve un aborto","date":"24 julio 2014","format":false,"excerpt":"Art\u00edculo original en www.lifesitenews.com traduccion y edici\u00f3n libre Sr.Martin Pacheco www.catolicasmexico.com Esta es la historia de aborto de una mujer, \u201cStar Tucker\u201d. Completamente a favor del aborto, ella cambi\u00f3 su punto de vista radicalmente\u2026despu\u00e9s de haber tenido un aborto. \u201cHay una pasi\u00f3n que nos empuja, nos da el aliento para\u2026","rel":"","context":"En \u00abAborto\u00bb","img":{"alt_text":"","src":"","width":0,"height":0},"classes":[]},{"id":2750,"url":"http:\/\/catolicasmexico.com\/blog\/hoy-la-iglesia-celebra-a-san-jose-el-castisimo-esposo-de-la-virgen-maria\/","url_meta":{"origin":1612,"position":4},"title":"Hoy la Iglesia celebra a San Jos\u00e9, el cast\u00edsimo esposo de la Virgen Mar\u00eda","date":"19 marzo 2014","format":false,"excerpt":"LIMA, 19 Mar. 14 \/ 12:04 am (ACI).- Hoy 19 de marzo la Iglesia Universal celebra la fiesta del verdadero esposo virginal de la Madre de Dios, San Jos\u00e9, el padre adoptivo de Jesucristo, el var\u00f3n prudente y justo que con paternal amor cuida al mundo entero. San Jos\u00e9 desde\u2026","rel":"","context":"En \u00abFamilia\u00bb","img":{"alt_text":"","src":"https:\/\/i1.wp.com\/catolicasmexico.com\/blog\/wp-content\/uploads\/2014\/03\/20140319-1202221.jpg?resize=350%2C200","width":350,"height":200},"classes":[]},{"id":4256,"url":"http:\/\/catolicasmexico.com\/blog\/morir-catolicamente\/","url_meta":{"origin":1612,"position":5},"title":"Morir cat\u00f3licamente","date":"29 febrero 2016","format":false,"excerpt":"Pensar\u00e1n algunos que como este es un sitio provida, \u00bfqu\u00e9 tiene que ver la lucha provida con las oraciones a favor de los moribundos? La raz\u00f3n est\u00e1 en que buena y sana mirada hacia el t\u00e9rmino de la vida produce buena y sana actitud hacia la vida presente, y tambi\u00e9n\u2026","rel":"","context":"En \u00abEducaci\u00f3n\u00bb","img":{"alt_text":"","src":"https:\/\/i2.wp.com\/catolicasmexico.com\/blog\/wp-content\/uploads\/2016\/02\/Death_of_St_Joseph_-_Paolo_de_Matteis_-_Castel_Nuovo_-_Naples_-_Italy_2015.jpg?resize=350%2C200","width":350,"height":200},"classes":[]}],"jetpack_likes_enabled":false,"jetpack_sharing_enabled":true,"_links":{"self":[{"href":"http:\/\/catolicasmexico.com\/blog\/wp-json\/wp\/v2\/posts\/1612"}],"collection":[{"href":"http:\/\/catolicasmexico.com\/blog\/wp-json\/wp\/v2\/posts"}],"about":[{"href":"http:\/\/catolicasmexico.com\/blog\/wp-json\/wp\/v2\/types\/post"}],"author":[{"embeddable":true,"href":"http:\/\/catolicasmexico.com\/blog\/wp-json\/wp\/v2\/users\/2"}],"replies":[{"embeddable":true,"href":"http:\/\/catolicasmexico.com\/blog\/wp-json\/wp\/v2\/comments?post=1612"}],"version-history":[{"count":2,"href":"http:\/\/catolicasmexico.com\/blog\/wp-json\/wp\/v2\/posts\/1612\/revisions"}],"predecessor-version":[{"id":4622,"href":"http:\/\/catolicasmexico.com\/blog\/wp-json\/wp\/v2\/posts\/1612\/revisions\/4622"}],"wp:featuredmedia":[{"embeddable":true,"href":"http:\/\/catolicasmexico.com\/blog\/wp-json\/wp\/v2\/media\/1611"}],"wp:attachment":[{"href":"http:\/\/catolicasmexico.com\/blog\/wp-json\/wp\/v2\/media?parent=1612"}],"wp:term":[{"taxonomy":"category","embeddable":true,"href":"http:\/\/catolicasmexico.com\/blog\/wp-json\/wp\/v2\/categories?post=1612"},{"taxonomy":"post_tag","embeddable":true,"href":"http:\/\/catolicasmexico.com\/blog\/wp-json\/wp\/v2\/tags?post=1612"}],"curies":[{"name":"wp","href":"https:\/\/api.w.org\/{rel}","templated":true}]}}