{"id":1609,"date":"2013-08-14T12:06:37","date_gmt":"2013-08-14T17:06:37","guid":{"rendered":"http:\/\/catolicasmexico.com\/blog\/?p=1609"},"modified":"2013-08-14T12:06:37","modified_gmt":"2013-08-14T17:06:37","slug":"buena-noticia-el-presidente-de-ecuador-se-disculpa-por-profanacion-de-capilla-en-hospital-de-portoviejo","status":"publish","type":"post","link":"http:\/\/catolicasmexico.com\/blog\/buena-noticia-el-presidente-de-ecuador-se-disculpa-por-profanacion-de-capilla-en-hospital-de-portoviejo\/","title":{"rendered":"Buena noticia: El Presidente de Ecuador se disculpa por profanaci\u00f3n de capilla en hospital de Portoviejo"},"content":{"rendered":"<p><a href=\"http:\/\/catolicasmexico.com\/blog\/wp-content\/uploads\/2013\/08\/20130814-131021.jpg\"><img src=\"http:\/\/catolicasmexico.com\/blog\/wp-content\/uploads\/2013\/08\/20130814-131021.jpg\" alt=\"20130814-131021.jpg\" class=\"alignnone size-full\"  \/> <\/a><\/p>\n<p>La capilla profanada de Portoviejo<\/p>\n<p>REDACCI\u00d3N CENTRAL, 13 Ago. 13 \/ 05:40 pm (ACI).- El presidente de Ecuador, Rafael Correa, se disculp\u00f3 este martes con el Arzobispo de Portoviejo, Mons. Lorenzo Voltolini, por la profanaci\u00f3n que sufri\u00f3 la capilla del hospital Verdi Cevallos el pasado viernes, cuando todas las cosas, incluyendo el cop\u00f3n con las hostias consagradas y el sagrario, fueron retirados para colocar en su lugar camas y pacientes.<\/p>\n<p>\u00abEsta ma\u00f1ana (martes) el presidente de la rep\u00fablica llam\u00f3 a Mons. Lorenzo Voltolini, Arzobispo de Portoviejo, para pedir disculpas sobre el hecho, sobre todo porque en la capilla estaba el Sant\u00edsimo, y dej\u00f3 claro, v\u00eda telef\u00f3nica, que este tipo de actos no corresponden a la pol\u00edtica del Gobierno ecuatoriano. Lo mismo hizo otro funcionario del ministerio de salud\u00bb, inform\u00f3 este martes 13 de agosto a ACI Prensa el Vicario de pastoral, P. Manuel Cede\u00f1o.<\/p>\n<p>En ese sentido, el P. Cede\u00f1o se\u00f1al\u00f3 que \u00abesta noche Mons. Lorenzo tendr\u00e1 una reuni\u00f3n en el hospital Verdi Cevallos con la Gobernadora y otras autoridades de salud a nivel nacional y local, entre los temas estar\u00e1 el futuro de la atenci\u00f3n pastoral de la Arquidi\u00f3cesis en el hospital a trav\u00e9s de los ministros: sacerdotes, religiosas y fieles laicos, en un lugar f\u00edsico espec\u00edfico\u00bb.<\/p>\n<p>\u00abMientras tanto las autoridades del hospital han ofrecido la sala de espera para que el sacerdote celebre la Misa\u00bb, indic\u00f3.<br \/>\n(&#8230;)<\/p>\n","protected":false},"excerpt":{"rendered":"<p>La capilla profanada de Portoviejo REDACCI\u00d3N CENTRAL, 13 Ago. 13 \/ 05:40 pm (ACI).- El presidente de Ecuador, Rafael Correa, se disculp\u00f3 este martes con el Arzobispo de Portoviejo, Mons. Lorenzo Voltolini, por la profanaci\u00f3n que sufri\u00f3 la capilla del hospital Verdi Cevallos el pasado viernes, cuando todas las cosas, incluyendo el cop\u00f3n con las [&hellip;]<\/p>\n","protected":false},"author":2,"featured_media":1608,"comment_status":"open","ping_status":"open","sticky":false,"template":"","format":"standard","meta":{"spay_email":"","jetpack_publicize_message":"","jetpack_is_tweetstorm":false},"categories":[25,13],"tags":[],"aioseo_notices":[],"jetpack_featured_media_url":"http:\/\/catolicasmexico.com\/blog\/wp-content\/uploads\/2013\/08\/20130814-131021.jpg","jetpack_publicize_connections":[],"jetpack_shortlink":"https:\/\/wp.me\/p3B5XH-pX","jetpack-related-posts":[{"id":1592,"url":"http:\/\/catolicasmexico.com\/blog\/ecuador-profanan-capilla-de-hospital-en-portoviejo\/","url_meta":{"origin":1609,"position":0},"title":"Ecuador: Profanan capilla de hospital en Portoviejo","date":"13 agosto 2013","format":false,"excerpt":"Compartimos con ustedes otro caso de ataque contra la Iglesia Cat\u00f3lica, en donde so pretexto de la secularizaci\u00f3n, el gobierno profana lo m\u00e1s sagrado para los creyentes. QUITO, 12 Ago. 13 \/ 07:10 pm (ACI\/EWTN Noticias).- Personal del Hospital Verdi Cevallos de Portoviejo, en Manab\u00ed (Ecuador), profan\u00f3 este viernes la\u2026","rel":"","context":"En \u00abFe\u00bb","img":{"alt_text":"","src":"","width":0,"height":0},"classes":[]},{"id":3210,"url":"http:\/\/catolicasmexico.com\/blog\/nuestra-senora-del-rosario-de-chinquinquira\/","url_meta":{"origin":1609,"position":1},"title":"Nuestra Se\u00f1ora del Rosario de Chinquinquir\u00e1.","date":"9 julio 2014","format":false,"excerpt":"Durante siglos, el pueblo colombiano da gloria a Dios por medio de su Madre la Sant\u00edsima Virgen Mar\u00eda bajo la advocaci\u00f3n de Nuestra Se\u00f1ora del Rosario de Chinquinquir\u00e1. Es este uno de los m\u00e1s importantes y frecuentados santuarios de Colombia. La Virgen est\u00e1 representada en un lienzo, con el Ni\u00f1o\u2026","rel":"","context":"En \u00abFe\u00bb","img":{"alt_text":"","src":"","width":0,"height":0},"classes":[]},{"id":1992,"url":"http:\/\/catolicasmexico.com\/blog\/el-milagro-eucaristico-de-avignon\/","url_meta":{"origin":1609,"position":2},"title":"El milagro eucar\u00edstico de Avign\u00f3n","date":"4 noviembre 2013","format":false,"excerpt":"Las aguas se abrieron para proteger al Se\u00f1or. La ciudad de Avignon en el sur de Francia, est\u00e1 ubicada en la margen izquierda del r\u00edo R\u00f3dano, a unos 650 km. al sureste de Par\u00eds. Durante varios a\u00f1os esta ciudad fue la sede de los papas de la Iglesia Cat\u00f3lica. Pero\u2026","rel":"","context":"En \u00abFe\u00bb","img":{"alt_text":"","src":"https:\/\/i2.wp.com\/catolicasmexico.com\/blog\/wp-content\/uploads\/2015\/07\/capilla-de-la-santa-cruz-milagro-de-avignon.jpg?resize=350%2C200","width":350,"height":200},"classes":[]},{"id":791,"url":"http:\/\/catolicasmexico.com\/blog\/horror-en-la-catedral-de-nantes-se-censuran-imagenes-de-profanacion-y-reacciona-ayrault\/","url_meta":{"origin":1609,"position":3},"title":"Horror en la catedral de Nantes: Se censuran im\u00e1genes de profanaci\u00f3n Y reacciona Ayrault.","date":"10 junio 2013","format":false,"excerpt":"Noticia de Religi\u00f3n en libertad.com Francia padece una brutal campa\u00f1a de odio religioso que conduce cada semana a la profanaci\u00f3n de varias iglesias (puede hacerse un seguimiento a trav\u00e9s de la p\u00e1gina del Observatorio de la Cristianofobia). La \u00faltima y m\u00e1s importante, la hist\u00f3rica catedral de Nantes, que en la\u2026","rel":"","context":"En \u00abFe\u00bb","img":{"alt_text":"","src":"","width":0,"height":0},"classes":[]},{"id":2743,"url":"http:\/\/catolicasmexico.com\/blog\/24-horas-para-el-senor-iglesias-abiertas-para-la-confesion-en-todo-el-mundo\/","url_meta":{"origin":1609,"position":4},"title":"24 horas para el Se\u00f1or: Iglesias abiertas para la confesi\u00f3n en todo el mundo","date":"19 marzo 2014","format":false,"excerpt":"Foto ReinaCani_(CC-BY-NC-ND-2.0) VATICANO, 18 Mar. 14 \/ 10:36 am (ACI).- Iglesias de diversas di\u00f3cesis del mundo abiertas durante 24 horas con la presencia de sacerdotes para que los fieles puedan confesarse: Esa es la propuesta \"24 horas para el Se\u00f1or\" que ha lanzado el Consejo Pontificio para la Promoci\u00f3n de\u2026","rel":"","context":"En \u00abFe\u00bb","img":{"alt_text":"","src":"https:\/\/i2.wp.com\/catolicasmexico.com\/blog\/wp-content\/uploads\/2014\/03\/20140319-114909.jpg?resize=350%2C200","width":350,"height":200},"classes":[]},{"id":2824,"url":"http:\/\/catolicasmexico.com\/blog\/eeuu-arzobispo-pide-oracion-y-accion-urgente-para-bloquear-ley-de-aborto-en-colorado\/","url_meta":{"origin":1609,"position":5},"title":"EEUU: Arzobispo pide oraci\u00f3n y acci\u00f3n urgente para bloquear ley de aborto en Colorado","date":"14 abril 2014","format":false,"excerpt":"Mons. Samuel Aquila DENVER, 12 Abr. 14 \/ 02:44 pm (ACI).- El Arzobispo de Denver (Estados Unidos), Mons. Samuel Aquila, hizo un llamado a la oraci\u00f3n y acci\u00f3n urgente de los cat\u00f3licos en el estado de Colorado para frenar la aprobaci\u00f3n del proyecto de ley SB175, que busca insertar el\u2026","rel":"","context":"En \u00abAborto\u00bb","img":{"alt_text":"","src":"https:\/\/i1.wp.com\/catolicasmexico.com\/blog\/wp-content\/uploads\/2014\/04\/20140414-144947.jpg?resize=350%2C200","width":350,"height":200},"classes":[]}],"jetpack_likes_enabled":false,"jetpack_sharing_enabled":true,"_links":{"self":[{"href":"http:\/\/catolicasmexico.com\/blog\/wp-json\/wp\/v2\/posts\/1609"}],"collection":[{"href":"http:\/\/catolicasmexico.com\/blog\/wp-json\/wp\/v2\/posts"}],"about":[{"href":"http:\/\/catolicasmexico.com\/blog\/wp-json\/wp\/v2\/types\/post"}],"author":[{"embeddable":true,"href":"http:\/\/catolicasmexico.com\/blog\/wp-json\/wp\/v2\/users\/2"}],"replies":[{"embeddable":true,"href":"http:\/\/catolicasmexico.com\/blog\/wp-json\/wp\/v2\/comments?post=1609"}],"version-history":[{"count":1,"href":"http:\/\/catolicasmexico.com\/blog\/wp-json\/wp\/v2\/posts\/1609\/revisions"}],"predecessor-version":[{"id":1610,"href":"http:\/\/catolicasmexico.com\/blog\/wp-json\/wp\/v2\/posts\/1609\/revisions\/1610"}],"wp:featuredmedia":[{"embeddable":true,"href":"http:\/\/catolicasmexico.com\/blog\/wp-json\/wp\/v2\/media\/1608"}],"wp:attachment":[{"href":"http:\/\/catolicasmexico.com\/blog\/wp-json\/wp\/v2\/media?parent=1609"}],"wp:term":[{"taxonomy":"category","embeddable":true,"href":"http:\/\/catolicasmexico.com\/blog\/wp-json\/wp\/v2\/categories?post=1609"},{"taxonomy":"post_tag","embeddable":true,"href":"http:\/\/catolicasmexico.com\/blog\/wp-json\/wp\/v2\/tags?post=1609"}],"curies":[{"name":"wp","href":"https:\/\/api.w.org\/{rel}","templated":true}]}}