{"id":160,"date":"2013-05-07T13:02:42","date_gmt":"2013-05-07T18:02:42","guid":{"rendered":"http:\/\/catolicasmexico.com\/blog\/?p=160"},"modified":"2013-05-07T13:03:55","modified_gmt":"2013-05-07T18:03:55","slug":"cuando-lo-acusaron-la-prensa-hizo-escandalo-cuando-lo-encontraron-inocente-callaron","status":"publish","type":"post","link":"http:\/\/catolicasmexico.com\/blog\/cuando-lo-acusaron-la-prensa-hizo-escandalo-cuando-lo-encontraron-inocente-callaron\/","title":{"rendered":"Cuando lo acusaron, la prensa hizo escandalo, cuando lo encontraron inocente, callaron &#8230;."},"content":{"rendered":"<p><a href=\"http:\/\/catolicasmexico.com\/blog\/wp-content\/uploads\/2013\/05\/image.jpeg\"><img data-attachment-id=\"161\" data-permalink=\"http:\/\/catolicasmexico.com\/blog\/cuando-lo-acusaron-la-prensa-hizo-escandalo-cuando-lo-encontraron-inocente-callaron\/image-7\/\" data-orig-file=\"http:\/\/catolicasmexico.com\/blog\/wp-content\/uploads\/2013\/05\/image.jpeg\" data-orig-size=\"205,120\" data-comments-opened=\"1\" data-image-meta=\"{&quot;aperture&quot;:&quot;0&quot;,&quot;credit&quot;:&quot;&quot;,&quot;camera&quot;:&quot;&quot;,&quot;caption&quot;:&quot;&quot;,&quot;created_timestamp&quot;:&quot;0&quot;,&quot;copyright&quot;:&quot;&quot;,&quot;focal_length&quot;:&quot;0&quot;,&quot;iso&quot;:&quot;0&quot;,&quot;shutter_speed&quot;:&quot;0&quot;,&quot;title&quot;:&quot;&quot;,&quot;orientation&quot;:&quot;0&quot;}\" data-image-title=\"image\" data-image-description=\"\" data-medium-file=\"http:\/\/catolicasmexico.com\/blog\/wp-content\/uploads\/2013\/05\/image.jpeg\" data-large-file=\"http:\/\/catolicasmexico.com\/blog\/wp-content\/uploads\/2013\/05\/image.jpeg\" class=\"alignnone size-full wp-image-161\" title=\"image\" src=\"http:\/\/catolicasmexico.com\/blog\/wp-content\/uploads\/2013\/05\/image.jpeg\" alt=\"\" width=\"205\" height=\"120\" srcset=\"http:\/\/catolicasmexico.com\/blog\/wp-content\/uploads\/2013\/05\/image.jpeg 205w, http:\/\/catolicasmexico.com\/blog\/wp-content\/uploads\/2013\/05\/image-150x120.jpeg 150w\" sizes=\"100vw\" \/> <\/a><\/p>\n<div>M\u00e1s de 99% de todos los sacerdotes Cat\u00f3licos que no tienen nada que ver con este esc\u00e1ndalo, son tachados como culpables hasta que su inocencia sea probada, en vez de ser al rev\u00e9s, como es en el mundo civil. \u00bfQu\u00e9 clase de compasi\u00f3n hacia la gran mayor\u00eda de sacerdotes inocentes es brindada por la prensa liberal, y por individuos no-Cat\u00f3licos que se gozan en atacar a la Iglesia Cat\u00f3lica? Aparentemente todos los sacerdotes Cat\u00f3licos son tratados sospechosamente. \u00bfEs esta la actitud de un verdadero Cristiano? \u00bfEs \u00e9sto justo o imparcial a los inocentes pertenecientes a la mayor\u00eda?<\/div>\n<div><\/div>\n<div>\u00abSi el mundo os odia, sabed que a m\u00ed me ha odiado antes que a vosotros. Si fuerais del mundo, el mundo amar\u00eda lo suyo; pero, como no sois del mundo, porque yo al elegiros os he sacado del mundo, por eso os odia el mundo.\u00bb Juan 15:18-<\/div>\n<div>19.<\/div>\n<div><\/div>\n<div>CASO PADRE GRASSI EN ARGENTINA :<\/div>\n<div><\/div>\n<div>No podemos ser tan ingenuos como para ignorar el hecho de que la mayor\u00eda de dichas acusaciones fueron hechas bajo cargos falsos e intereses de avaricia con la esperanza de obtener ganancia en un acuerdo monetario.<\/div>\n<div><\/div>\n<div>Su Fundaci\u00f3n se llamaba \u00abFelices los ni\u00f1os\u00bb y estaba formada por 6.000 ni\u00f1os recogidos de la calle. Recib\u00edan atenci\u00f3n y cuidado desde mucho tiempo antes y con gran \u00e9xito, y todo marchaba de maravilla. En ciertos c\u00edrculos primero y luego en general, se coment\u00f3 mucho que \u00able hab\u00edan armado la cama\u00bb es decir, inventar para da\u00f1arlo.<\/div>\n<div><\/div>\n<div>Resumiendo: Lo sacaron de all\u00ed; al tiempo se vino todo abajo; desapareci\u00f3 la Fundaci\u00f3n y todo el dinero \u00bfY d\u00f3nde fueron a parar esas pobres criaturas? Otra vez a la calle, perdidos, terriblemente angustiados sin comprender porqu\u00e9 hab\u00edan perdido el hogar en el que eran tan felices. Y cu\u00e1nto sufrieron, porque lo adoraban \u00bfSer\u00e1n ellos los que ahora roban, se drogan destruy\u00e9ndose a s\u00ed mismos y matan por unas zapatillas, por lo cual se vive con tanto miedo en Buenos Aires?<\/div>\n<div><\/div>\n<div>Los que hicieron semejante da\u00f1o, tanto al Padre Grassi como a los ni\u00f1os, deber\u00e1n rendir cuentas alg\u00fan d\u00eda.<\/div>\n<div><\/div>\n<div>Y ahora, despu\u00e9s de 8 a\u00f1os, la Justicia reconoce que el Padre Julio C\u00e9sar Grassi es absolutamente inocente.<\/div>\n<div><\/div>\n<div>Despu\u00e9s de armar un semejante y largo esc\u00e1ndalo durante a\u00f1os, ni un diario, ni una revista, ni un canal de TV ha sido capaz de anunciar su libertad e inocencia \u00a1Qu\u00e9 tremendo el da\u00f1o que podemos hacer con nuestra lengua, con la envidia! Que da\u00f1o pueden hacer ciertas personas \u00e1vidas de dinero, de poder, de hacerse ver, de tomar revancha con alguien\u2026 con cualquiera que les sirva a sus prop\u00f3sitos.<\/div>\n<div><\/div>\n<div>Ahora \u00bfQui\u00e9n le limpia su fama? Adem\u00e1s, nadie le pidi\u00f3 disculpas.<\/div>\n","protected":false},"excerpt":{"rendered":"<p>M\u00e1s de 99% de todos los sacerdotes Cat\u00f3licos que no tienen nada que ver con este esc\u00e1ndalo, son tachados como culpables hasta que su inocencia sea probada, en vez de ser al rev\u00e9s, como es en el mundo civil. \u00bfQu\u00e9 clase de compasi\u00f3n hacia la gran mayor\u00eda de sacerdotes inocentes es brindada por la prensa [&hellip;]<\/p>\n","protected":false},"author":2,"featured_media":161,"comment_status":"open","ping_status":"open","sticky":false,"template":"","format":"standard","meta":{"spay_email":"","jetpack_publicize_message":"","jetpack_is_tweetstorm":false},"categories":[13],"tags":[],"aioseo_notices":[],"jetpack_featured_media_url":"http:\/\/catolicasmexico.com\/blog\/wp-content\/uploads\/2013\/05\/image.jpeg","jetpack_publicize_connections":[],"jetpack_shortlink":"https:\/\/wp.me\/p3B5XH-2A","jetpack-related-posts":[{"id":628,"url":"http:\/\/catolicasmexico.com\/blog\/628\/","url_meta":{"origin":160,"position":0},"title":"La Iglesia ha sido vital para evitar m\u00e1s violencia en Venezuela, responde periodista a ministro","date":"31 mayo 2013","format":false,"excerpt":"Noticia de EWTN. Comentario www.catolicasmexico.com La columnista venezolana Mar\u00eda Denisse Fanianos de Capriles respondi\u00f3 al ministro del Interior Rodr\u00edguez Torres, que acus\u00f3 la semana pasada a la Iglesia de ignorar el tema de la delincuencia, y le record\u00f3 que es la Iglesia la que ha evitado que los niveles de\u2026","rel":"","context":"En \u00abFamilia\u00bb","img":{"alt_text":"","src":"","width":0,"height":0},"classes":[]},{"id":669,"url":"http:\/\/catolicasmexico.com\/blog\/sacerdotes-por-la-vida-tiene-como-objetivo-transmitir-el-mensaje-pro-vida-en-el-mundo-de-habla-hispana\/","url_meta":{"origin":160,"position":1},"title":"Sacerdotes por la Vida tiene como objetivo transmitir el mensaje pro vida en el mundo de habla hispana","date":"2 junio 2013","format":false,"excerpt":"Por Kirsten Andersen de lifeSiteNews. Traducci\u00f3n y edici\u00f3n libre Alejandro P. de www.catolicasmexico.com Jue, 30 de mayo de 2013 20:16 WASHINGTON, D.C., 30 de mayo de 2013 (LifeSiteNews) \u2013 los centros de Crisis en el embarazo, Silent no More, Rachel's Vyneyard, son nombres conocidos en el movimiento pro vida en\u2026","rel":"","context":"En \u00abAborto\u00bb","img":{"alt_text":"","src":"","width":0,"height":0},"classes":[]},{"id":3705,"url":"http:\/\/catolicasmexico.com\/blog\/y-nos-consideramos-provida\/","url_meta":{"origin":160,"position":2},"title":"...Y nos consideramos provida","date":"22 abril 2015","format":false,"excerpt":"Traducci\u00f3n del ingl\u00e9s hecha por Jules el 20 de abril de 2015 para Cat\u00f3licas M\u00e9xico. Cuando era joven, santa Catalina de Siena se confinaba a una rec\u00e1mara peque\u00f1a en la casa de su padre, en la cual oraba y hac\u00eda penitencia por sus pecados. Hizo tal durante tres a\u00f1os. Al\u2026","rel":"","context":"En \u00abAborto\u00bb","img":{"alt_text":"","src":"https:\/\/i1.wp.com\/catolicasmexico.com\/blog\/wp-content\/uploads\/2015\/04\/Dolci_Carlo_-_St._Catherine_of_Siena_-_Google_Art_Project.jpg?resize=350%2C200","width":350,"height":200},"classes":[]},{"id":1230,"url":"http:\/\/catolicasmexico.com\/blog\/secta-ocultista-en-mexico-que-crece-dramaticamente-el-engano-de-la-santa-muerte\/","url_meta":{"origin":160,"position":3},"title":"Secta ocult\u00edsta en Mexico  crece dram\u00e1ticamente. El enga\u00f1o de  la \"santa muerte\"","date":"11 julio 2013","format":false,"excerpt":"Catolic.net www.periodicosanmiguel.org Edicion libre www.catolicasmexico.com La santa muerte es en esencia, el ultimo disfraz de satan\u00e1s para enga\u00f1ar a todos los cat\u00f3licos ignorantes e ingenuos. Este personaje es una copia o parodia que satan\u00e1s hace de la Sant\u00edsima Virgen Mar\u00eda. Este culto se difunde en mercados populares, en tiendas esot\u00e9ricas,\u2026","rel":"","context":"En \u00abFe\u00bb","img":{"alt_text":"","src":"https:\/\/i2.wp.com\/catolicasmexico.com\/blog\/wp-content\/uploads\/2013\/07\/20130711-201653.jpg?resize=350%2C200","width":350,"height":200},"classes":[]},{"id":2369,"url":"http:\/\/catolicasmexico.com\/blog\/nuevo-trailer-de-pro-vida-documental-sobre-la-lucha-por-la-vida-y-la-familia-en-america-central\/","url_meta":{"origin":160,"position":4},"title":"Nuevo tr\u00e1iler del documental pro vida sobre la lucha por la vida y la familia en Am\u00e9rica Central","date":"14 enero 2014","format":false,"excerpt":"Del sitio http:\/\/www.lifesitenews.com\/ 8 De enero del 2014 (HLI) - Un tr\u00e1iler de la pel\u00edcula y varios clips de preestreno del documental pro vida producido por Human Life International: \"Centroam\u00e9rica y M\u00e9xico: lucha por la vida, la fe y la familia\" ya est\u00e1n disponibles en YouTube. La pel\u00edcula se estrena\u2026","rel":"","context":"En \u00abAborto\u00bb","img":{"alt_text":"","src":"https:\/\/i0.wp.com\/catolicasmexico.com\/blog\/wp-content\/uploads\/2014\/01\/Documentary-Mexico.png?resize=350%2C200","width":350,"height":200},"classes":[]},{"id":4445,"url":"http:\/\/catolicasmexico.com\/blog\/agencias-de-la-onu-presionan-a-la-iglesia-catolica-sobre-contracepcion-homosexualidad-y-masturbacion\/","url_meta":{"origin":160,"position":5},"title":"Agencias de la ONU presionan a la Iglesia cat\u00f3lica sobre contracepci\u00f3n, homosexualidad y masturbaci\u00f3n","date":"4 octubre 2016","format":false,"excerpt":"Austin Ruse | Nueva York | 15 de septiembre de 2016 (Atribuci\u00f3n: www.all-free-photos.com) (Nueva York, C-FAM) Tres poderosas agencias de la ONU patrocinan la publicaci\u00f3n de un documento, la semana que viene, en el que se llama a la Iglesia cat\u00f3lica a cambiar sus ense\u00f1anzas, no solo en cuanto a\u2026","rel":"","context":"En \u00abAborto\u00bb","img":{"alt_text":"","src":"https:\/\/i2.wp.com\/catolicasmexico.com\/blog\/wp-content\/uploads\/2016\/11\/PI44938-hr.jpg?resize=350%2C200","width":350,"height":200},"classes":[]}],"jetpack_likes_enabled":false,"jetpack_sharing_enabled":true,"_links":{"self":[{"href":"http:\/\/catolicasmexico.com\/blog\/wp-json\/wp\/v2\/posts\/160"}],"collection":[{"href":"http:\/\/catolicasmexico.com\/blog\/wp-json\/wp\/v2\/posts"}],"about":[{"href":"http:\/\/catolicasmexico.com\/blog\/wp-json\/wp\/v2\/types\/post"}],"author":[{"embeddable":true,"href":"http:\/\/catolicasmexico.com\/blog\/wp-json\/wp\/v2\/users\/2"}],"replies":[{"embeddable":true,"href":"http:\/\/catolicasmexico.com\/blog\/wp-json\/wp\/v2\/comments?post=160"}],"version-history":[{"count":2,"href":"http:\/\/catolicasmexico.com\/blog\/wp-json\/wp\/v2\/posts\/160\/revisions"}],"predecessor-version":[{"id":164,"href":"http:\/\/catolicasmexico.com\/blog\/wp-json\/wp\/v2\/posts\/160\/revisions\/164"}],"wp:featuredmedia":[{"embeddable":true,"href":"http:\/\/catolicasmexico.com\/blog\/wp-json\/wp\/v2\/media\/161"}],"wp:attachment":[{"href":"http:\/\/catolicasmexico.com\/blog\/wp-json\/wp\/v2\/media?parent=160"}],"wp:term":[{"taxonomy":"category","embeddable":true,"href":"http:\/\/catolicasmexico.com\/blog\/wp-json\/wp\/v2\/categories?post=160"},{"taxonomy":"post_tag","embeddable":true,"href":"http:\/\/catolicasmexico.com\/blog\/wp-json\/wp\/v2\/tags?post=160"}],"curies":[{"name":"wp","href":"https:\/\/api.w.org\/{rel}","templated":true}]}}