{"id":1588,"date":"2013-08-12T10:02:00","date_gmt":"2013-08-12T15:02:00","guid":{"rendered":"http:\/\/catolicasmexico.com\/blog\/?p=1588"},"modified":"2013-08-12T10:02:00","modified_gmt":"2013-08-12T15:02:00","slug":"en-hora-buena-fundacion-madrina-inaugura-nuevo-centro-de-ayuda-a-la-mujer-embarazada-en-madrid","status":"publish","type":"post","link":"http:\/\/catolicasmexico.com\/blog\/en-hora-buena-fundacion-madrina-inaugura-nuevo-centro-de-ayuda-a-la-mujer-embarazada-en-madrid\/","title":{"rendered":"En hora buena! Fundaci\u00f3n Madrina inaugura nuevo centro de ayuda a la mujer embarazada en Madrid."},"content":{"rendered":"<p><a href=\"http:\/\/catolicasmexico.com\/blog\/wp-content\/uploads\/2013\/08\/20130812-110145.jpg\"><img src=\"http:\/\/catolicasmexico.com\/blog\/wp-content\/uploads\/2013\/08\/20130812-110145.jpg\" alt=\"20130812-110145.jpg\" class=\"alignnone size-full\"  \/> <\/a><\/p>\n<p>Felicitamos como siempre a los que luchan por la vida, en este caso a la Fundaci\u00f3n Madrina y a todos los que colaboran en este organismo, con su amor, su tiempo y dedicaci\u00f3n. Nos permitimos felicitar tambi\u00e9n a las empresas solidarias. Esto es verdadero amor al pr\u00f3jimo. No el aborto que hiere de muerte a las mujeres.\u00a1Viva la vida!<\/p>\n<p>MADRID, 11 Ago. 13 \/ 02:39 pm (ACI\/EWTN Noticias).- La Fundaci\u00f3n Madrina inaugur\u00f3 recientemente en la calle Limonero 36 en Madrid (Espa\u00f1a), un nuevo centro de ayuda con capacidad para atender al d\u00eda a 50 mujeres embarazadas.<\/p>\n<p>Conrado Gim\u00e9nez, presidente y fundador de la Fundaci\u00f3n Madrina, se\u00f1al\u00f3 que \u201cla familia y la maternidad es de lo m\u00e1s importante que tiene un pa\u00eds y no es apoyado ni acompa\u00f1ado y eso precisamente es lo que nosotros desde la Fundaci\u00f3n Madrina pretendemos hacer\u00bb.<\/p>\n<p>(&#8230;)<\/p>\n<p>El centro tiene una capacidad de atenci\u00f3n de 50 madres al d\u00eda y cuenta con servicios de ecograf\u00edas, ayudas para los beb\u00e9s y tambi\u00e9n de capacitaci\u00f3n de la mujer. \u00abLa ayuda ginecol\u00f3gica es especialmente importante. Tenemos muchos casos de madres adolescentes o de mujeres que hasta el octavo mes de embarazo no se hacen una ecograf\u00eda porque carecen de recursos econ\u00f3micos\u201d. \u201cTodo esto lo atenderemos desde este centro que sacamos adelante con la ayuda del Padre \u00c1ngel, fundador de Mensajeros de la Paz\u00bb, a\u00f1adi\u00f3.<\/p>\n<p>Asimismo, dijo que \u201ccuando viene una mujer, se entrevista con cinco profesionales. As\u00ed en el arco de 24 o 48 horas al m\u00e1ximo ya sabemos cu\u00e1les son sus necesidades y c\u00f3mo se pueden realizar las intervenciones de ayuda peri\u00f3dicas que necesita la madre\u00bb.<\/p>\n<p>Dijo que para una ayuda m\u00e1s efectiva, quieren instalar en el nuevo centro un call center que atienda las 24 horas del d\u00eda. Indic\u00f3 que la Fundaci\u00f3n Madrina atiende entre 30.000 y 40.000 llamadas casos de emergencia al a\u00f1o. Un 70 por ciento de ellos provienen de Servicios Sociales.<\/p>\n<p>Tambi\u00e9n hay madres v\u00edctimas de abandono de familia o pareja con embarazos muy avanzados o bien con dudas para seguirlos.<\/p>\n<p>Conrado Gim\u00e9nez record\u00f3 que uno de los puntos que diferencia a la Fundaci\u00f3n Madrina es el \u201capadrinamiento\u201d o \u201camadrinamiento\u201d de las mujeres embarazadas. \u00abSe trata de un acompa\u00f1amiento a trav\u00e9s de voluntariado de madrinas y padrinos, es decir, padres y madres que acompa\u00f1an a estas j\u00f3venes a las visitas al m\u00e9dico, al parto, a las revisiones hospitalarias y tambi\u00e9n les ayudan y acompa\u00f1an en la en la b\u00fasqueda de empleo\u00bb, explic\u00f3.<\/p>\n<p>La fundaci\u00f3n Madrina durante el 2012 ayud\u00f3 a 2.900 embarazadas y madres a trav\u00e9s de las trabajadoras sociales para solucionar sus problemas de vivienda, alimentos y guarder\u00eda. Acogieron en los pisos de la Fundaci\u00f3n a 12 madres y a sus 12 beb\u00e9s en r\u00e9gimen de residencia, alimentaci\u00f3n, formaci\u00f3n y cuidados. 700 mujeres recibieron ayuda psicol\u00f3gica en la Fundaci\u00f3n Madrina. 1.600 familias fueron atendidas en el Banco Materno Infantil, que forma parte de la Fundaci\u00f3n, en donde recibieron alimentaci\u00f3n tanto para los adultos, como leche maternizada y enseres para el beb\u00e9.<\/p>\n<p>Adem\u00e1s durante el 2012 se buscaron oportunidades laborales y de formaci\u00f3n para 1.200 familias.<\/p>\n<p>M\u00e1s informaci\u00f3n en http:\/\/madrina.org\/<\/p>\n","protected":false},"excerpt":{"rendered":"<p>Felicitamos como siempre a los que luchan por la vida, en este caso a la Fundaci\u00f3n Madrina y a todos los que colaboran en este organismo, con su amor, su tiempo y dedicaci\u00f3n. Nos permitimos felicitar tambi\u00e9n a las empresas solidarias. Esto es verdadero amor al pr\u00f3jimo. No el aborto que hiere de muerte a [&hellip;]<\/p>\n","protected":false},"author":2,"featured_media":1587,"comment_status":"open","ping_status":"open","sticky":false,"template":"","format":"standard","meta":{"spay_email":"","jetpack_publicize_message":"","jetpack_is_tweetstorm":false},"categories":[25,13,14,26],"tags":[],"aioseo_notices":[],"jetpack_featured_media_url":"http:\/\/catolicasmexico.com\/blog\/wp-content\/uploads\/2013\/08\/20130812-110145.jpg","jetpack_publicize_connections":[],"jetpack_shortlink":"https:\/\/wp.me\/p3B5XH-pC","jetpack-related-posts":[{"id":2662,"url":"http:\/\/catolicasmexico.com\/blog\/el-pais-publica-un-sorprendente-reportaje-sobre-la-falta-de-ayudas-a-mujeres-que-no-quieren-abortar\/","url_meta":{"origin":1588,"position":0},"title":"El Pa\u00eds publica un sorprendente reportaje sobre la falta de ayudas a mujeres que no quieren abortar","date":"6 marzo 2014","format":false,"excerpt":"Carmina Garc\u00eda-Vald\u00e9s, directora general de la fundaci\u00f3n RED MADRE. Presentamos este articulo que nos pareci\u00f3 muy interesante, en primer lugar porque fue publicado en un peri\u00f3dico de izquierda y en segundo lugar porque nos parece incre\u00edble el hecho que las madres que desean abortar reciban un sobre de informaci\u00f3n en\u2026","rel":"","context":"En \u00abAborto\u00bb","img":{"alt_text":"","src":"https:\/\/i0.wp.com\/catolicasmexico.com\/blog\/wp-content\/uploads\/2014\/03\/20140306-124919.jpg?resize=350%2C200","width":350,"height":200},"classes":[]},{"id":274,"url":"http:\/\/catolicasmexico.com\/blog\/los-ciudadanos-denuncian-la-manipulacion-del-caso-beatriz-en-el-salvador-para-promover-la-legalizacion-del-aborto\/","url_meta":{"origin":1588,"position":1},"title":"Los ciudadanos denuncian la manipulaci\u00f3n del \"caso Beatriz\", en El Salvador para promover la legalizaci\u00f3n del aborto.","date":"12 mayo 2013","format":false,"excerpt":"M\u00e1s de 50 organizaciones c\u00edvicas, integradas en Red Familia, denuncian la estrategia de presi\u00f3n abortista y ofrecen alternativas. \u00a0 REDACCI\u00d3N HO.-\u00a0La Fundaci\u00f3n\u00a0S\u00ed a la Vida\u00a0de El Salvador traslada a Noticias HO su denuncia y preocupaci\u00f3n por el hecho de que\u00a0el caso de\u00a0Beatriz\u00a0-nombre supuesto para salvaguardar la identidad de una joven\u2026","rel":"","context":"En \u00abAborto\u00bb","img":{"alt_text":"","src":"https:\/\/i0.wp.com\/catolicasmexico.com\/blog\/wp-content\/uploads\/2015\/07\/Julia-Regina-de-Cardenal.jpg?resize=350%2C200","width":350,"height":200},"classes":[]},{"id":849,"url":"http:\/\/catolicasmexico.com\/blog\/estrella-del-super-bowl-rechaza-invitacion-de-obama-por-apoyo-del-mandatario-al-aborto\/","url_meta":{"origin":1588,"position":2},"title":"Estrella del \u201cSuper Bowl\u201d rechaza invitaci\u00f3n de Obama por apoyo del mandatario al aborto","date":"15 junio 2013","format":false,"excerpt":"MINNEAPOLIS, 14 Jun. 13 \/ 05:17 am (ACI\/EWTN Noticias).- El quarterback Matt Brik, estrella de los Ravens de Baltimore -ganador del Super Bowl de este a\u00f1o- se neg\u00f3 a asistir a la reuni\u00f3n de su equipo con el presidente Barack Obama en rechazo a una recientes declaraciones del mandatario en\u2026","rel":"","context":"En \u00abAborto\u00bb","img":{"alt_text":"","src":"","width":0,"height":0},"classes":[]},{"id":864,"url":"http:\/\/catolicasmexico.com\/blog\/madre-mata-a-punaladas-a-su-hijo-autista-y-alega-que-fue-eutanasia\/","url_meta":{"origin":1588,"position":3},"title":"Madre mata a pu\u00f1aladas a su hijo autista y alega que fue eutanasia","date":"17 junio 2013","format":false,"excerpt":"WASHINGTON D.C., 17 Jun. 13 \/ 05:10 am (ACI\/EWTN Noticias).- Dorothy Spourdalakis asesin\u00f3 a su hijo Alex, un adolescente autista de 14 a\u00f1os de edad en la ciudad de Chicago (Estados Unidos), apu\u00f1al\u00e1ndolo cuatro veces en el t\u00f3rax y dos en el coraz\u00f3n, y casi cercen\u00e1ndole la mano. El crimen\u2026","rel":"","context":"En \u00abEutanasia\u00bb","img":{"alt_text":"","src":"","width":0,"height":0},"classes":[]},{"id":613,"url":"http:\/\/catolicasmexico.com\/blog\/buenas-noticias-triunfo-pro-vida-la-corte-suprema-de-el-salvador-no-se-deja-enganar-por-el-supuesto-conflicto-de-intereses\/","url_meta":{"origin":1588,"position":4},"title":"Buenas noticias, triunfo Pro-Vida : La Corte suprema de El salvador no se Deja  enga\u00f1ar por el supuesto \"conflicto de intereses\"","date":"30 mayo 2013","format":false,"excerpt":"El Salvador protege la vida frente al enga\u00f1o abortista. Noticia de HO. \"Los derechos de la madre no pueden privilegiarse sobre los del nasciturus\": la Corte Suprema no se amilana ante el lobby abortista, que con campa\u00f1as como la desatada por Amnist\u00eda Internacional y el IPPF manipulan el caso Beatriz\u2026","rel":"","context":"En \u00abAborto\u00bb","img":{"alt_text":"","src":"https:\/\/i1.wp.com\/catolicasmexico.com\/blog\/wp-content\/uploads\/2013\/05\/image-121.jpeg?resize=350%2C200","width":350,"height":200},"classes":[]},{"id":2878,"url":"http:\/\/catolicasmexico.com\/blog\/ha-tomado-google-partido-por-el-lobby-del-aborto\/","url_meta":{"origin":1588,"position":5},"title":"\u00bfHa tomado Google partido por el lobby del aborto?","date":"30 abril 2014","format":false,"excerpt":"WASHINGTON D.C., 29 Abr. 14 \/ 12:01 pm (ACI).- NARAL Pro Choice America, el principal representante del lobby del aborto en Estados Unidos, ha se\u00f1alado que Google habr\u00eda cedido a su presi\u00f3n para eliminar los anuncios de centros pro-vida de ayuda a las mujeres embarazadas que considera \u201cenga\u00f1osos\u201d, arguyendo que\u2026","rel":"","context":"En \u00abAborto\u00bb","img":{"alt_text":"","src":"https:\/\/i2.wp.com\/catolicasmexico.com\/blog\/wp-content\/uploads\/2014\/04\/20140430-145704.jpg?resize=350%2C200","width":350,"height":200},"classes":[]}],"jetpack_likes_enabled":false,"jetpack_sharing_enabled":true,"_links":{"self":[{"href":"http:\/\/catolicasmexico.com\/blog\/wp-json\/wp\/v2\/posts\/1588"}],"collection":[{"href":"http:\/\/catolicasmexico.com\/blog\/wp-json\/wp\/v2\/posts"}],"about":[{"href":"http:\/\/catolicasmexico.com\/blog\/wp-json\/wp\/v2\/types\/post"}],"author":[{"embeddable":true,"href":"http:\/\/catolicasmexico.com\/blog\/wp-json\/wp\/v2\/users\/2"}],"replies":[{"embeddable":true,"href":"http:\/\/catolicasmexico.com\/blog\/wp-json\/wp\/v2\/comments?post=1588"}],"version-history":[{"count":1,"href":"http:\/\/catolicasmexico.com\/blog\/wp-json\/wp\/v2\/posts\/1588\/revisions"}],"predecessor-version":[{"id":1589,"href":"http:\/\/catolicasmexico.com\/blog\/wp-json\/wp\/v2\/posts\/1588\/revisions\/1589"}],"wp:featuredmedia":[{"embeddable":true,"href":"http:\/\/catolicasmexico.com\/blog\/wp-json\/wp\/v2\/media\/1587"}],"wp:attachment":[{"href":"http:\/\/catolicasmexico.com\/blog\/wp-json\/wp\/v2\/media?parent=1588"}],"wp:term":[{"taxonomy":"category","embeddable":true,"href":"http:\/\/catolicasmexico.com\/blog\/wp-json\/wp\/v2\/categories?post=1588"},{"taxonomy":"post_tag","embeddable":true,"href":"http:\/\/catolicasmexico.com\/blog\/wp-json\/wp\/v2\/tags?post=1588"}],"curies":[{"name":"wp","href":"https:\/\/api.w.org\/{rel}","templated":true}]}}